{"id":24301,"date":"2022-11-16T16:23:13","date_gmt":"2022-11-16T19:23:13","guid":{"rendered":"https:\/\/radiorevelacionfm.cl\/?p=24301"},"modified":"2022-11-16T16:23:13","modified_gmt":"2022-11-16T19:23:13","slug":"seremi-del-mop-patricio-sanhueza-alrededor-de-66-contratos-con-empresas-constructoras-se-beneficiaran-con-reajuste-ante-alza-de-materiales-de-la-construccion","status":"publish","type":"post","link":"https:\/\/radiorevelacionfm.cl\/?p=24301","title":{"rendered":"Seremi del Mop Patricio Sanhueza: \u201cAlrededor de 66 contratos con empresas constructoras se beneficiar\u00e1n con reajuste ante alza de materiales de la construcci\u00f3n\u201d"},"content":{"rendered":"<div class=\"flex_column av_one_full  flex_column_div av-zero-column-padding first  avia-builder-el-0  el_before_av_one_full  avia-builder-el-first  \" style='border-radius:0px; '><div  class='avia-image-container  av-styling-    avia-builder-el-1  avia-builder-el-no-sibling  avia-align-center '  itemprop=\"image\" itemscope=\"itemscope\" itemtype=\"https:\/\/schema.org\/ImageObject\"  ><div class='avia-image-container-inner'><div class='avia-image-overlay-wrap'><img decoding=\"async\" class='wp-image-24302 avia-img-lazy-loading-not-24302 avia_image' src=\"https:\/\/radiorevelacionfm.cl\/wp-content\/uploads\/2022\/11\/ronchi-2-1_optimized.jpg\" alt='' title='ronchi-2-(1)_optimized' height=\"600\" width=\"1071\"  itemprop=\"thumbnailUrl\" srcset=\"https:\/\/radiorevelacionfm.cl\/wp-content\/uploads\/2022\/11\/ronchi-2-1_optimized.jpg 1071w, https:\/\/radiorevelacionfm.cl\/wp-content\/uploads\/2022\/11\/ronchi-2-1_optimized-300x168.jpg 300w, https:\/\/radiorevelacionfm.cl\/wp-content\/uploads\/2022\/11\/ronchi-2-1_optimized-1030x577.jpg 1030w, https:\/\/radiorevelacionfm.cl\/wp-content\/uploads\/2022\/11\/ronchi-2-1_optimized-768x430.jpg 768w, https:\/\/radiorevelacionfm.cl\/wp-content\/uploads\/2022\/11\/ronchi-2-1_optimized-705x395.jpg 705w, https:\/\/radiorevelacionfm.cl\/wp-content\/uploads\/2022\/11\/ronchi-2-1_optimized-600x336.jpg 600w\" sizes=\"(max-width: 1071px) 100vw, 1071px\" \/><\/div><\/div><\/div><\/div><div class=\"flex_column av_one_full  flex_column_div av-zero-column-padding first  avia-builder-el-2  el_after_av_one_full  el_before_av_one_full  column-top-margin\" style='border-radius:0px; '><section class=\"av_textblock_section \"  itemscope=\"itemscope\" itemtype=\"https:\/\/schema.org\/BlogPosting\" itemprop=\"blogPost\" ><div class='avia_textblock  '   itemprop=\"text\" ><p style=\"text-align: center;\"><span style=\"font-size: 18pt;\"><strong>Seremi del Mop Patricio Sanhueza:\u00a0<\/strong><strong>\u201cAlrededor de 66 contratos con empresas constructoras se beneficiar\u00e1n con reajuste ante alza de materiales de la construcci\u00f3n\u201d<\/strong><\/span><\/p>\n<div id=\"gtx-trans\" style=\"position: absolute; left: -50px; top: 4.31534px;\">\n<div class=\"gtx-trans-icon\"><\/div>\n<\/div>\n<\/div><\/section><\/div><div class=\"flex_column av_one_full  flex_column_div av-zero-column-padding first  avia-builder-el-4  el_after_av_one_full  el_before_av_hr  column-top-margin\" style='border-radius:0px; '><section class=\"av_textblock_section \"  itemscope=\"itemscope\" itemtype=\"https:\/\/schema.org\/BlogPosting\" itemprop=\"blogPost\" ><div class='avia_textblock  '   itemprop=\"text\" ><p style=\"text-align: justify;\">El Secretario Regional Ministerial de Obras P\u00fablicas, Patricio Sanhueza Ulloa inform\u00f3 la entrada en vigencia del reajuste polin\u00f3mico en los contratos vigentes de obras p\u00fablicas, medida que implica generar un reajuste extraordinario en los contratos afectados por el aumento de precios de los materiales, basados en la modificaci\u00f3n transitoria al Reglamento de Obras P\u00fablicas (DS75).<\/p>\n<p style=\"text-align: justify;\">Este anuncio efectuado por el ministro de Obras P\u00fablicas Juan Carlos Garc\u00eda esta semana, se aplica a todos los contratos vigentes de las direcciones de Vialidad, Aeropuertos, Obras Portuarias, Arquitectura y Obras Hidr\u00e1ulicas en todo el pa\u00eds y busca reactivar la econom\u00eda y el empleo en la industria de la construcci\u00f3n.<\/p>\n<p style=\"text-align: justify;\">\u201cEl alza de los costos de la construcci\u00f3n ha implicado muchas dificultades para empresas que trabajan con el Ministerio de Obras P\u00fablicas. Es por eso que junto al Ministerio de Hacienda hemos trabajado una medida que ya fue aprobada por la Contralor\u00eda. Es una medida in\u00e9dita, que permitir\u00e1 hacer un reajuste retroactivo a las empresas que actualmente tienen contratos con nosotros. Esta medida tiene un fin importante: que los contratos que tenemos actualmente puedan llegar bien a t\u00e9rmino, y que las empresas que trabajan con el Estado puedan tener una situaci\u00f3n saludable\u201d, se\u00f1al\u00f3 el ministro Garc\u00eda.<\/p>\n<p style=\"text-align: justify;\">Consultado al respecto, el SEREMI del MOP Patricio Sanhueza indic\u00f3 que \u201cEste es un reajuste que va a actuar de manera retroactiva y se va a aplicar a todos los contratos que no hayan sido abandonados y que tengan vigencia desde septiembre del a\u00f1o 2021. Esta medida apunta a dar soluci\u00f3n a obras que en todo el pa\u00eds han tenido o tengan riesgo de incumplimiento y va en la misma l\u00ednea que el presupuesto 2023, en donde queremos avanzar en dar seguridad econ\u00f3mica a los contratos en curso y seguridad social por cuanto vamos a dar certeza a los trabajadores de las empresas que los contratos van a continuar operando. Estas medidas reconocen el aumento de los precios tanto de los materiales como en la mano de obra y permite que las empresas puedan concluir estos contratos, que han significado un esfuerzo para la industria mantenerlos en condiciones de aumento de precios y \u00a0bajo medidas extraordinarias en los momentos m\u00e1s cr\u00edticos de la pandemia\u201d.<\/p>\n<p style=\"text-align: justify;\">\u00a0A nivel nacional esta medida beneficia a 1423 contratos correspondientes a 436 empresas y \u201ca nivel regional se han identificado del orden de 66 contratos que podr\u00edan acogerse a ese beneficio. Desde el Ministerio ya hemos implementado los formularios los que est\u00e1n siendo distribuidos a las empresas constructoras, as\u00ed que esperamos que todas las empresas que puedan acogerse al beneficio lo hagan. Entendemos que es as\u00ed, porque esta es una solicitud que nos han hecho en forma permanente tanto de la C\u00e1mara Chilena de la Construcci\u00f3n Filial Coyhaique como tambi\u00e9n las propias empresas individuales que no integran la C\u00e1mara. As\u00ed que esperamos que esto acontezca a la brevedad. Por nuestra parte, esto implica una gran carga de trabajo para nuestros equipos, pero lo hacemos con muchas ganas entendiendo que con esto avanzamos en dar certezas respecto del empleo y el buen t\u00e9rmino de las obras\u201d, agreg\u00f3 Patricio Sanhueza.<\/p>\n<p style=\"text-align: justify;\">Lo que tambi\u00e9n asegur\u00f3 el ministro de Obras P\u00fabicas Juan Carlos Garc\u00eda \u201cComo Gobierno, nos importa la salud de las empresas, como tambi\u00e9n nos importan los trabajadores de esas empresas. Frente a situaciones extraordinarias, como la que hoy estamos viviendo producto de la pandemia, es necesario aplicar medidas extraordinarias como las que estamos aplicando. No dejaremos de trabajar en conjunto con la industria, de manera que podamos asegurar obras p\u00fablicas de calidad y a tiempo, en todos los rincones del pa\u00eds\u201d.<\/p>\n<p style=\"text-align: justify;\">El reajuste polin\u00f3mico es de car\u00e1cter opcional, se aplicar\u00e1 a todas las empresas que cuenten con estado de pago desde septiembre de 2021, que es el mes con mayor alza de materiales, y las empresas podr\u00e1n realizar la solicitud a las respectivas direcciones del MOP mandantes en sus contratos hasta el 31 de marzo del a\u00f1o 2023.<\/p>\n<\/div><\/section><\/div><div  style='height:50px' class='hr hr-invisible   avia-builder-el-6  el_after_av_one_full  el_before_av_social_share '><span class='hr-inner ' ><span class='hr-inner-style'><\/span><\/span><\/div><\/p>\n<div  class='av-social-sharing-box  avia-builder-el-7  el_after_av_hr  el_before_av_hr  '><div class='av-share-box'><h5 class='av-share-link-description av-no-toc '>Compartir esta noticia<\/h5><ul class='av-share-box-list noLightbox'><li class='av-share-link av-social-link-facebook' ><a target=\"_blank\" aria-label=\"Compartir en Facebook\" href='https:\/\/www.facebook.com\/sharer.php?u=https:\/\/radiorevelacionfm.cl\/?p=24301&#038;t=Seremi%20del%20Mop%20Patricio%20Sanhueza%3A%20%E2%80%9CAlrededor%20de%2066%20contratos%20con%20empresas%20constructoras%20se%20beneficiar%C3%A1n%20con%20reajuste%20ante%20alza%20de%20materiales%20de%20la%20construcci%C3%B3n%E2%80%9D' aria-hidden='false' data-av_icon='\ue8f3' data-av_iconfont='entypo-fontello' title='' data-avia-related-tooltip='Compartir en Facebook' rel=\"noopener\"><span class='avia_hidden_link_text'>Compartir en Facebook<\/span><\/a><\/li><li class='av-share-link av-social-link-twitter' ><a target=\"_blank\" aria-label=\"Compartir en Twitter\" href='https:\/\/twitter.com\/share?text=Seremi%20del%20Mop%20Patricio%20Sanhueza%3A%20%E2%80%9CAlrededor%20de%2066%20contratos%20con%20empresas%20constructoras%20se%20beneficiar%C3%A1n%20con%20reajuste%20ante%20alza%20de%20materiales%20de%20la%20construcci%C3%B3n%E2%80%9D&#038;url=https:\/\/radiorevelacionfm.cl\/?p=24301' aria-hidden='false' data-av_icon='\ue8f1' data-av_iconfont='entypo-fontello' title='' data-avia-related-tooltip='Compartir en Twitter' rel=\"noopener\"><span class='avia_hidden_link_text'>Compartir en Twitter<\/span><\/a><\/li><li class='av-share-link av-social-link-whatsapp' ><a target=\"_blank\" aria-label=\"Compartir en Whatsapp\" href='https:\/\/api.whatsapp.com\/send?text=https:\/\/radiorevelacionfm.cl\/?p=24301' aria-hidden='false' data-av_icon='\uf232' data-av_iconfont='entypo-fontello' title='' data-avia-related-tooltip='Compartir en Whatsapp' rel=\"noopener\"><span class='avia_hidden_link_text'>Compartir en Whatsapp<\/span><\/a><\/li><li class='av-share-link av-social-link-linkedin' ><a target=\"_blank\" aria-label=\"Compartir en LinkedIn\" href='https:\/\/linkedin.com\/shareArticle?mini=true&#038;title=Seremi%20del%20Mop%20Patricio%20Sanhueza%3A%20%E2%80%9CAlrededor%20de%2066%20contratos%20con%20empresas%20constructoras%20se%20beneficiar%C3%A1n%20con%20reajuste%20ante%20alza%20de%20materiales%20de%20la%20construcci%C3%B3n%E2%80%9D&#038;url=https:\/\/radiorevelacionfm.cl\/?p=24301' aria-hidden='false' data-av_icon='\ue8fc' data-av_iconfont='entypo-fontello' title='' data-avia-related-tooltip='Compartir en LinkedIn' rel=\"noopener\"><span class='avia_hidden_link_text'>Compartir en LinkedIn<\/span><\/a><\/li><li class='av-share-link av-social-link-mail' ><a  aria-label=\"Compartir por correo\" href='mailto:?subject=Seremi%20del%20Mop%20Patricio%20Sanhueza%3A%20%E2%80%9CAlrededor%20de%2066%20contratos%20con%20empresas%20constructoras%20se%20beneficiar%C3%A1n%20con%20reajuste%20ante%20alza%20de%20materiales%20de%20la%20construcci%C3%B3n%E2%80%9D&#038;body=https:\/\/radiorevelacionfm.cl\/?p=24301' aria-hidden='false' data-av_icon='\ue805' data-av_iconfont='entypo-fontello' title='' data-avia-related-tooltip='Compartir por correo'><span class='avia_hidden_link_text'>Compartir por correo<\/span><\/a><\/li><\/ul><\/div><\/div>\n<div  style='height:50px' class='hr hr-invisible   avia-builder-el-8  el_after_av_social_share  el_before_av_comments_list '><span class='hr-inner ' ><span class='hr-inner-style'><\/span><\/span><\/div>\n<div  class='av-buildercomment  av-blog-meta-html-info-disabled av-blog-meta-tag-disabled  '><\/div>\n","protected":false},"excerpt":{"rendered":"","protected":false},"author":1,"featured_media":24302,"comment_status":"open","ping_status":"open","sticky":false,"template":"","format":"standard","meta":{"footnotes":""},"categories":[38],"tags":[],"class_list":["post-24301","post","type-post","status-publish","format-standard","has-post-thumbnail","hentry","category-regional"],"jetpack_featured_media_url":"https:\/\/radiorevelacionfm.cl\/wp-content\/uploads\/2022\/11\/ronchi-2-1_optimized.jpg","_links":{"self":[{"href":"https:\/\/radiorevelacionfm.cl\/index.php?rest_route=\/wp\/v2\/posts\/24301","targetHints":{"allow":["GET"]}}],"collection":[{"href":"https:\/\/radiorevelacionfm.cl\/index.php?rest_route=\/wp\/v2\/posts"}],"about":[{"href":"https:\/\/radiorevelacionfm.cl\/index.php?rest_route=\/wp\/v2\/types\/post"}],"author":[{"embeddable":true,"href":"https:\/\/radiorevelacionfm.cl\/index.php?rest_route=\/wp\/v2\/users\/1"}],"replies":[{"embeddable":true,"href":"https:\/\/radiorevelacionfm.cl\/index.php?rest_route=%2Fwp%2Fv2%2Fcomments&post=24301"}],"version-history":[{"count":2,"href":"https:\/\/radiorevelacionfm.cl\/index.php?rest_route=\/wp\/v2\/posts\/24301\/revisions"}],"predecessor-version":[{"id":24304,"href":"https:\/\/radiorevelacionfm.cl\/index.php?rest_route=\/wp\/v2\/posts\/24301\/revisions\/24304"}],"wp:featuredmedia":[{"embeddable":true,"href":"https:\/\/radiorevelacionfm.cl\/index.php?rest_route=\/wp\/v2\/media\/24302"}],"wp:attachment":[{"href":"https:\/\/radiorevelacionfm.cl\/index.php?rest_route=%2Fwp%2Fv2%2Fmedia&parent=24301"}],"wp:term":[{"taxonomy":"category","embeddable":true,"href":"https:\/\/radiorevelacionfm.cl\/index.php?rest_route=%2Fwp%2Fv2%2Fcategories&post=24301"},{"taxonomy":"post_tag","embeddable":true,"href":"https:\/\/radiorevelacionfm.cl\/index.php?rest_route=%2Fwp%2Fv2%2Ftags&post=24301"}],"curies":[{"name":"wp","href":"https:\/\/api.w.org\/{rel}","templated":true}]}}