{"id":24277,"date":"2022-11-16T10:00:04","date_gmt":"2022-11-16T13:00:04","guid":{"rendered":"https:\/\/radiorevelacionfm.cl\/?p=24277"},"modified":"2022-11-16T10:00:04","modified_gmt":"2022-11-16T13:00:04","slug":"en-sector-villa-divisadero-de-coyhaique-se-concreto-la-segunda-jornada-de-atencion-en-terreno-organizada-por-el-minvu","status":"publish","type":"post","link":"https:\/\/radiorevelacionfm.cl\/?p=24277","title":{"rendered":"En sector Villa Divisadero de Coyhaique se concret\u00f3 la segunda jornada de atenci\u00f3n en terreno organizada por el Minvu"},"content":{"rendered":"<div class=\"flex_column av_one_full  flex_column_div av-zero-column-padding first  avia-builder-el-0  el_before_av_one_full  avia-builder-el-first  \" style='border-radius:0px; '><div  class='avia-image-container  av-styling-    avia-builder-el-1  avia-builder-el-no-sibling  avia-align-center '  itemprop=\"image\" itemscope=\"itemscope\" itemtype=\"https:\/\/schema.org\/ImageObject\"  ><div class='avia-image-container-inner'><div class='avia-image-overlay-wrap'><img decoding=\"async\" class='wp-image-24278 avia-img-lazy-loading-not-24278 avia_image' src=\"https:\/\/radiorevelacionfm.cl\/wp-content\/uploads\/2022\/11\/Seremi-de-Vivienda-y-Delegado-Presidencial-Gobierno-en-terreno-sector-Villa-Divisadero-1-1.jpg\" alt='' title='Seremi de Vivienda y Delegado Presidencial - Gobierno en terreno sector Villa Divisadero (1) (1)' height=\"600\" width=\"901\"  itemprop=\"thumbnailUrl\" srcset=\"https:\/\/radiorevelacionfm.cl\/wp-content\/uploads\/2022\/11\/Seremi-de-Vivienda-y-Delegado-Presidencial-Gobierno-en-terreno-sector-Villa-Divisadero-1-1.jpg 901w, https:\/\/radiorevelacionfm.cl\/wp-content\/uploads\/2022\/11\/Seremi-de-Vivienda-y-Delegado-Presidencial-Gobierno-en-terreno-sector-Villa-Divisadero-1-1-300x200.jpg 300w, https:\/\/radiorevelacionfm.cl\/wp-content\/uploads\/2022\/11\/Seremi-de-Vivienda-y-Delegado-Presidencial-Gobierno-en-terreno-sector-Villa-Divisadero-1-1-768x511.jpg 768w, https:\/\/radiorevelacionfm.cl\/wp-content\/uploads\/2022\/11\/Seremi-de-Vivienda-y-Delegado-Presidencial-Gobierno-en-terreno-sector-Villa-Divisadero-1-1-705x469.jpg 705w, https:\/\/radiorevelacionfm.cl\/wp-content\/uploads\/2022\/11\/Seremi-de-Vivienda-y-Delegado-Presidencial-Gobierno-en-terreno-sector-Villa-Divisadero-1-1-600x400.jpg 600w\" sizes=\"(max-width: 901px) 100vw, 901px\" \/><\/div><\/div><\/div><\/div><div class=\"flex_column av_one_full  flex_column_div av-zero-column-padding first  avia-builder-el-2  el_after_av_one_full  el_before_av_one_full  column-top-margin\" style='border-radius:0px; '><section class=\"av_textblock_section \"  itemscope=\"itemscope\" itemtype=\"https:\/\/schema.org\/BlogPosting\" itemprop=\"blogPost\" ><div class='avia_textblock  '   itemprop=\"text\" ><p style=\"text-align: center;\"><span style=\"font-size: 18pt;\"><strong>En sector Villa Divisadero de Coyhaique se concret\u00f3 la segunda jornada de atenci\u00f3n en terreno organizada por el Minvu<\/strong><\/span><\/p>\n<div id=\"gtx-trans\" style=\"position: absolute; left: -50px; top: 4.31534px;\">\n<div class=\"gtx-trans-icon\"><\/div>\n<\/div>\n<\/div><\/section><\/div><div class=\"flex_column av_one_full  flex_column_div av-zero-column-padding first  avia-builder-el-4  el_after_av_one_full  el_before_av_hr  column-top-margin\" style='border-radius:0px; '><section class=\"av_textblock_section \"  itemscope=\"itemscope\" itemtype=\"https:\/\/schema.org\/BlogPosting\" itemprop=\"blogPost\" ><div class='avia_textblock  '   itemprop=\"text\" ><p style=\"text-align: justify;\">En el sector de la Villa Divisadero y Campamento Galp\u00f3n Municipal de Coyhaique se concret\u00f3 este fin de semana la segunda jornada de atenci\u00f3n en terreno organizada durante este semestre por el Ministerio de Vivienda y Urbanismo, actividad que concit\u00f3 gran inter\u00e9s de ni\u00f1os, j\u00f3venes y adultos que fueron atendidos en sus consultas y tr\u00e1mites por una decena de servicios p\u00fablicos que se instalaron en plena calle y en la sede comunitaria.<\/p>\n<p style=\"text-align: justify;\">Esta vez dijeron presentes con su stand y sus funcionarios la Delegaci\u00f3n Presidencial Regional, la CONAF, la JUNJI, Carabineros de Chile (Oficina de Integraci\u00f3n Social), la Oficina de Migraciones, el Registro Civil, la Seremi Salud (Desparasitaci\u00f3n de mascotas), Seguridad P\u00fablica y Seremi de Gobierno, quienes la tarde del s\u00e1bado ofrecieron atenci\u00f3n al p\u00fablico durante m\u00e1s de tres horas.<\/p>\n<p style=\"text-align: justify;\">Senesio Arriagada, presidente de la Junta de Vecinos \u201cLa Toma 2\u201d, valor\u00f3 la presencia de los funcionarios p\u00fablicos en terreno, sobre todo considerando las necesidades que se perciben en ese sector de la ciudad: \u201cEs una facilidad enorme que se le da a la gente, que tiene que aprovechar el sistema, porque a estos funcionarios hoy no les corresponde trabajar, entonces se nota la voluntad que tienen para hacer cosas, para acercarse a la gente y eso es muy bueno. Solo de mi campamento ya han venido m\u00e1s de veinte personas, entonces hay que aprovechar de hacer los tr\u00e1mites, las consultas y es m\u00e1s que destacable que hagan este apoyo para la gente\u201d, manifest\u00f3.<\/p>\n<p style=\"text-align: justify;\">De igual forma la Presidenta de la Junta de vecinos Villa Divisadero, Edith Alarc\u00f3n, agradeci\u00f3 la organizaci\u00f3n de la jornada que permiti\u00f3 realizar diversos tr\u00e1mites y consultas. \u201cPara m\u00ed es excelente que la gente pueda llegar aqu\u00ed a la junta de vecinos. Agradecer a la Seremi de Vivienda que invit\u00f3 a todas estas instituciones porque as\u00ed la gente ya no baja al centro, que eso ya significa una parte monetaria que a veces no tienen, entonces es s\u00faper bueno que vengan aqu\u00ed y participen con la gente de la poblaci\u00f3n. Esperamos que esta actividad siga bien hoy y que se pueda repetir en otras juntas de vecinos para que as\u00ed todos puedan estar trabajando con la gente\u201d, se\u00f1al\u00f3.<\/p>\n<p style=\"text-align: justify;\">Tras un recorrido por los diferentes stands, el Delegado Presidencial Regional, Rodrigo Araya, record\u00f3 que justamente esta es una de las tareas espec\u00edficas encomendadas por el presidente Gabriel B\u00f3ric, como es acercar el Gobierno a las personas. \u201cEstos Gobiernos en terreno, como en este caso el Ministerio de Vivienda que invita a los dem\u00e1s servicios p\u00fablicos, es un ejemplo claro de que s\u00ed se puede hacer. Nos acompa\u00f1a un buen d\u00eda y esperamos que los vecinos sigan viniendo a hacer sus consultas. Hay muchos servicios que est\u00e1n aqu\u00ed para resolver las dudas de la gente y esperamos que al igual que en otros Gobiernos en terreno que hemos hecho, la gente lo pueda aprovechar lo mejor posible\u201d, indic\u00f3.<\/p>\n<p style=\"text-align: justify;\">Para la Seremi de Vivienda, Paulina Ruz, fue muy satisfactorio concretar con \u00e9xito la segunda actividad de este tipo en el semestre, con una entusiasta participaci\u00f3n de los vecinos y vecinas. \u201cYa hab\u00edamos hecho una jornada en el mes de octubre con las familias del campamento Err\u00e1zuriz y ahora en el sector del Galp\u00f3n Municipal donde pudimos ofrecer una variedad de servicios involucrados entregando informaci\u00f3n y tambi\u00e9n actividades a la comunidad. Estas jornadas son satisfactorias, se hacen en el marco de nuestro programa de Asentamientos Precarios y con la total disposici\u00f3n de estar al servicio de la comunidad y de acercar los servicios hacia los sectores que quedan lejos del centro de la ciudad. Por eso esperamos repetir la actividad durante el pr\u00f3ximo a\u00f1o tanto ac\u00e1 en Coyhaique como en otras comunas de la regi\u00f3n de Ays\u00e9n\u201d, precis\u00f3.<\/p>\n<p style=\"text-align: justify;\">Cabe consignar que, en este mismo contexto, ya se est\u00e1 organizando desde la Seremi de Vivienda, el Serviu y la Seremi de la Mujer y Equidad de G\u00e9nero, una nueva actividad en el sector de la Villa Divisadero, esta vez basada en conmemoraci\u00f3n del D\u00eda Internacional de la Eliminaci\u00f3n de la Violencia contra la Mujer, donde tambi\u00e9n se contemplan diversas actividades, como zumba, pinta carita para ni\u00f1os y ni\u00f1as, cuenta cuentos y otras entretenidas sorpresas para las familias del sector.<\/p>\n<\/div><\/section><\/div><div  style='height:50px' class='hr hr-invisible   avia-builder-el-6  el_after_av_one_full  el_before_av_social_share '><span class='hr-inner ' ><span class='hr-inner-style'><\/span><\/span><\/div><\/p>\n<div  class='av-social-sharing-box  avia-builder-el-7  el_after_av_hr  el_before_av_hr  '><div class='av-share-box'><h5 class='av-share-link-description av-no-toc '>Compartir esta noticia<\/h5><ul class='av-share-box-list noLightbox'><li class='av-share-link av-social-link-facebook' ><a target=\"_blank\" aria-label=\"Compartir en Facebook\" href='https:\/\/www.facebook.com\/sharer.php?u=https:\/\/radiorevelacionfm.cl\/?p=24277&#038;t=En%20sector%20Villa%20Divisadero%20de%20Coyhaique%20se%20concret%C3%B3%20la%20segunda%20jornada%20de%20atenci%C3%B3n%20en%20terreno%20organizada%20por%20el%20Minvu' aria-hidden='false' data-av_icon='\ue8f3' data-av_iconfont='entypo-fontello' title='' data-avia-related-tooltip='Compartir en Facebook' rel=\"noopener\"><span class='avia_hidden_link_text'>Compartir en Facebook<\/span><\/a><\/li><li class='av-share-link av-social-link-twitter' ><a target=\"_blank\" aria-label=\"Compartir en Twitter\" href='https:\/\/twitter.com\/share?text=En%20sector%20Villa%20Divisadero%20de%20Coyhaique%20se%20concret%C3%B3%20la%20segunda%20jornada%20de%20atenci%C3%B3n%20en%20terreno%20organizada%20por%20el%20Minvu&#038;url=https:\/\/radiorevelacionfm.cl\/?p=24277' aria-hidden='false' data-av_icon='\ue8f1' data-av_iconfont='entypo-fontello' title='' data-avia-related-tooltip='Compartir en Twitter' rel=\"noopener\"><span class='avia_hidden_link_text'>Compartir en Twitter<\/span><\/a><\/li><li class='av-share-link av-social-link-whatsapp' ><a target=\"_blank\" aria-label=\"Compartir en Whatsapp\" href='https:\/\/api.whatsapp.com\/send?text=https:\/\/radiorevelacionfm.cl\/?p=24277' aria-hidden='false' data-av_icon='\uf232' data-av_iconfont='entypo-fontello' title='' data-avia-related-tooltip='Compartir en Whatsapp' rel=\"noopener\"><span class='avia_hidden_link_text'>Compartir en Whatsapp<\/span><\/a><\/li><li class='av-share-link av-social-link-linkedin' ><a target=\"_blank\" aria-label=\"Compartir en LinkedIn\" href='https:\/\/linkedin.com\/shareArticle?mini=true&#038;title=En%20sector%20Villa%20Divisadero%20de%20Coyhaique%20se%20concret%C3%B3%20la%20segunda%20jornada%20de%20atenci%C3%B3n%20en%20terreno%20organizada%20por%20el%20Minvu&#038;url=https:\/\/radiorevelacionfm.cl\/?p=24277' aria-hidden='false' data-av_icon='\ue8fc' data-av_iconfont='entypo-fontello' title='' data-avia-related-tooltip='Compartir en LinkedIn' rel=\"noopener\"><span class='avia_hidden_link_text'>Compartir en LinkedIn<\/span><\/a><\/li><li class='av-share-link av-social-link-mail' ><a  aria-label=\"Compartir por correo\" href='mailto:?subject=En%20sector%20Villa%20Divisadero%20de%20Coyhaique%20se%20concret%C3%B3%20la%20segunda%20jornada%20de%20atenci%C3%B3n%20en%20terreno%20organizada%20por%20el%20Minvu&#038;body=https:\/\/radiorevelacionfm.cl\/?p=24277' aria-hidden='false' data-av_icon='\ue805' data-av_iconfont='entypo-fontello' title='' data-avia-related-tooltip='Compartir por correo'><span class='avia_hidden_link_text'>Compartir por correo<\/span><\/a><\/li><\/ul><\/div><\/div>\n<div  style='height:50px' class='hr hr-invisible   avia-builder-el-8  el_after_av_social_share  el_before_av_comments_list '><span class='hr-inner ' ><span class='hr-inner-style'><\/span><\/span><\/div>\n<div  class='av-buildercomment  av-blog-meta-html-info-disabled av-blog-meta-tag-disabled  '><\/div>\n","protected":false},"excerpt":{"rendered":"","protected":false},"author":1,"featured_media":24278,"comment_status":"open","ping_status":"open","sticky":false,"template":"","format":"standard","meta":{"footnotes":""},"categories":[38],"tags":[],"class_list":["post-24277","post","type-post","status-publish","format-standard","has-post-thumbnail","hentry","category-regional"],"jetpack_featured_media_url":"https:\/\/radiorevelacionfm.cl\/wp-content\/uploads\/2022\/11\/Seremi-de-Vivienda-y-Delegado-Presidencial-Gobierno-en-terreno-sector-Villa-Divisadero-1-1.jpg","_links":{"self":[{"href":"https:\/\/radiorevelacionfm.cl\/index.php?rest_route=\/wp\/v2\/posts\/24277","targetHints":{"allow":["GET"]}}],"collection":[{"href":"https:\/\/radiorevelacionfm.cl\/index.php?rest_route=\/wp\/v2\/posts"}],"about":[{"href":"https:\/\/radiorevelacionfm.cl\/index.php?rest_route=\/wp\/v2\/types\/post"}],"author":[{"embeddable":true,"href":"https:\/\/radiorevelacionfm.cl\/index.php?rest_route=\/wp\/v2\/users\/1"}],"replies":[{"embeddable":true,"href":"https:\/\/radiorevelacionfm.cl\/index.php?rest_route=%2Fwp%2Fv2%2Fcomments&post=24277"}],"version-history":[{"count":2,"href":"https:\/\/radiorevelacionfm.cl\/index.php?rest_route=\/wp\/v2\/posts\/24277\/revisions"}],"predecessor-version":[{"id":24280,"href":"https:\/\/radiorevelacionfm.cl\/index.php?rest_route=\/wp\/v2\/posts\/24277\/revisions\/24280"}],"wp:featuredmedia":[{"embeddable":true,"href":"https:\/\/radiorevelacionfm.cl\/index.php?rest_route=\/wp\/v2\/media\/24278"}],"wp:attachment":[{"href":"https:\/\/radiorevelacionfm.cl\/index.php?rest_route=%2Fwp%2Fv2%2Fmedia&parent=24277"}],"wp:term":[{"taxonomy":"category","embeddable":true,"href":"https:\/\/radiorevelacionfm.cl\/index.php?rest_route=%2Fwp%2Fv2%2Fcategories&post=24277"},{"taxonomy":"post_tag","embeddable":true,"href":"https:\/\/radiorevelacionfm.cl\/index.php?rest_route=%2Fwp%2Fv2%2Ftags&post=24277"}],"curies":[{"name":"wp","href":"https:\/\/api.w.org\/{rel}","templated":true}]}}