{"id":24272,"date":"2022-11-16T15:57:50","date_gmt":"2022-11-16T18:57:50","guid":{"rendered":"https:\/\/radiorevelacionfm.cl\/?p=24272"},"modified":"2022-11-16T15:57:50","modified_gmt":"2022-11-16T18:57:50","slug":"sistema-mixto-mejores-pensiones-para-chile","status":"publish","type":"post","link":"https:\/\/radiorevelacionfm.cl\/?p=24272","title":{"rendered":"Sistema Mixto: Mejores pensiones para Chile"},"content":{"rendered":"<div class=\"flex_column av_one_full  flex_column_div av-zero-column-padding first  avia-builder-el-0  el_before_av_one_full  avia-builder-el-first  \" style='border-radius:0px; '><div  class='avia-image-container  av-styling-    avia-builder-el-1  avia-builder-el-no-sibling  avia-align-center '  itemprop=\"image\" itemscope=\"itemscope\" itemtype=\"https:\/\/schema.org\/ImageObject\"  ><div class='avia-image-container-inner'><div class='avia-image-overlay-wrap'><img decoding=\"async\" class='wp-image-20295 avia-img-lazy-loading-not-20295 avia_image' src=\"https:\/\/radiorevelacionfm.cl\/wp-content\/uploads\/2022\/08\/Tatiana-Pla-seremi-de-Gobierno-Aysen-1-1.jpg\" alt='' title='Tatiana-Pla-seremi-de-Gobierno-Aysen (1) (1)' height=\"600\" width=\"1041\"  itemprop=\"thumbnailUrl\" srcset=\"https:\/\/radiorevelacionfm.cl\/wp-content\/uploads\/2022\/08\/Tatiana-Pla-seremi-de-Gobierno-Aysen-1-1.jpg 1041w, https:\/\/radiorevelacionfm.cl\/wp-content\/uploads\/2022\/08\/Tatiana-Pla-seremi-de-Gobierno-Aysen-1-1-300x173.jpg 300w, https:\/\/radiorevelacionfm.cl\/wp-content\/uploads\/2022\/08\/Tatiana-Pla-seremi-de-Gobierno-Aysen-1-1-1030x594.jpg 1030w, https:\/\/radiorevelacionfm.cl\/wp-content\/uploads\/2022\/08\/Tatiana-Pla-seremi-de-Gobierno-Aysen-1-1-768x443.jpg 768w, https:\/\/radiorevelacionfm.cl\/wp-content\/uploads\/2022\/08\/Tatiana-Pla-seremi-de-Gobierno-Aysen-1-1-705x406.jpg 705w, https:\/\/radiorevelacionfm.cl\/wp-content\/uploads\/2022\/08\/Tatiana-Pla-seremi-de-Gobierno-Aysen-1-1-600x346.jpg 600w\" sizes=\"(max-width: 1041px) 100vw, 1041px\" \/><\/div><\/div><\/div><\/div><div class=\"flex_column av_one_full  flex_column_div av-zero-column-padding first  avia-builder-el-2  el_after_av_one_full  el_before_av_one_full  column-top-margin\" style='border-radius:0px; '><section class=\"av_textblock_section \"  itemscope=\"itemscope\" itemtype=\"https:\/\/schema.org\/BlogPosting\" itemprop=\"blogPost\" ><div class='avia_textblock  '   itemprop=\"text\" ><p style=\"text-align: center;\"><strong><span style=\"font-size: 18pt;\">Sistema Mixto: Mejores pensiones para Chile<\/span><\/strong><\/p>\n<div id=\"gtx-trans\" style=\"position: absolute; left: -50px; top: 4.31534px;\">\n<div class=\"gtx-trans-icon\"><\/div>\n<\/div>\n<\/div><\/section><\/div><div class=\"flex_column av_one_full  flex_column_div av-zero-column-padding first  avia-builder-el-4  el_after_av_one_full  el_before_av_hr  column-top-margin\" style='border-radius:0px; '><section class=\"av_textblock_section \"  itemscope=\"itemscope\" itemtype=\"https:\/\/schema.org\/BlogPosting\" itemprop=\"blogPost\" ><div class='avia_textblock  '   itemprop=\"text\" ><p class=\"v1MsoNormal\" style=\"text-align: justify;\">Los chilenos y las chilenas llevan a\u00f1os, e incluso d\u00e9cadas, demandando mejores pensiones. Son miles las personas mayores que ven c\u00f3mo a\u00f1os de esfuerzo individual no se ven reconocidos. Millones de personas quedan condenadas a su suerte, obligadas a seguir trabajando o a la merced de la asistencia de sus familias.<\/p>\n<p class=\"v1MsoNormal\" style=\"text-align: justify;\">Esta realidad no puede continuar. Por eso es que \u00abnuestro Gobierno ha asumido la tarea de avanzar decididamente en lograr mejores pensiones para todas las personas, que reconozcan el esfuerzo de toda una vida de trabajo remunerado (y no remunerado) y cuidados\u00bb, expres\u00f3 la Seremi de Gobierno Tatiana Pl\u00e1.<\/p>\n<p class=\"v1MsoNormal\" style=\"text-align: justify;\">Es por esto que la reforma que proponemos \u00abtiene como principal objetivo\u00a0reconocer el esfuerzo individual y garantizar mejores pensiones por medio de un sistema mixto (p\u00fablico\/privado) en el que las personas podr\u00e1n optar con libertad sobre qu\u00e9 entidades invertir\u00e1n sus ahorros previsionales\u00bb dijo.<\/p>\n<p class=\"v1MsoNormal\" style=\"text-align: justify;\">Para lograr el objetivo que esta reforma propone, nuestro proyecto incorpora la\u00a0creaci\u00f3n de un Fondo Integrado de Pensiones financiado con un incremento del\u00a06% de la cotizaci\u00f3n en base al aporte de los empleadores. Este fondo, que es\u00a0complementario al aporte de cada trabajador, permitir\u00e1 mejorar significativamente las pensiones desde hoy, y garantizar\u00e1 un aumento de las\u00a0pensiones futuras, respetando el ahorro individual y reconociendo el esfuerzo delas personas cuidadoras, de las mujeres que cuidaron a sus hijos y de todas\u00a0aquellas personas que, por diversos motivos tales como enfermedades o\u00a0desempleo, generaron lagunas durante su vida laboral.\u00a0Junto a esto, la reforma avanzar\u00e1 en la eliminaci\u00f3n de los dobles cobros y\u00a0comisiones que el actual sistema de pensiones tiene.<\/p>\n<p class=\"v1MsoNormal\" style=\"text-align: justify;\"><b>Para destacar de la Reforma:<\/b><\/p>\n<p class=\"v1MsoNormal\" style=\"text-align: justify;\">\u25cf Mejora inmediatamente las pensiones.<\/p>\n<p class=\"v1MsoNormal\" style=\"text-align: justify;\">\u25cf Valora el trabajo personal, mantiene el ahorro individual y protege su propiedad.<\/p>\n<p class=\"v1MsoNormal\" style=\"text-align: justify;\">\u25cf Fortalece la libertad para elegir.<\/p>\n<p class=\"v1MsoNormal\" style=\"text-align: justify;\">\u25cf Crea un sistema mixto, con un agente p\u00fablico y actores privados, que generar\u00e1\u00a0mejores pensiones.<\/p>\n<p class=\"v1MsoNormal\" style=\"text-align: justify;\">\u25cf Establece una cotizaci\u00f3n financiada por los empleadores, que mejorar\u00e1 las\u00a0cuentas personales de todos y terminar\u00e1 con la discriminaci\u00f3n hacia las mujeres.<\/p>\n<p class=\"v1MsoNormal\" style=\"text-align: justify;\">\u25cf Deja atr\u00e1s un sistema extremo, que no ha cumplido con las expectativas que se\u00a0pusieron en \u00e9l y que exhibe reconocidas deficiencias.<\/p>\n<p class=\"v1MsoNormal\" style=\"text-align: justify;\">Con nuestra reforma creamos un Sistema Mixto de Pensiones con el que\u00a0vamos a subir de forma inmediata las pensiones de los actuales jubilados, una vez aprobado el proyecto, y contribuiremos a aumentar las pensiones\u00a0de los futuros jubilados.<\/p>\n<p class=\"v1MsoNormal\" style=\"text-align: justify;\">Con este proyecto dejaremos atr\u00e1s un sistema extremo, que no ha\u00a0cumplido con las promesas de sus creadores y que tiene deficiencias\u00a0conocidas por todos.<\/p>\n<p class=\"v1MsoNormal\" style=\"text-align: justify;\">Pasaremos a tener un sistema mixto, con un inversor p\u00fablico y actores\u00a0privados, y con aportes del Estado, de los trabajadores y los empleadores,\u00a0para lo cual no partimos de cero, sino que lo construimos bas\u00e1ndonos en\u00a0los modelos de pensiones que predominan en la OCDE.<\/p>\n<p class=\"v1MsoNormal\" style=\"text-align: justify;\">La propuesta valora el trabajo personal, se mantiene el ahorro individual\u00a0de los trabajadores y se protege su propiedad. Adem\u00e1s, las personas\u00a0tendr\u00e1n la libertad de elegir qui\u00e9n gestiona sus ahorros: el Inversor de\u00a0Pensiones P\u00fablico y Aut\u00f3nomo o inversores de pensiones privados.<\/p>\n<p class=\"v1MsoNormal\" style=\"text-align: justify;\">Se termina el modelo de las AFP. Existir\u00e1n inversores privados, con el\u00a0objeto exclusivo de invertir fondos previsionales y habr\u00e1 una alternativa\u00a0pu\u0301blica, que permitir\u00e1 promover la competencia con la entrada de nuevos\u00a0actores. En tanto, el servicio de atencio\u0301n para los afiliados, la recaudacio\u0301n\u00a0de cotizaciones, cartolas, pagos de pensiones, cobranza, sera\u0301 centralizado\u00a0en una entidad pu\u0301blica sin fines de lucro, que permitira\u0301 una baja\u00a0sustantiva de las comisiones que pagan los afiliados.<\/p>\n<p class=\"v1MsoNormal\" style=\"text-align: justify;\">Nuestro proyecto plantea la creaci\u00f3n de una nueva cotizaci\u00f3n de 6% con\u00a0cargo a los empleadores, la que se implementar\u00e1 con gradualidad, con el\u00a0fin de que las empresas puedan ir adapt\u00e1ndose a este cambio y logren\u00a0mitigar los impactos. As\u00ed, se implementar\u00e1 dentro de un plazo de seis\u00a0a\u00f1os desde la entrada en vigencia de la reforma, subiendo 1 punto\u00a0porcentual cada a\u00f1o.<\/p>\n<p class=\"v1MsoNormal\" style=\"text-align: justify;\">Con el aporte adicional de los empleadores se crear\u00e1 un Seguro Social que\u00a0permitir\u00e1 mejorar las pensiones de todos y todas y permitir\u00e1 terminar con\u00a0la discriminaci\u00f3n hacia las mujeres, quienes, en general, reciben\u00a0pensiones m\u00e1s bajas que los hombres. Adem\u00e1s, este seguro social\u00a0entregar\u00e1 m\u00faltiples beneficios: pensi\u00f3n de sobrevivencia, un bono para\u00a0compensar las brechas de g\u00e9nero en el monto de las pensiones,\u00a0complemento a madres biol\u00f3gicas o adoptivas, complemento por cuidado\u00a0de terceros y complemento por lagunas de cesant\u00eda, entre otros.<\/p>\n<p class=\"v1MsoNormal\" style=\"text-align: justify;\">La reforma reemplaza el retiro programado por una renta vitalicia en la\u00a0que todo trabajador podr\u00e1 optar por dejar una herencia. La renta vitalicia\u00a0con opci\u00f3n de herencia combina lo mejor del retiro programado y de la\u00a0renta vitalicia, ya que otorga una pensi\u00f3n estable para toda la vida y a la\u00a0vez permite dejar herencia. Tambi\u00e9n se podr\u00e1 optar a una renta vitalicia\u00a0sin herencia, pero que entrega una pensi\u00f3n m\u00e1s alta.<\/p>\n<\/div><\/section><\/div><div  style='height:50px' class='hr hr-invisible   avia-builder-el-6  el_after_av_one_full  el_before_av_social_share '><span class='hr-inner ' ><span class='hr-inner-style'><\/span><\/span><\/div><\/p>\n<div  class='av-social-sharing-box  avia-builder-el-7  el_after_av_hr  el_before_av_hr  '><div class='av-share-box'><h5 class='av-share-link-description av-no-toc '>Compartir esta noticia<\/h5><ul class='av-share-box-list noLightbox'><li class='av-share-link av-social-link-facebook' ><a target=\"_blank\" aria-label=\"Compartir en Facebook\" href='https:\/\/www.facebook.com\/sharer.php?u=https:\/\/radiorevelacionfm.cl\/?p=24272&#038;t=Sistema%20Mixto%3A%20Mejores%20pensiones%20para%20Chile' aria-hidden='false' data-av_icon='\ue8f3' data-av_iconfont='entypo-fontello' title='' data-avia-related-tooltip='Compartir en Facebook' rel=\"noopener\"><span class='avia_hidden_link_text'>Compartir en Facebook<\/span><\/a><\/li><li class='av-share-link av-social-link-twitter' ><a target=\"_blank\" aria-label=\"Compartir en Twitter\" href='https:\/\/twitter.com\/share?text=Sistema%20Mixto%3A%20Mejores%20pensiones%20para%20Chile&#038;url=https:\/\/radiorevelacionfm.cl\/?p=24272' aria-hidden='false' data-av_icon='\ue8f1' data-av_iconfont='entypo-fontello' title='' data-avia-related-tooltip='Compartir en Twitter' rel=\"noopener\"><span class='avia_hidden_link_text'>Compartir en Twitter<\/span><\/a><\/li><li class='av-share-link av-social-link-whatsapp' ><a target=\"_blank\" aria-label=\"Compartir en Whatsapp\" href='https:\/\/api.whatsapp.com\/send?text=https:\/\/radiorevelacionfm.cl\/?p=24272' aria-hidden='false' data-av_icon='\uf232' data-av_iconfont='entypo-fontello' title='' data-avia-related-tooltip='Compartir en Whatsapp' rel=\"noopener\"><span class='avia_hidden_link_text'>Compartir en Whatsapp<\/span><\/a><\/li><li class='av-share-link av-social-link-linkedin' ><a target=\"_blank\" aria-label=\"Compartir en LinkedIn\" href='https:\/\/linkedin.com\/shareArticle?mini=true&#038;title=Sistema%20Mixto%3A%20Mejores%20pensiones%20para%20Chile&#038;url=https:\/\/radiorevelacionfm.cl\/?p=24272' aria-hidden='false' data-av_icon='\ue8fc' data-av_iconfont='entypo-fontello' title='' data-avia-related-tooltip='Compartir en LinkedIn' rel=\"noopener\"><span class='avia_hidden_link_text'>Compartir en LinkedIn<\/span><\/a><\/li><li class='av-share-link av-social-link-mail' ><a  aria-label=\"Compartir por correo\" href='mailto:?subject=Sistema%20Mixto%3A%20Mejores%20pensiones%20para%20Chile&#038;body=https:\/\/radiorevelacionfm.cl\/?p=24272' aria-hidden='false' data-av_icon='\ue805' data-av_iconfont='entypo-fontello' title='' data-avia-related-tooltip='Compartir por correo'><span class='avia_hidden_link_text'>Compartir por correo<\/span><\/a><\/li><\/ul><\/div><\/div>\n<div  style='height:50px' class='hr hr-invisible   avia-builder-el-8  el_after_av_social_share  el_before_av_comments_list '><span class='hr-inner ' ><span class='hr-inner-style'><\/span><\/span><\/div>\n<div  class='av-buildercomment  av-blog-meta-html-info-disabled av-blog-meta-tag-disabled  '><\/div>\n","protected":false},"excerpt":{"rendered":"","protected":false},"author":1,"featured_media":20295,"comment_status":"open","ping_status":"open","sticky":false,"template":"","format":"standard","meta":{"footnotes":""},"categories":[38],"tags":[],"class_list":["post-24272","post","type-post","status-publish","format-standard","has-post-thumbnail","hentry","category-regional"],"jetpack_featured_media_url":"https:\/\/radiorevelacionfm.cl\/wp-content\/uploads\/2022\/08\/Tatiana-Pla-seremi-de-Gobierno-Aysen-1-1.jpg","_links":{"self":[{"href":"https:\/\/radiorevelacionfm.cl\/index.php?rest_route=\/wp\/v2\/posts\/24272","targetHints":{"allow":["GET"]}}],"collection":[{"href":"https:\/\/radiorevelacionfm.cl\/index.php?rest_route=\/wp\/v2\/posts"}],"about":[{"href":"https:\/\/radiorevelacionfm.cl\/index.php?rest_route=\/wp\/v2\/types\/post"}],"author":[{"embeddable":true,"href":"https:\/\/radiorevelacionfm.cl\/index.php?rest_route=\/wp\/v2\/users\/1"}],"replies":[{"embeddable":true,"href":"https:\/\/radiorevelacionfm.cl\/index.php?rest_route=%2Fwp%2Fv2%2Fcomments&post=24272"}],"version-history":[{"count":2,"href":"https:\/\/radiorevelacionfm.cl\/index.php?rest_route=\/wp\/v2\/posts\/24272\/revisions"}],"predecessor-version":[{"id":24300,"href":"https:\/\/radiorevelacionfm.cl\/index.php?rest_route=\/wp\/v2\/posts\/24272\/revisions\/24300"}],"wp:featuredmedia":[{"embeddable":true,"href":"https:\/\/radiorevelacionfm.cl\/index.php?rest_route=\/wp\/v2\/media\/20295"}],"wp:attachment":[{"href":"https:\/\/radiorevelacionfm.cl\/index.php?rest_route=%2Fwp%2Fv2%2Fmedia&parent=24272"}],"wp:term":[{"taxonomy":"category","embeddable":true,"href":"https:\/\/radiorevelacionfm.cl\/index.php?rest_route=%2Fwp%2Fv2%2Fcategories&post=24272"},{"taxonomy":"post_tag","embeddable":true,"href":"https:\/\/radiorevelacionfm.cl\/index.php?rest_route=%2Fwp%2Fv2%2Ftags&post=24272"}],"curies":[{"name":"wp","href":"https:\/\/api.w.org\/{rel}","templated":true}]}}