{"id":24269,"date":"2022-11-16T09:08:57","date_gmt":"2022-11-16T12:08:57","guid":{"rendered":"https:\/\/radiorevelacionfm.cl\/?p=24269"},"modified":"2022-11-16T09:08:57","modified_gmt":"2022-11-16T12:08:57","slug":"estudiantes-de-la-uaysen-visitan-universidad-de-chile-para-conocer-nueva-formas-de-organizacion-estudiantil","status":"publish","type":"post","link":"https:\/\/radiorevelacionfm.cl\/?p=24269","title":{"rendered":"Estudiantes de la UAys\u00e9n visitan Universidad de Chile para conocer nueva formas de organizaci\u00f3n estudiantil"},"content":{"rendered":"<div class=\"flex_column av_one_full  flex_column_div av-zero-column-padding first  avia-builder-el-0  el_before_av_one_full  avia-builder-el-first  \" style='border-radius:0px; '><div  class='avia-image-container  av-styling-    avia-builder-el-1  avia-builder-el-no-sibling  avia-align-center '  itemprop=\"image\" itemscope=\"itemscope\" itemtype=\"https:\/\/schema.org\/ImageObject\"  ><div class='avia-image-container-inner'><div class='avia-image-overlay-wrap'><img decoding=\"async\" class='wp-image-24270 avia-img-lazy-loading-not-24270 avia_image' src=\"https:\/\/radiorevelacionfm.cl\/wp-content\/uploads\/2022\/11\/UChile-2-2.jpg\" alt='' title='UChile-2-2' height=\"600\" width=\"771\"  itemprop=\"thumbnailUrl\" srcset=\"https:\/\/radiorevelacionfm.cl\/wp-content\/uploads\/2022\/11\/UChile-2-2.jpg 771w, https:\/\/radiorevelacionfm.cl\/wp-content\/uploads\/2022\/11\/UChile-2-2-300x233.jpg 300w, https:\/\/radiorevelacionfm.cl\/wp-content\/uploads\/2022\/11\/UChile-2-2-768x598.jpg 768w, https:\/\/radiorevelacionfm.cl\/wp-content\/uploads\/2022\/11\/UChile-2-2-705x549.jpg 705w, https:\/\/radiorevelacionfm.cl\/wp-content\/uploads\/2022\/11\/UChile-2-2-600x467.jpg 600w\" sizes=\"(max-width: 771px) 100vw, 771px\" \/><\/div><\/div><\/div><\/div>\n<div class=\"flex_column av_one_full  flex_column_div av-zero-column-padding first  avia-builder-el-2  el_after_av_one_full  el_before_av_one_full  column-top-margin\" style='border-radius:0px; '><section class=\"av_textblock_section \"  itemscope=\"itemscope\" itemtype=\"https:\/\/schema.org\/BlogPosting\" itemprop=\"blogPost\" ><div class='avia_textblock  '   itemprop=\"text\" ><p style=\"text-align: center;\"><strong><span style=\"font-size: 18pt;\">Estudiantes de la Uays\u00e9n visitan Universidad de Chile para conocer nueva formas de organizaci\u00f3n estudiantil<\/span><\/strong><\/p>\n<div id=\"gtx-trans\" style=\"position: absolute; left: -50px; top: 4.31534px;\">\n<div class=\"gtx-trans-icon\"><\/div>\n<\/div>\n<\/div><\/section><\/div>\n<div class=\"flex_column av_one_full  flex_column_div av-zero-column-padding first  avia-builder-el-4  el_after_av_one_full  el_before_av_hr  column-top-margin\" style='border-radius:0px; '><section class=\"av_textblock_section \"  itemscope=\"itemscope\" itemtype=\"https:\/\/schema.org\/BlogPosting\" itemprop=\"blogPost\" ><div class='avia_textblock  '   itemprop=\"text\" ><p style=\"text-align: justify;\">Una delegaci\u00f3n de 10 estudiantes recorri\u00f3 las dependencias de la casa de Bello para constatar las distintas experiencias de sus estudiantes.<\/p>\n<p style=\"text-align: justify;\">Con el objetivo principal de reconocer distintas maneras de organizaci\u00f3n, c\u00f3mo construir desde lo p\u00fablico y la importancia de la formaci\u00f3n ciudadana, estudiantes de la Universidad de Ays\u00e9n de las carreras de enfermer\u00eda, obstetricia, ingenier\u00eda civil industrial, ingenier\u00eda civil inform\u00e1tica, trabajo social y psicolog\u00eda, intercambiaron experiencias y conocimientos relativos a temas transversales de inter\u00e9s estudiantil, m\u00e1s all\u00e1 de las propias carreras.<\/p>\n<p style=\"text-align: justify;\">Camilla Molettieri, Encargada de asociatividad y liderazgo, de la Unidad de Desarrollo Estudiantil de la UAys\u00e9n, destaca la excelente acogida por parte de la universidad de Chile. Adem\u00e1s, cuenta que \u201ca nivel te\u00f3rico y de gesti\u00f3n fue un aprendizaje, un abordaje de necesidades transversales, desde donde surgen temas m\u00e1s permanentes y m\u00e1s amplios, como desmitificar que las movilizaciones estudiantiles son algo negativo, y la importancia del uso de los espacios. Adem\u00e1s, hay un desfase cultural desde los territorios extremos, en relaci\u00f3n a todo, que tiene que ver con los espacios urbanos y espacios rurales y por ello tambi\u00e9n la formaci\u00f3n ciudadana, que est\u00e1 m\u00e1s vinculada a la ciudad, a ser la primera generaci\u00f3n familiar y en un territorio en que nunca hubo universidad hasta hace pocos a\u00f1os\u201d, coment\u00f3.<\/p>\n<p style=\"text-align: justify;\">Dentro del cronograma de actividades, las y los estudiantes visitaron el Campus Beauchef, para conocer el trabajo con preuniversitarios populares y el trabajo con estatutos y org\u00e1nica estudiantil, del centro de estudiantes de ingenier\u00eda.<\/p>\n<p style=\"text-align: justify;\">Juan Bascu\u00f1\u00e1n, estudiante de Ingenier\u00eda Civil Industrial de la UAys\u00e9n, destaca que \u201cde las cosas que vimos all\u00e1 que me marcaron mucho y que yo creo que se pueden aplicar en la Universidad de Ays\u00e9n, primero, los voluntariados, porque la universidad al ser p\u00fablica tiene que tener ese esp\u00edritu p\u00fablico, y tambi\u00e9n lo de los preuniversitarios populares, en el mismo \u00e1mbito del servicio a la comunidad, yo creo que ser\u00edan instancias muy buenas\u201d, indic\u00f3.<\/p>\n<p style=\"text-align: justify;\">El encuentro contempl\u00f3, adem\u00e1s, la participaci\u00f3n en el Encuentro Ampliado de Organizaciones Estudiantiles en la Casa Central, una visita a la Escuela de Teatro y Dise\u00f1o, una jornada de trabajo con colectivos de arte y cultura y la visita al Campus Salud Doctora Elo\u00edsa D\u00edaz, adem\u00e1s de una visita a la Subsecretar\u00eda de Educaci\u00f3n Superior.<\/p>\n<p style=\"text-align: justify;\">Michelle Shilling, estudiante de Trabajo Social de la UAys\u00e9n, comenta que \u201cuno de los mayores aprendizajes fue tener una idea m\u00e1s clara de c\u00f3mo llevar a cabo la organizaci\u00f3n de los grupos de estudiantes y que a veces no se necesita tener a m\u00e1s de 20 estudiantes trabajando para realizar algo, si hay ganas\u201d, indic\u00f3.<\/p>\n<p style=\"text-align: justify;\">La estudiante agrega que \u201cme llam\u00f3 la atenci\u00f3n la motivaci\u00f3n que tienen las y los estudiantes de distintas \u00e1reas para llevar a cabo las cosas. Tambi\u00e9n me llam\u00f3 la atenci\u00f3n c\u00f3mo han llevado a cabo el tema de las pol\u00edticas de g\u00e9nero y los problemas que se han dado a lo largo del tiempo en temas como el acoso y fueron grandes ideas que se podr\u00edan trabajar ac\u00e1\u201d.<\/p>\n<p style=\"text-align: justify;\">Este intercambio de experiencias y conocimientos, cuyo aprendizaje es bidireccional,\u00a0 culminar\u00e1 con la visita de estudiantes de la Universidad de Chile a la Universidad de Ays\u00e9n.<\/p>\n<\/div><\/section><\/div><div  style='height:50px' class='hr hr-invisible   avia-builder-el-6  el_after_av_one_full  el_before_av_social_share '><span class='hr-inner ' ><span class='hr-inner-style'><\/span><\/span><\/div><\/p>\n<div  class='av-social-sharing-box  avia-builder-el-7  el_after_av_hr  el_before_av_hr  '><div class='av-share-box'><h5 class='av-share-link-description av-no-toc '>Compartir esta noticia<\/h5><ul class='av-share-box-list noLightbox'><li class='av-share-link av-social-link-facebook' ><a target=\"_blank\" aria-label=\"Compartir en Facebook\" href='https:\/\/www.facebook.com\/sharer.php?u=https:\/\/radiorevelacionfm.cl\/?p=24269&#038;t=Estudiantes%20de%20la%20UAys%C3%A9n%20visitan%20Universidad%20de%20Chile%20para%20conocer%20nueva%20formas%20de%20organizaci%C3%B3n%20estudiantil' aria-hidden='false' data-av_icon='\ue8f3' data-av_iconfont='entypo-fontello' title='' data-avia-related-tooltip='Compartir en Facebook' rel=\"noopener\"><span class='avia_hidden_link_text'>Compartir en Facebook<\/span><\/a><\/li><li class='av-share-link av-social-link-twitter' ><a target=\"_blank\" aria-label=\"Compartir en Twitter\" href='https:\/\/twitter.com\/share?text=Estudiantes%20de%20la%20UAys%C3%A9n%20visitan%20Universidad%20de%20Chile%20para%20conocer%20nueva%20formas%20de%20organizaci%C3%B3n%20estudiantil&#038;url=https:\/\/radiorevelacionfm.cl\/?p=24269' aria-hidden='false' data-av_icon='\ue8f1' data-av_iconfont='entypo-fontello' title='' data-avia-related-tooltip='Compartir en Twitter' rel=\"noopener\"><span class='avia_hidden_link_text'>Compartir en Twitter<\/span><\/a><\/li><li class='av-share-link av-social-link-whatsapp' ><a target=\"_blank\" aria-label=\"Compartir en Whatsapp\" href='https:\/\/api.whatsapp.com\/send?text=https:\/\/radiorevelacionfm.cl\/?p=24269' aria-hidden='false' data-av_icon='\uf232' data-av_iconfont='entypo-fontello' title='' data-avia-related-tooltip='Compartir en Whatsapp' rel=\"noopener\"><span class='avia_hidden_link_text'>Compartir en Whatsapp<\/span><\/a><\/li><li class='av-share-link av-social-link-linkedin' ><a target=\"_blank\" aria-label=\"Compartir en LinkedIn\" href='https:\/\/linkedin.com\/shareArticle?mini=true&#038;title=Estudiantes%20de%20la%20UAys%C3%A9n%20visitan%20Universidad%20de%20Chile%20para%20conocer%20nueva%20formas%20de%20organizaci%C3%B3n%20estudiantil&#038;url=https:\/\/radiorevelacionfm.cl\/?p=24269' aria-hidden='false' data-av_icon='\ue8fc' data-av_iconfont='entypo-fontello' title='' data-avia-related-tooltip='Compartir en LinkedIn' rel=\"noopener\"><span class='avia_hidden_link_text'>Compartir en LinkedIn<\/span><\/a><\/li><li class='av-share-link av-social-link-mail' ><a  aria-label=\"Compartir por correo\" href='mailto:?subject=Estudiantes%20de%20la%20UAys%C3%A9n%20visitan%20Universidad%20de%20Chile%20para%20conocer%20nueva%20formas%20de%20organizaci%C3%B3n%20estudiantil&#038;body=https:\/\/radiorevelacionfm.cl\/?p=24269' aria-hidden='false' data-av_icon='\ue805' data-av_iconfont='entypo-fontello' title='' data-avia-related-tooltip='Compartir por correo'><span class='avia_hidden_link_text'>Compartir por correo<\/span><\/a><\/li><\/ul><\/div><\/div>\n<div  style='height:50px' class='hr hr-invisible   avia-builder-el-8  el_after_av_social_share  el_before_av_comments_list '><span class='hr-inner ' ><span class='hr-inner-style'><\/span><\/span><\/div>\n<div  class='av-buildercomment  av-blog-meta-html-info-disabled av-blog-meta-tag-disabled  '><\/div>\n","protected":false},"excerpt":{"rendered":"","protected":false},"author":1,"featured_media":24270,"comment_status":"open","ping_status":"open","sticky":false,"template":"","format":"standard","meta":{"footnotes":""},"categories":[49],"tags":[],"class_list":["post-24269","post","type-post","status-publish","format-standard","has-post-thumbnail","hentry","category-educacion"],"jetpack_featured_media_url":"https:\/\/radiorevelacionfm.cl\/wp-content\/uploads\/2022\/11\/UChile-2-2.jpg","_links":{"self":[{"href":"https:\/\/radiorevelacionfm.cl\/index.php?rest_route=\/wp\/v2\/posts\/24269","targetHints":{"allow":["GET"]}}],"collection":[{"href":"https:\/\/radiorevelacionfm.cl\/index.php?rest_route=\/wp\/v2\/posts"}],"about":[{"href":"https:\/\/radiorevelacionfm.cl\/index.php?rest_route=\/wp\/v2\/types\/post"}],"author":[{"embeddable":true,"href":"https:\/\/radiorevelacionfm.cl\/index.php?rest_route=\/wp\/v2\/users\/1"}],"replies":[{"embeddable":true,"href":"https:\/\/radiorevelacionfm.cl\/index.php?rest_route=%2Fwp%2Fv2%2Fcomments&post=24269"}],"version-history":[{"count":3,"href":"https:\/\/radiorevelacionfm.cl\/index.php?rest_route=\/wp\/v2\/posts\/24269\/revisions"}],"predecessor-version":[{"id":24276,"href":"https:\/\/radiorevelacionfm.cl\/index.php?rest_route=\/wp\/v2\/posts\/24269\/revisions\/24276"}],"wp:featuredmedia":[{"embeddable":true,"href":"https:\/\/radiorevelacionfm.cl\/index.php?rest_route=\/wp\/v2\/media\/24270"}],"wp:attachment":[{"href":"https:\/\/radiorevelacionfm.cl\/index.php?rest_route=%2Fwp%2Fv2%2Fmedia&parent=24269"}],"wp:term":[{"taxonomy":"category","embeddable":true,"href":"https:\/\/radiorevelacionfm.cl\/index.php?rest_route=%2Fwp%2Fv2%2Fcategories&post=24269"},{"taxonomy":"post_tag","embeddable":true,"href":"https:\/\/radiorevelacionfm.cl\/index.php?rest_route=%2Fwp%2Fv2%2Ftags&post=24269"}],"curies":[{"name":"wp","href":"https:\/\/api.w.org\/{rel}","templated":true}]}}