{"id":24266,"date":"2022-11-16T09:00:44","date_gmt":"2022-11-16T12:00:44","guid":{"rendered":"https:\/\/radiorevelacionfm.cl\/?p=24266"},"modified":"2022-11-16T09:00:44","modified_gmt":"2022-11-16T12:00:44","slug":"gobernadora-comienza-su-viaje-por-el-sur-de-la-region-en-villa-ohiggins","status":"publish","type":"post","link":"https:\/\/radiorevelacionfm.cl\/?p=24266","title":{"rendered":"Gobernadora comienza su viaje por el sur de la regi\u00f3n en Villa O&#8217;Higgins"},"content":{"rendered":"<div class=\"flex_column av_one_full  flex_column_div av-zero-column-padding first  avia-builder-el-0  el_before_av_one_full  avia-builder-el-first  \" style='border-radius:0px; '><div  class='avia-image-container  av-styling-    avia-builder-el-1  avia-builder-el-no-sibling  avia-align-center '  itemprop=\"image\" itemscope=\"itemscope\" itemtype=\"https:\/\/schema.org\/ImageObject\"  ><div class='avia-image-container-inner'><div class='avia-image-overlay-wrap'><img decoding=\"async\" class='wp-image-24267 avia-img-lazy-loading-not-24267 avia_image' src=\"https:\/\/radiorevelacionfm.cl\/wp-content\/uploads\/2022\/11\/WhatsApp-Image-2022-11-14-at-10.14.55-PM-2-2.jpeg\" alt='' title='WhatsApp Image 2022-11-14 at 10.14.55 PM-2-2' height=\"600\" width=\"900\"  itemprop=\"thumbnailUrl\" srcset=\"https:\/\/radiorevelacionfm.cl\/wp-content\/uploads\/2022\/11\/WhatsApp-Image-2022-11-14-at-10.14.55-PM-2-2.jpeg 900w, https:\/\/radiorevelacionfm.cl\/wp-content\/uploads\/2022\/11\/WhatsApp-Image-2022-11-14-at-10.14.55-PM-2-2-300x200.jpeg 300w, https:\/\/radiorevelacionfm.cl\/wp-content\/uploads\/2022\/11\/WhatsApp-Image-2022-11-14-at-10.14.55-PM-2-2-768x512.jpeg 768w, https:\/\/radiorevelacionfm.cl\/wp-content\/uploads\/2022\/11\/WhatsApp-Image-2022-11-14-at-10.14.55-PM-2-2-705x470.jpeg 705w, https:\/\/radiorevelacionfm.cl\/wp-content\/uploads\/2022\/11\/WhatsApp-Image-2022-11-14-at-10.14.55-PM-2-2-600x400.jpeg 600w\" sizes=\"(max-width: 900px) 100vw, 900px\" \/><\/div><\/div><\/div><\/div><div class=\"flex_column av_one_full  flex_column_div av-zero-column-padding first  avia-builder-el-2  el_after_av_one_full  el_before_av_one_full  column-top-margin\" style='border-radius:0px; '><section class=\"av_textblock_section \"  itemscope=\"itemscope\" itemtype=\"https:\/\/schema.org\/BlogPosting\" itemprop=\"blogPost\" ><div class='avia_textblock  '   itemprop=\"text\" ><p style=\"text-align: center;\"><strong><span style=\"font-size: 18pt;\">Gobernadora comienza su viaje por el sur de la regi\u00f3n en Villa O&#8217;Higgins<\/span><\/strong><\/p>\n<div id=\"gtx-trans\" style=\"position: absolute; left: -50px; top: 4.31534px;\">\n<div class=\"gtx-trans-icon\"><\/div>\n<\/div>\n<\/div><\/section><\/div><div class=\"flex_column av_one_full  flex_column_div av-zero-column-padding first  avia-builder-el-4  el_after_av_one_full  el_before_av_hr  column-top-margin\" style='border-radius:0px; '><section class=\"av_textblock_section \"  itemscope=\"itemscope\" itemtype=\"https:\/\/schema.org\/BlogPosting\" itemprop=\"blogPost\" ><div class='avia_textblock  '   itemprop=\"text\" ><p dir=\"ltr\" style=\"text-align: justify;\">La m\u00e1xima autoridad del Gobierno Regional de Ays\u00e9n present\u00f3 a la comunidad el programa \u00abFortalece y Reactiva\u00bb, que contempla un fondo de $4.000 millones durante dos a\u00f1os para apoyar principalmente a micro emprendedores y emprendedoras de toda la regi\u00f3n.<\/p>\n<p dir=\"ltr\" style=\"text-align: justify;\">Con una exitosa jornada en el Centro de Eventos Municipal de Villa O&#8217;Higgins, la Gobernadora Regional Andrea Mac\u00edas Palma junto a su equipo dieron inicio a su recorrido por la Provincia de Capit\u00e1n Prat, culminando el d\u00eda en el territorio con la presentaci\u00f3n del programa \u00abFortalece y Reactiva\u00bb, que busca beneficiar a micro y peque\u00f1os emprendedores y emprendedoras de Ays\u00e9n.<\/p>\n<p dir=\"ltr\" style=\"text-align: justify;\">Frente una convocatoria de m\u00e1s de 20 personas, interesadas en conocer m\u00e1s sobre este apoyo productivo para comenzar o hacer crecer su negocio, la Gobernadora Andrea Mac\u00edas Palma explic\u00f3 a grandes rasgos en qu\u00e9 consiste este programa y a qui\u00e9nes va dirigido, respondiendo tambi\u00e9n las dudas de las y los presentes. \u00abFortalece y Reactiva\u00bb contempla un fondo de $4.000 millones durante dos a\u00f1os para apoyar principalmente a micro emprendedores y emprendedoras de toda la regi\u00f3n.<\/p>\n<p dir=\"ltr\" style=\"text-align: justify;\">Para ello, la acompa\u00f1aron tres miembros de la sede en Ays\u00e9n de la Fundaci\u00f3n de Desarrollo Educacional y Tecnol\u00f3gico La Araucan\u00eda (FUDEA), perteneciente a la Universidad de la Frontera (UFRO), quienes en una alianza p\u00fablico-privada con el Gobierno Regional prestar\u00e1n apoyo y asesoramiento t\u00e9cnico a las comunidades durante todo el proceso.<\/p>\n<p dir=\"ltr\" style=\"text-align: justify;\">\u00abSi bien nuestro objetivo tiene que ver con dar a conocer el programa de reactivaci\u00f3n econ\u00f3mica y convocar a todas las personas a que puedan participar de este proceso, tambi\u00e9n pudimos levantar otro tipo de demandas que existen en el territorio. Nos interesa ver c\u00f3mo vamos fortaleciendo el trabajo con el sector rural, con las asociaciones gremiales y, por otra parte, algunos otros temas que tenemos pendientes, que en este caso tienen que ver con la electrificaci\u00f3n y otros proyectos\u00bb, recalc\u00f3 la Gobernadora Regional.<\/p>\n<p dir=\"ltr\" style=\"text-align: justify;\">Aparte de esta presentaci\u00f3n, este lunes la Gobernadora Andrea Mac\u00edas Palma recorri\u00f3 las calles de Villa O&#8217;Higgins para conversar con las vecinas y vecinos, sostuvo una reuni\u00f3n con Conaf a trav\u00e9s de Zoom, particip\u00f3 de una entrevista en la Radio R\u00edo Pascua y visit\u00f3 dos Fondos Regionales para Iniciativas Locales (FRIL) en la zona, que significaron un aporte de poco m\u00e1s de $600 millones de pesos para el municipio de O\u00b4Higgins en el presupuesto del periodo 2022.<\/p>\n<p dir=\"ltr\" style=\"text-align: justify;\">\u00abPara nosotros como municipalidad y para la comunidad de Villa O\u00b4Higgins es de suma importancia que la autoridad regional se acerque a estos sectores que son tan aislados, y a trasmano de la capital regional y, a la vez, traer buenas noticias para la comunidad\u00bb, se\u00f1al\u00f3 al respecto el alcalde de la comuna, Jos\u00e9 Claudio Fica.<\/p>\n<p dir=\"ltr\" style=\"text-align: justify;\">Tanto durante la presentaci\u00f3n de \u00abFortalecer y Reactiva\u00bb, como en sus dem\u00e1s actividades, la Gobernadora Regional estuvo acompa\u00f1ada por algunos de los concejales del territorio y por el Consejero Regional de Capit\u00e1n Prat, Jorge Abello Moll, quien valor\u00f3 la instancia.<\/p>\n<p dir=\"ltr\" style=\"text-align: justify;\">\u00abLa verdad que fue una jornada bien fruct\u00edfera. Partimos en la ma\u00f1ana con una reuni\u00f3n con el Concejo Municipal, con el equipo t\u00e9cnico junto a la Gobernadora y se pudo dialogar, conversar respecto de todas aquellas iniciativas que el Gobierno Regional ha impulsado en\u00a0 el territorio y, por cierto, las que est\u00e1n en proceso. Pero tambi\u00e9n las iniciativas que la comunidad siente que son urgentes de seguir avanzando\u00bb, asegur\u00f3 el representante de la Provincia.<\/p>\n<p dir=\"ltr\" style=\"text-align: justify;\">Para continuar con su viaje, la Gobernadora de Ays\u00e9n tiene planificado llegar este martes a Caleta Tortel, donde tambi\u00e9n realizar\u00e1 varias actividades junto a la comunidad, y terminar\u00e1 su recorrido por el sur de la regi\u00f3n este mi\u00e9rcoles en la localidad de Cochrane.<\/p>\n<\/div><\/section><\/div><div  style='height:50px' class='hr hr-invisible   avia-builder-el-6  el_after_av_one_full  el_before_av_social_share '><span class='hr-inner ' ><span class='hr-inner-style'><\/span><\/span><\/div><\/p>\n<div  class='av-social-sharing-box  avia-builder-el-7  el_after_av_hr  el_before_av_hr  '><div class='av-share-box'><h5 class='av-share-link-description av-no-toc '>Compartir esta noticia<\/h5><ul class='av-share-box-list noLightbox'><li class='av-share-link av-social-link-facebook' ><a target=\"_blank\" aria-label=\"Compartir en Facebook\" href='https:\/\/www.facebook.com\/sharer.php?u=https:\/\/radiorevelacionfm.cl\/?p=24266&#038;t=Gobernadora%20comienza%20su%20viaje%20por%20el%20sur%20de%20la%20regi%C3%B3n%20en%20Villa%20O%E2%80%99Higgins' aria-hidden='false' data-av_icon='\ue8f3' data-av_iconfont='entypo-fontello' title='' data-avia-related-tooltip='Compartir en Facebook' rel=\"noopener\"><span class='avia_hidden_link_text'>Compartir en Facebook<\/span><\/a><\/li><li class='av-share-link av-social-link-twitter' ><a target=\"_blank\" aria-label=\"Compartir en Twitter\" href='https:\/\/twitter.com\/share?text=Gobernadora%20comienza%20su%20viaje%20por%20el%20sur%20de%20la%20regi%C3%B3n%20en%20Villa%20O%E2%80%99Higgins&#038;url=https:\/\/radiorevelacionfm.cl\/?p=24266' aria-hidden='false' data-av_icon='\ue8f1' data-av_iconfont='entypo-fontello' title='' data-avia-related-tooltip='Compartir en Twitter' rel=\"noopener\"><span class='avia_hidden_link_text'>Compartir en Twitter<\/span><\/a><\/li><li class='av-share-link av-social-link-whatsapp' ><a target=\"_blank\" aria-label=\"Compartir en Whatsapp\" href='https:\/\/api.whatsapp.com\/send?text=https:\/\/radiorevelacionfm.cl\/?p=24266' aria-hidden='false' data-av_icon='\uf232' data-av_iconfont='entypo-fontello' title='' data-avia-related-tooltip='Compartir en Whatsapp' rel=\"noopener\"><span class='avia_hidden_link_text'>Compartir en Whatsapp<\/span><\/a><\/li><li class='av-share-link av-social-link-linkedin' ><a target=\"_blank\" aria-label=\"Compartir en LinkedIn\" href='https:\/\/linkedin.com\/shareArticle?mini=true&#038;title=Gobernadora%20comienza%20su%20viaje%20por%20el%20sur%20de%20la%20regi%C3%B3n%20en%20Villa%20O%E2%80%99Higgins&#038;url=https:\/\/radiorevelacionfm.cl\/?p=24266' aria-hidden='false' data-av_icon='\ue8fc' data-av_iconfont='entypo-fontello' title='' data-avia-related-tooltip='Compartir en LinkedIn' rel=\"noopener\"><span class='avia_hidden_link_text'>Compartir en LinkedIn<\/span><\/a><\/li><li class='av-share-link av-social-link-mail' ><a  aria-label=\"Compartir por correo\" href='mailto:?subject=Gobernadora%20comienza%20su%20viaje%20por%20el%20sur%20de%20la%20regi%C3%B3n%20en%20Villa%20O%E2%80%99Higgins&#038;body=https:\/\/radiorevelacionfm.cl\/?p=24266' aria-hidden='false' data-av_icon='\ue805' data-av_iconfont='entypo-fontello' title='' data-avia-related-tooltip='Compartir por correo'><span class='avia_hidden_link_text'>Compartir por correo<\/span><\/a><\/li><\/ul><\/div><\/div>\n<div  style='height:50px' class='hr hr-invisible   avia-builder-el-8  el_after_av_social_share  el_before_av_comments_list '><span class='hr-inner ' ><span class='hr-inner-style'><\/span><\/span><\/div>\n<div  class='av-buildercomment  av-blog-meta-html-info-disabled av-blog-meta-tag-disabled  '><\/div>\n","protected":false},"excerpt":{"rendered":"","protected":false},"author":1,"featured_media":24267,"comment_status":"open","ping_status":"open","sticky":false,"template":"","format":"standard","meta":{"footnotes":""},"categories":[38],"tags":[],"class_list":["post-24266","post","type-post","status-publish","format-standard","has-post-thumbnail","hentry","category-regional"],"jetpack_featured_media_url":"https:\/\/radiorevelacionfm.cl\/wp-content\/uploads\/2022\/11\/WhatsApp-Image-2022-11-14-at-10.14.55-PM-2-2.jpeg","_links":{"self":[{"href":"https:\/\/radiorevelacionfm.cl\/index.php?rest_route=\/wp\/v2\/posts\/24266","targetHints":{"allow":["GET"]}}],"collection":[{"href":"https:\/\/radiorevelacionfm.cl\/index.php?rest_route=\/wp\/v2\/posts"}],"about":[{"href":"https:\/\/radiorevelacionfm.cl\/index.php?rest_route=\/wp\/v2\/types\/post"}],"author":[{"embeddable":true,"href":"https:\/\/radiorevelacionfm.cl\/index.php?rest_route=\/wp\/v2\/users\/1"}],"replies":[{"embeddable":true,"href":"https:\/\/radiorevelacionfm.cl\/index.php?rest_route=%2Fwp%2Fv2%2Fcomments&post=24266"}],"version-history":[{"count":2,"href":"https:\/\/radiorevelacionfm.cl\/index.php?rest_route=\/wp\/v2\/posts\/24266\/revisions"}],"predecessor-version":[{"id":24274,"href":"https:\/\/radiorevelacionfm.cl\/index.php?rest_route=\/wp\/v2\/posts\/24266\/revisions\/24274"}],"wp:featuredmedia":[{"embeddable":true,"href":"https:\/\/radiorevelacionfm.cl\/index.php?rest_route=\/wp\/v2\/media\/24267"}],"wp:attachment":[{"href":"https:\/\/radiorevelacionfm.cl\/index.php?rest_route=%2Fwp%2Fv2%2Fmedia&parent=24266"}],"wp:term":[{"taxonomy":"category","embeddable":true,"href":"https:\/\/radiorevelacionfm.cl\/index.php?rest_route=%2Fwp%2Fv2%2Fcategories&post=24266"},{"taxonomy":"post_tag","embeddable":true,"href":"https:\/\/radiorevelacionfm.cl\/index.php?rest_route=%2Fwp%2Fv2%2Ftags&post=24266"}],"curies":[{"name":"wp","href":"https:\/\/api.w.org\/{rel}","templated":true}]}}