{"id":24263,"date":"2022-11-16T10:56:01","date_gmt":"2022-11-16T13:56:01","guid":{"rendered":"https:\/\/radiorevelacionfm.cl\/?p=24263"},"modified":"2022-11-16T10:56:01","modified_gmt":"2022-11-16T13:56:01","slug":"subsecretaria-de-evaluacion-social-realiza-dialogo-ciudadano-en-la-region-de-aysen","status":"publish","type":"post","link":"https:\/\/radiorevelacionfm.cl\/?p=24263","title":{"rendered":"Subsecretaria de Evaluaci\u00f3n Social realiza di\u00e1logo ciudadano en la regi\u00f3n de Ays\u00e9n"},"content":{"rendered":"<div class=\"flex_column av_one_full  flex_column_div av-zero-column-padding first  avia-builder-el-0  el_before_av_one_full  avia-builder-el-first  \" style='border-radius:0px; '><div  class='avia-image-container  av-styling-    avia-builder-el-1  avia-builder-el-no-sibling  avia-align-center '  itemprop=\"image\" itemscope=\"itemscope\" itemtype=\"https:\/\/schema.org\/ImageObject\"  ><div class='avia-image-container-inner'><div class='avia-image-overlay-wrap'><img decoding=\"async\" class='wp-image-24264 avia-img-lazy-loading-not-24264 avia_image' src=\"https:\/\/radiorevelacionfm.cl\/wp-content\/uploads\/2022\/11\/IMG_5456-2-2.jpg\" alt='' title='IMG_5456-2-2' height=\"600\" width=\"982\"  itemprop=\"thumbnailUrl\" srcset=\"https:\/\/radiorevelacionfm.cl\/wp-content\/uploads\/2022\/11\/IMG_5456-2-2.jpg 982w, https:\/\/radiorevelacionfm.cl\/wp-content\/uploads\/2022\/11\/IMG_5456-2-2-300x183.jpg 300w, https:\/\/radiorevelacionfm.cl\/wp-content\/uploads\/2022\/11\/IMG_5456-2-2-768x469.jpg 768w, https:\/\/radiorevelacionfm.cl\/wp-content\/uploads\/2022\/11\/IMG_5456-2-2-705x431.jpg 705w, https:\/\/radiorevelacionfm.cl\/wp-content\/uploads\/2022\/11\/IMG_5456-2-2-600x367.jpg 600w\" sizes=\"(max-width: 982px) 100vw, 982px\" \/><\/div><\/div><\/div><\/div><div class=\"flex_column av_one_full  flex_column_div av-zero-column-padding first  avia-builder-el-2  el_after_av_one_full  el_before_av_one_full  column-top-margin\" style='border-radius:0px; '><section class=\"av_textblock_section \"  itemscope=\"itemscope\" itemtype=\"https:\/\/schema.org\/BlogPosting\" itemprop=\"blogPost\" ><div class='avia_textblock  '   itemprop=\"text\" ><p style=\"text-align: center;\"><span style=\"font-size: 18pt;\"><strong>Subsecretaria de Evaluaci\u00f3n Social realiza di\u00e1logo ciudadano en la regi\u00f3n de Ays\u00e9n<\/strong><\/span><\/p>\n<div id=\"gtx-trans\" style=\"position: absolute; left: -50px; top: 4.31534px;\">\n<div class=\"gtx-trans-icon\"><\/div>\n<\/div>\n<\/div><\/section><\/div><div class=\"flex_column av_one_full  flex_column_div av-zero-column-padding first  avia-builder-el-4  el_after_av_one_full  el_before_av_hr  column-top-margin\" style='border-radius:0px; '><section class=\"av_textblock_section \"  itemscope=\"itemscope\" itemtype=\"https:\/\/schema.org\/BlogPosting\" itemprop=\"blogPost\" ><div class='avia_textblock  '   itemprop=\"text\" ><p style=\"text-align: justify;\">Con el objetivo de reunirse con la comunidad aysenina, y realizar un di\u00e1logo ciudadano, con actores relevantes, como dirigentes de organizaciones sociales, autoridades regionales, y funcionarios p\u00fablicos entre otros, para cumplir con los objetivos de la Agenda 2030, as\u00ed como tambi\u00e9n, efectuar capacitaciones a los profesionales encargados de formular proyectos de los municipios y del Gobierno Regional, fueron parte de las actividades efectuadas por la Subsecretaria de Evaluaci\u00f3n Social, Paula Poblete en su visita a\u00a0 la regi\u00f3n.<\/p>\n<p style=\"text-align: justify;\">En el di\u00e1logo por la Agenda 2030, el cual fue reactivado por el Gobierno del Presidente Boric, \u00a0participaron m\u00e1s de 100 personas entre dirigentes sociales, sindicales, funcionarios p\u00fablicos y autoridades regionales, instancia en la que, adem\u00e1s, se asumieron compromisos, en los que participar\u00e1 la Seremi de Desarrollo Social y Familia, como di\u00e1logos autoconvocados, seg\u00fan explic\u00f3 Karina Acevedo.<\/p>\n<p style=\"text-align: justify;\">\u201cCon la visita de la subsecretaria y el apoyo del Delegado, logramos realizar una agenda 2030, un puntapi\u00e9 inicial de conversaci\u00f3n, la parte de sostenibilidad, es lo que m\u00e1s demanda la ciudadan\u00eda y estamos muy contentos, porque todos se fueron agradecidos en un espacio de di\u00e1logo, mantener 100 personas conversando por dos horas y media, es un trabajo de los equipos, de los temas. Es un trabajo de la preocupaci\u00f3n que tiene la ciudadan\u00eda para participar. As\u00ed que nos comprometimos, adem\u00e1s, con un par de di\u00e1logos m\u00e1s autoconvocados que vamos a estar apoyando\u201d, coment\u00f3 la Seremi de Desarrollo Social y Familia.<\/p>\n<p style=\"text-align: justify;\">Con respecto a la visita la Subsecretaria Poblete, realiz\u00f3 una positiva evaluaci\u00f3n de todas las actividades y trabajo efectuado con el apoyo del Delegado, la Gobernadora Regional y la Seremi de Desarrollo Social, en el proceso participativo, territorial e inclusivo para la implementaci\u00f3n de los Objetivos de Desarrollo Sostenible.<\/p>\n<p style=\"text-align: justify;\">\u201cVinimos a hacer un di\u00e1logo con las personas de la regi\u00f3n, a prop\u00f3sito del dise\u00f1o de la implementaci\u00f3n de la estrategia, Agenda 2030, que es un compromiso que suscribimos 193 pa\u00edses, en todo el mundo, donde nos pusimos de acuerdo en empujar los 17 ODS, u Objetivos del Desarrollo Sostenible, que son objetivos que conjugan el desarrollo econ\u00f3mico, con el progreso social, pero cuidando el medio ambiente. As\u00ed que estamos haciendo un trabajo de apropiaci\u00f3n local, de esa agenda en todas las regiones. Esta vez, nos toc\u00f3 venir a la hermosa regi\u00f3n de Ays\u00e9n, en la que se juntaron m\u00e1s de 100 personas, a discutir cu\u00e1les son las prioridades para la regi\u00f3n. Cu\u00e1les van a ser los \u00e9nfasis en esta implementaci\u00f3n de la estrategia, porque despu\u00e9s de la Pandemia, esos objetivos quedaron un poco congelados, y peor, muchos retrocedimos, entonces hay que imprimirle alg\u00fan sentido de urgencia, para que podamos llegar al 2030, con alg\u00fan nivel de cumplimiento\u201d, manifest\u00f3, Paula Poblete.<\/p>\n<p style=\"text-align: justify;\">Finalmente, el Delegado Presidencial, Rodrigo Araya, destac\u00f3 la participaci\u00f3n ciudadana, y destac\u00f3 el eje transversal del di\u00e1logo realizado en Ays\u00e9n, como el medio ambiente. \u201cHay un componente de participaci\u00f3n ciudadana, que tambi\u00e9n tenemos que relevar, y eso es el principal objetivo de estos di\u00e1logos, yo dir\u00eda que el medio ambiente, es un eje transversal, de toda la discusi\u00f3n que se efectu\u00f3, hay un compromiso de la ciudadan\u00eda que es patente en la regi\u00f3n, como dec\u00eda la Subsecretaria, \u00a0que se ha manifestado en m\u00faltiples ocasiones por problem\u00e1ticas ambientales y que siguen estando muy atentos, y por lo tanto, para nosotros desde las instituciones del Estado, eso es algo que lo tenemos en consideraci\u00f3n permanentemente, y tambi\u00e9n es un objetivo de nuestro Presidente, y de nuestro Gobierno, la sostenibilidad y el medio ambiente desarrollando de manera justa y sostenible\u201d, se\u00f1al\u00f3.<\/p>\n<\/div><\/section><\/div><div  style='height:50px' class='hr hr-invisible   avia-builder-el-6  el_after_av_one_full  el_before_av_social_share '><span class='hr-inner ' ><span class='hr-inner-style'><\/span><\/span><\/div><\/p>\n<div  class='av-social-sharing-box  avia-builder-el-7  el_after_av_hr  el_before_av_hr  '><div class='av-share-box'><h5 class='av-share-link-description av-no-toc '>Compartir esta noticia<\/h5><ul class='av-share-box-list noLightbox'><li class='av-share-link av-social-link-facebook' ><a target=\"_blank\" aria-label=\"Compartir en Facebook\" href='https:\/\/www.facebook.com\/sharer.php?u=https:\/\/radiorevelacionfm.cl\/?p=24263&#038;t=Subsecretaria%20de%20Evaluaci%C3%B3n%20Social%20realiza%20di%C3%A1logo%20ciudadano%20en%20la%20regi%C3%B3n%20de%20Ays%C3%A9n' aria-hidden='false' data-av_icon='\ue8f3' data-av_iconfont='entypo-fontello' title='' data-avia-related-tooltip='Compartir en Facebook' rel=\"noopener\"><span class='avia_hidden_link_text'>Compartir en Facebook<\/span><\/a><\/li><li class='av-share-link av-social-link-twitter' ><a target=\"_blank\" aria-label=\"Compartir en Twitter\" href='https:\/\/twitter.com\/share?text=Subsecretaria%20de%20Evaluaci%C3%B3n%20Social%20realiza%20di%C3%A1logo%20ciudadano%20en%20la%20regi%C3%B3n%20de%20Ays%C3%A9n&#038;url=https:\/\/radiorevelacionfm.cl\/?p=24263' aria-hidden='false' data-av_icon='\ue8f1' data-av_iconfont='entypo-fontello' title='' data-avia-related-tooltip='Compartir en Twitter' rel=\"noopener\"><span class='avia_hidden_link_text'>Compartir en Twitter<\/span><\/a><\/li><li class='av-share-link av-social-link-whatsapp' ><a target=\"_blank\" aria-label=\"Compartir en Whatsapp\" href='https:\/\/api.whatsapp.com\/send?text=https:\/\/radiorevelacionfm.cl\/?p=24263' aria-hidden='false' data-av_icon='\uf232' data-av_iconfont='entypo-fontello' title='' data-avia-related-tooltip='Compartir en Whatsapp' rel=\"noopener\"><span class='avia_hidden_link_text'>Compartir en Whatsapp<\/span><\/a><\/li><li class='av-share-link av-social-link-linkedin' ><a target=\"_blank\" aria-label=\"Compartir en LinkedIn\" href='https:\/\/linkedin.com\/shareArticle?mini=true&#038;title=Subsecretaria%20de%20Evaluaci%C3%B3n%20Social%20realiza%20di%C3%A1logo%20ciudadano%20en%20la%20regi%C3%B3n%20de%20Ays%C3%A9n&#038;url=https:\/\/radiorevelacionfm.cl\/?p=24263' aria-hidden='false' data-av_icon='\ue8fc' data-av_iconfont='entypo-fontello' title='' data-avia-related-tooltip='Compartir en LinkedIn' rel=\"noopener\"><span class='avia_hidden_link_text'>Compartir en LinkedIn<\/span><\/a><\/li><li class='av-share-link av-social-link-mail' ><a  aria-label=\"Compartir por correo\" href='mailto:?subject=Subsecretaria%20de%20Evaluaci%C3%B3n%20Social%20realiza%20di%C3%A1logo%20ciudadano%20en%20la%20regi%C3%B3n%20de%20Ays%C3%A9n&#038;body=https:\/\/radiorevelacionfm.cl\/?p=24263' aria-hidden='false' data-av_icon='\ue805' data-av_iconfont='entypo-fontello' title='' data-avia-related-tooltip='Compartir por correo'><span class='avia_hidden_link_text'>Compartir por correo<\/span><\/a><\/li><\/ul><\/div><\/div>\n<div  style='height:50px' class='hr hr-invisible   avia-builder-el-8  el_after_av_social_share  el_before_av_comments_list '><span class='hr-inner ' ><span class='hr-inner-style'><\/span><\/span><\/div>\n<div  class='av-buildercomment  av-blog-meta-html-info-disabled av-blog-meta-tag-disabled  '><\/div>\n","protected":false},"excerpt":{"rendered":"","protected":false},"author":1,"featured_media":24264,"comment_status":"open","ping_status":"open","sticky":false,"template":"","format":"standard","meta":{"footnotes":""},"categories":[38],"tags":[],"class_list":["post-24263","post","type-post","status-publish","format-standard","has-post-thumbnail","hentry","category-regional"],"jetpack_featured_media_url":"https:\/\/radiorevelacionfm.cl\/wp-content\/uploads\/2022\/11\/IMG_5456-2-2.jpg","_links":{"self":[{"href":"https:\/\/radiorevelacionfm.cl\/index.php?rest_route=\/wp\/v2\/posts\/24263","targetHints":{"allow":["GET"]}}],"collection":[{"href":"https:\/\/radiorevelacionfm.cl\/index.php?rest_route=\/wp\/v2\/posts"}],"about":[{"href":"https:\/\/radiorevelacionfm.cl\/index.php?rest_route=\/wp\/v2\/types\/post"}],"author":[{"embeddable":true,"href":"https:\/\/radiorevelacionfm.cl\/index.php?rest_route=\/wp\/v2\/users\/1"}],"replies":[{"embeddable":true,"href":"https:\/\/radiorevelacionfm.cl\/index.php?rest_route=%2Fwp%2Fv2%2Fcomments&post=24263"}],"version-history":[{"count":2,"href":"https:\/\/radiorevelacionfm.cl\/index.php?rest_route=\/wp\/v2\/posts\/24263\/revisions"}],"predecessor-version":[{"id":24285,"href":"https:\/\/radiorevelacionfm.cl\/index.php?rest_route=\/wp\/v2\/posts\/24263\/revisions\/24285"}],"wp:featuredmedia":[{"embeddable":true,"href":"https:\/\/radiorevelacionfm.cl\/index.php?rest_route=\/wp\/v2\/media\/24264"}],"wp:attachment":[{"href":"https:\/\/radiorevelacionfm.cl\/index.php?rest_route=%2Fwp%2Fv2%2Fmedia&parent=24263"}],"wp:term":[{"taxonomy":"category","embeddable":true,"href":"https:\/\/radiorevelacionfm.cl\/index.php?rest_route=%2Fwp%2Fv2%2Fcategories&post=24263"},{"taxonomy":"post_tag","embeddable":true,"href":"https:\/\/radiorevelacionfm.cl\/index.php?rest_route=%2Fwp%2Fv2%2Ftags&post=24263"}],"curies":[{"name":"wp","href":"https:\/\/api.w.org\/{rel}","templated":true}]}}