{"id":2426,"date":"2021-02-05T15:47:21","date_gmt":"2021-02-05T18:47:21","guid":{"rendered":"https:\/\/radiorevelacionfm.cl\/?p=2426"},"modified":"2021-02-05T15:57:32","modified_gmt":"2021-02-05T18:57:32","slug":"instalan-contenedores-de-basura-y-mejoran-equipamiento-de-radio-local-en-villa-cerro-castillo","status":"publish","type":"post","link":"https:\/\/radiorevelacionfm.cl\/?p=2426","title":{"rendered":"Instalan contenedores de basura y mejoran equipamiento de radio local en Villa Cerro Castillo"},"content":{"rendered":"<div class=\"flex_column av_one_full  flex_column_div av-zero-column-padding first  avia-builder-el-0  el_before_av_one_full  avia-builder-el-first  \" style='border-radius:0px; '><div  class='avia-image-container  av-styling-    avia-builder-el-1  avia-builder-el-no-sibling  avia-align-center '  itemprop=\"image\" itemscope=\"itemscope\" itemtype=\"https:\/\/schema.org\/ImageObject\"  ><div class='avia-image-container-inner'><div class='avia-image-overlay-wrap'><img decoding=\"async\" class='wp-image-0 avia-img-lazy-loading-not-0 avia_image' src=\"https:\/\/radiorevelacionfm.cl\/wp-content\/uploads\/2021\/02\/1al_1.jpg\" alt='' title=''   itemprop=\"thumbnailUrl\"  \/><\/div><\/div><\/div><\/div>\n<div class=\"flex_column av_one_full  flex_column_div av-zero-column-padding first  avia-builder-el-2  el_after_av_one_full  el_before_av_one_full  column-top-margin\" style='border-radius:0px; '><section class=\"av_textblock_section \"  itemscope=\"itemscope\" itemtype=\"https:\/\/schema.org\/BlogPosting\" itemprop=\"blogPost\" ><div class='avia_textblock  '   itemprop=\"text\" ><p style=\"text-align: center;\"><strong><span style=\"font-size: 18pt;\">Instalan contenedores de basura y mejoran equipamiento de radio local en Villa Cerro Castillo<\/span><\/strong><\/p>\n<div id=\"gtx-trans\" style=\"position: absolute; left: -50px; top: 4.31534px;\">\n<div class=\"gtx-trans-icon\"><\/div>\n<\/div>\n<\/div><\/section><\/div>\n<div class=\"flex_column av_one_full  flex_column_div av-zero-column-padding first  avia-builder-el-4  el_after_av_one_full  el_before_av_hr  column-top-margin\" style='border-radius:0px; '><section class=\"av_textblock_section \"  itemscope=\"itemscope\" itemtype=\"https:\/\/schema.org\/BlogPosting\" itemprop=\"blogPost\" ><div class='avia_textblock  '   itemprop=\"text\" ><p style=\"text-align: justify;\">Las iniciativas fueron priorizadas por la comunidad y concretadas gracias al programa Acci\u00f3n Local, financiado por el Fondo de Solidaridad e Inversi\u00f3n Social, FOSIS y ejecutado con el apoyo de la Ilustre Municipalidad de R\u00edo Ib\u00e1\u00f1ez.<\/p>\n<p style=\"text-align: justify;\">Esta instancia permite entregar apoyo a barrios o localidades para que encuentren soluciones a las problem\u00e1ticas que los afectan, considerando la participaci\u00f3n de vecinos, organizaciones y comunidades. Acci\u00f3n Local entrega formaci\u00f3n y acompa\u00f1amiento sociocomunitario, junto con el financiamiento de iniciativas que hayan sido priorizadas y definidas por los miembros de la comunidad, abordadas en el plan de desarrollo local.<\/p>\n<p style=\"text-align: justify;\">Las iniciativas que ya se han materializado en Villa Cerro Castillo son el fortalecer la radio como medio de comunicaci\u00f3n y difusi\u00f3n de informaci\u00f3n con equipamiento e insumos; para mejorar canales de informaci\u00f3n, difusi\u00f3n y aprovechar oportunidades de fomento; junto con mejorar o reemplazar basureros inadecuados existentes e instalar 7 nuevos recept\u00e1culos en puntos estrat\u00e9gicos, con la finalidad de mejorar infraestructura de contenedores y basureros que se necesitaban para mejorar la imagen de la localidad.<\/p>\n<p style=\"text-align: justify;\">\u201cParticipamos desde la primera reuni\u00f3n con ambas organizaciones y lo encontramos bastante positivo y beneficioso para nuestra comunidad, porque las iniciativas que se presentaron a votaci\u00f3n eran todas problem\u00e1ticas de la comunidad. Feliz de que haya ganado la radio porque nos representa como pueblo, es el medio de comunicaci\u00f3n m\u00e1s importante para todos, llega especialmente a adultos mayores que es la poblaci\u00f3n que no tiene el tel\u00e9fono para meterse al WhatsApp o al Facebook, por lo general, lo que nos permiti\u00f3 solucionar este problema con la adquisici\u00f3n de equipo para que se mejoren las transmisiones y espacios para las entrevistas\u201d, destac\u00f3 Marcia \u00c1lvarez, presidenta del comit\u00e9 de vivienda Villa Nueva y de la asociaci\u00f3n ind\u00edgena Newen Mapu de Villa Cerro Castillo.<\/p>\n<p style=\"text-align: justify;\">Dominique Br\u00e4utigam, Directora Regional del FOSIS Ays\u00e9n, asegur\u00f3 que \u201cfelicitamos a la comunidad de Villa Cerro Castillo por haber participado activamente en el programa Acci\u00f3n Local del FOSIS. En esta oportunidad se logr\u00f3 realizar un trabajo comunitario de empoderamiento de los l\u00edderes locales y gracias a ese trabajo y coordinaci\u00f3n se realiz\u00f3 un proceso democr\u00e1tico para poder mejorar y apoyar en algunas debilidades que ten\u00edan en la localidad. En esta oportunidad nuestro grupo motor, nuestros l\u00edderes locales decidieron hacer un proceso de elecciones donde 150 personas votaron por qu\u00e9 gestiones o ayudas realizar en la localidad\u201d.<\/p>\n<p style=\"text-align: justify;\">\u201cQueremos destacar la posibilidad que entrega el FOSIS, a trav\u00e9s de estos recurso que ejecuta el Municipio, de que sean las mismas organizaciones de la comunidad que en conjunto y llegando a consenso, decidieran en qu\u00e9 se invierten estos recursos y es as\u00ed como se ha podido entregar este equipamiento para Radio Aluen, puntos de recolecci\u00f3n de basura en la localidad y adem\u00e1s, un centro que va a servir para que la gente pueda generar sus emprendimientos, que va a estar en la Delegaci\u00f3n Municipal\u201d, recalc\u00f3 el Alcalde de R\u00edo Ib\u00e1\u00f1ez, Marcelo Santana.<\/p>\n<p style=\"text-align: justify;\">A\u00fan resta por implementar una tercera iniciativa priorizada por la comunidad local: Un centro tecnol\u00f3gico, donde se contar\u00e1 con computadores y acceso a internet. Cabe mencionar que han aportado con donaciones al desarrollo de estas iniciativas la Municipalidad de Vitacura, Fundaci\u00f3n Patagonia de Ays\u00e9n y BancoEstado.<\/p>\n<\/div><\/section><\/div><div  style='height:50px' class='hr hr-invisible   avia-builder-el-6  el_after_av_one_full  el_before_av_social_share '><span class='hr-inner ' ><span class='hr-inner-style'><\/span><\/span><\/div><\/p>\n<div  class='av-social-sharing-box  avia-builder-el-7  el_after_av_hr  el_before_av_hr  '><div class='av-share-box'><h5 class='av-share-link-description av-no-toc '>Compartir esta noticia<\/h5><ul class='av-share-box-list noLightbox'><li class='av-share-link av-social-link-facebook' ><a target=\"_blank\" aria-label=\"Compartir en Facebook\" href='https:\/\/www.facebook.com\/sharer.php?u=https:\/\/radiorevelacionfm.cl\/?p=2426&#038;t=Instalan%20contenedores%20de%20basura%20y%20mejoran%20equipamiento%20de%20radio%20local%20en%20Villa%20Cerro%20Castillo' aria-hidden='false' data-av_icon='\ue8f3' data-av_iconfont='entypo-fontello' title='' data-avia-related-tooltip='Compartir en Facebook' rel=\"noopener\"><span class='avia_hidden_link_text'>Compartir en Facebook<\/span><\/a><\/li><li class='av-share-link av-social-link-twitter' ><a target=\"_blank\" aria-label=\"Compartir en Twitter\" href='https:\/\/twitter.com\/share?text=Instalan%20contenedores%20de%20basura%20y%20mejoran%20equipamiento%20de%20radio%20local%20en%20Villa%20Cerro%20Castillo&#038;url=https:\/\/radiorevelacionfm.cl\/?p=2426' aria-hidden='false' data-av_icon='\ue8f1' data-av_iconfont='entypo-fontello' title='' data-avia-related-tooltip='Compartir en Twitter' rel=\"noopener\"><span class='avia_hidden_link_text'>Compartir en Twitter<\/span><\/a><\/li><li class='av-share-link av-social-link-whatsapp' ><a target=\"_blank\" aria-label=\"Compartir en Whatsapp\" href='https:\/\/api.whatsapp.com\/send?text=https:\/\/radiorevelacionfm.cl\/?p=2426' aria-hidden='false' data-av_icon='\uf232' data-av_iconfont='entypo-fontello' title='' data-avia-related-tooltip='Compartir en Whatsapp' rel=\"noopener\"><span class='avia_hidden_link_text'>Compartir en Whatsapp<\/span><\/a><\/li><li class='av-share-link av-social-link-linkedin' ><a target=\"_blank\" aria-label=\"Compartir en LinkedIn\" href='https:\/\/linkedin.com\/shareArticle?mini=true&#038;title=Instalan%20contenedores%20de%20basura%20y%20mejoran%20equipamiento%20de%20radio%20local%20en%20Villa%20Cerro%20Castillo&#038;url=https:\/\/radiorevelacionfm.cl\/?p=2426' aria-hidden='false' data-av_icon='\ue8fc' data-av_iconfont='entypo-fontello' title='' data-avia-related-tooltip='Compartir en LinkedIn' rel=\"noopener\"><span class='avia_hidden_link_text'>Compartir en LinkedIn<\/span><\/a><\/li><li class='av-share-link av-social-link-mail' ><a  aria-label=\"Compartir por correo\" href='mailto:?subject=Instalan%20contenedores%20de%20basura%20y%20mejoran%20equipamiento%20de%20radio%20local%20en%20Villa%20Cerro%20Castillo&#038;body=https:\/\/radiorevelacionfm.cl\/?p=2426' aria-hidden='false' data-av_icon='\ue805' data-av_iconfont='entypo-fontello' title='' data-avia-related-tooltip='Compartir por correo'><span class='avia_hidden_link_text'>Compartir por correo<\/span><\/a><\/li><\/ul><\/div><\/div>\n<div  style='height:50px' class='hr hr-invisible   avia-builder-el-8  el_after_av_social_share  el_before_av_comments_list '><span class='hr-inner ' ><span class='hr-inner-style'><\/span><\/span><\/div>\n<div  class='av-buildercomment  av-blog-meta-html-info-disabled av-blog-meta-tag-disabled  '><\/div>\n","protected":false},"excerpt":{"rendered":"","protected":false},"author":1,"featured_media":0,"comment_status":"open","ping_status":"open","sticky":false,"template":"","format":"standard","meta":{"footnotes":""},"categories":[38],"tags":[],"class_list":["post-2426","post","type-post","status-publish","format-standard","hentry","category-regional"],"jetpack_featured_media_url":"","_links":{"self":[{"href":"https:\/\/radiorevelacionfm.cl\/index.php?rest_route=\/wp\/v2\/posts\/2426","targetHints":{"allow":["GET"]}}],"collection":[{"href":"https:\/\/radiorevelacionfm.cl\/index.php?rest_route=\/wp\/v2\/posts"}],"about":[{"href":"https:\/\/radiorevelacionfm.cl\/index.php?rest_route=\/wp\/v2\/types\/post"}],"author":[{"embeddable":true,"href":"https:\/\/radiorevelacionfm.cl\/index.php?rest_route=\/wp\/v2\/users\/1"}],"replies":[{"embeddable":true,"href":"https:\/\/radiorevelacionfm.cl\/index.php?rest_route=%2Fwp%2Fv2%2Fcomments&post=2426"}],"version-history":[{"count":3,"href":"https:\/\/radiorevelacionfm.cl\/index.php?rest_route=\/wp\/v2\/posts\/2426\/revisions"}],"predecessor-version":[{"id":2430,"href":"https:\/\/radiorevelacionfm.cl\/index.php?rest_route=\/wp\/v2\/posts\/2426\/revisions\/2430"}],"wp:attachment":[{"href":"https:\/\/radiorevelacionfm.cl\/index.php?rest_route=%2Fwp%2Fv2%2Fmedia&parent=2426"}],"wp:term":[{"taxonomy":"category","embeddable":true,"href":"https:\/\/radiorevelacionfm.cl\/index.php?rest_route=%2Fwp%2Fv2%2Fcategories&post=2426"},{"taxonomy":"post_tag","embeddable":true,"href":"https:\/\/radiorevelacionfm.cl\/index.php?rest_route=%2Fwp%2Fv2%2Ftags&post=2426"}],"curies":[{"name":"wp","href":"https:\/\/api.w.org\/{rel}","templated":true}]}}