{"id":24259,"date":"2022-11-15T22:19:14","date_gmt":"2022-11-16T01:19:14","guid":{"rendered":"https:\/\/radiorevelacionfm.cl\/?p=24259"},"modified":"2022-11-15T22:19:14","modified_gmt":"2022-11-16T01:19:14","slug":"carabineros-nuevamente-aprehendio-a-dos-personas-que-en-conjunto-registran-cerca-de-30-detenciones","status":"publish","type":"post","link":"https:\/\/radiorevelacionfm.cl\/?p=24259","title":{"rendered":"Carabineros nuevamente aprehendi\u00f3 a dos personas que en conjunto registran cerca de 30 detenciones"},"content":{"rendered":"<div class=\"flex_column av_one_full  flex_column_div av-zero-column-padding first  avia-builder-el-0  el_before_av_one_full  avia-builder-el-first  \" style='border-radius:0px; '><div  class='avia-image-container  av-styling-    avia-builder-el-1  avia-builder-el-no-sibling  avia-align-center '  itemprop=\"image\" itemscope=\"itemscope\" itemtype=\"https:\/\/schema.org\/ImageObject\"  ><div class='avia-image-container-inner'><div class='avia-image-overlay-wrap'><img decoding=\"async\" class='wp-image-24260 avia-img-lazy-loading-not-24260 avia_image' src=\"https:\/\/radiorevelacionfm.cl\/wp-content\/uploads\/2022\/11\/SIAT-1-2-2.jpg\" alt='' title='SIAT-1-2-2' height=\"600\" width=\"1086\"  itemprop=\"thumbnailUrl\" srcset=\"https:\/\/radiorevelacionfm.cl\/wp-content\/uploads\/2022\/11\/SIAT-1-2-2.jpg 1086w, https:\/\/radiorevelacionfm.cl\/wp-content\/uploads\/2022\/11\/SIAT-1-2-2-300x166.jpg 300w, https:\/\/radiorevelacionfm.cl\/wp-content\/uploads\/2022\/11\/SIAT-1-2-2-1030x569.jpg 1030w, https:\/\/radiorevelacionfm.cl\/wp-content\/uploads\/2022\/11\/SIAT-1-2-2-768x424.jpg 768w, https:\/\/radiorevelacionfm.cl\/wp-content\/uploads\/2022\/11\/SIAT-1-2-2-705x390.jpg 705w, https:\/\/radiorevelacionfm.cl\/wp-content\/uploads\/2022\/11\/SIAT-1-2-2-600x331.jpg 600w\" sizes=\"(max-width: 1086px) 100vw, 1086px\" \/><\/div><\/div><\/div><\/div><div class=\"flex_column av_one_full  flex_column_div av-zero-column-padding first  avia-builder-el-2  el_after_av_one_full  el_before_av_one_full  column-top-margin\" style='border-radius:0px; '><section class=\"av_textblock_section \"  itemscope=\"itemscope\" itemtype=\"https:\/\/schema.org\/BlogPosting\" itemprop=\"blogPost\" ><div class='avia_textblock  '   itemprop=\"text\" ><p style=\"text-align: center;\"><span style=\"font-size: 18pt;\"><b>Carabineros nuevamente aprehendi\u00f3 a dos personas que en conjunto registran cerca de 30 detenciones<\/b><\/span><\/p>\n<div id=\"gtx-trans\" style=\"position: absolute; left: -50px; top: 4.31534px;\">\n<div class=\"gtx-trans-icon\"><\/div>\n<\/div>\n<\/div><\/section><\/div><div class=\"flex_column av_one_full  flex_column_div av-zero-column-padding first  avia-builder-el-4  el_after_av_one_full  el_before_av_hr  column-top-margin\" style='border-radius:0px; '><section class=\"av_textblock_section \"  itemscope=\"itemscope\" itemtype=\"https:\/\/schema.org\/BlogPosting\" itemprop=\"blogPost\" ><div class='avia_textblock  '   itemprop=\"text\" ><div style=\"text-align: justify;\">\n<p class=\"v1MsoNormal\" style=\"text-align: justify;\">Los infractores \u2013quienes hab\u00edan sido detenidos el s\u00e1bado reci\u00e9n pasado- fueron atrapados esta vez por conducci\u00f3n en estado de ebriedad, da\u00f1os particulares, da\u00f1os fiscales y apropiaci\u00f3n indebida de un veh\u00edculo en el que se desplazaban.<\/p>\n<p class=\"v1MsoNormal\" style=\"text-align: justify;\">Los antecedentes fueron puestos en conocimiento de la Fiscal\u00eda, en tanto que los peritajes est\u00e1n siendo desarrollados por la SIAT.<\/p>\n<p class=\"v1MsoNormal\" style=\"text-align: justify;\">Gracias a un oportuno llamado al nivel de emergencias 133 de Carabineros dando cuenta de un delito de lesiones en un aparente contexto de pendencia, motiv\u00f3 una r\u00e1pida respuesta por parte del personal de dotaci\u00f3n de la 1ra. Comisar\u00eda de Coyhaique hasta calle Divisadero, logrando la detenci\u00f3n de dos personas, quienes en conjunto poseen cerca de 30 detenciones anteriores por diversos delitos.<\/p>\n<p class=\"v1MsoNormal\" style=\"text-align: justify;\">Seg\u00fan antecedentes aportados por el Subprefecto de los Servicios de la Prefectura de Ays\u00e9n, Teniente Coronel Cristian Morgenstern Herrera, una vez que el personal lleg\u00f3 al sitio del suceso, se percatan que un veh\u00edculo choc\u00f3 a un taxi colectivo que se encontraba en el lugar.<\/p>\n<p class=\"v1MsoNormal\" style=\"text-align: justify;\">\u00abAl percatarse de esto, carabineros desciende de sus veh\u00edculos con la finalidad de detener al conductor del este m\u00f3vil y verificar el estado de salud de ambos pasajeros, instante en que uno de ellos se da a la fuga en direcci\u00f3n hacia el cerro que est\u00e1 a un costado y, es as\u00ed como carabineros logra la detenci\u00f3n de esta persona\u00bb, indic\u00f3.<\/p>\n<p class=\"v1MsoNormal\" style=\"text-align: justify;\">\u00abMientras el personal efectuaba la detenci\u00f3n, otra persona \u2013con la que en un principio estaba en pendencia este conductor- toma el veh\u00edculo, da una vuelta a la manzana y vuelve al lugar, donde colisiona un carro institucional y el cerco de un domicilio\u00bb, a\u00f1adi\u00f3 el Subprefecto de los Servicios.<\/p>\n<p class=\"v1MsoNormal\" style=\"text-align: justify;\">Tras lo anterior, Carabineros detuvo a estas personas bajo los cargos de conducci\u00f3n en estado de ebriedad, da\u00f1os particulares y da\u00f1os fiscales.<\/p>\n<p class=\"v1MsoNormal\" style=\"text-align: justify;\">\u00abDebemos destacar la recuperaci\u00f3n de un veh\u00edculo en el cual se desplazaban estas personas, el cual manten\u00eda un encargo vigente por apropiaci\u00f3n indebida\u00bb, complement\u00f3 el Oficial Jefe.<\/p>\n<p class=\"v1MsoNormal\" style=\"text-align: justify;\"><b>Reiteraciones\u00a0 <\/b><\/p>\n<p class=\"v1MsoNormal\" style=\"text-align: justify;\">Al momento de su detenci\u00f3n, el personal advirti\u00f3 que dichas personas hab\u00edan sido detenidas hace menos de 48 horas, quienes poseen m\u00faltiples antecedentes y reiteradas detenciones por diversos delitos.<\/p>\n<p class=\"v1MsoNormal\" style=\"text-align: justify;\">\u00abEl conductor de 31 a\u00f1os de edad, mantiene 23 detenciones, entre las que destacan robos con violencia, robos con intimidaci\u00f3n, robos en lugar habitado, robo en lugares no habitados, des\u00f3rdenes, amenazas, robo en bienes nacionales de uso p\u00fablico. Su acompa\u00f1ante femenina de 18 a\u00f1os de edad, es la quinta vez que es detenida, siendo anteriormente aprehendida por robo, amenazas, porte de armas y des\u00f3rdenes\u00bb, detall\u00f3 el Subprefecto de los Servicios (&#8230;). \u00abLa \u00faltima detenci\u00f3n que registran con nosotros fue la madrugada del d\u00eda s\u00e1bado reci\u00e9n pasado\u00bb, detall\u00f3.<\/p>\n<p class=\"v1MsoNormal\" style=\"text-align: justify;\">El Teniente Coronel Cristian Morgentern, a\u00f1adi\u00f3 que Carabineros existe para dar eficacia al derecho, por lo cual dichas personas ser\u00e1n detenidas cuantas veces sea necesario y puestas a disposici\u00f3n de los Tribunales de Justicia.<\/p>\n<p class=\"v1MsoNormal\" style=\"text-align: justify;\">Los antecedentes del procedimiento fueron puestos en conocimiento de la Fiscal\u00eda de dirige investigaci\u00f3n por este hecho, peritajes que est\u00e1n siendo desarrollados por la Secci\u00f3n de Investigaci\u00f3n de Accidentes de Tr\u00e1nsito, con la finalidad de establecer la din\u00e1mica, fijaci\u00f3n del sitio del suceso<\/p>\n<p class=\"v1MsoNormal\" style=\"text-align: justify;\"><b>Caso abordado en STOP\u00a0\u00a0\u00a0 <\/b><\/p>\n<p class=\"v1MsoNormal\" style=\"text-align: justify;\">Este caso, se produjo al inicio de la sesi\u00f3n del Sistema T\u00e1ctico de Operaci\u00f3n Policial\u00a0 (STOP), siendo abordada por el Jefe de Zona, General Patricio Santos Poblete en conjunto con el representante de la Delegaci\u00f3n Presidencial Regional Ays\u00e9n, el Coordinador Regional de Seguridad P\u00fablica, representantes de la Municipalidad de Coyhaique, el Alcalde de Puerto Cisnes y \u2013v\u00eda remota- la Fiscal\u00eda Regional de Ays\u00e9n y la Polic\u00eda de Investigaciones de Chile.<\/p>\n<p>En la ocasi\u00f3n, las autoridades abordaron el problema de las altas reiteraciones de los sujetos detenidos por Carabineros, el fen\u00f3meno delictual que afecta a las realidades locales de las comunas de la regi\u00f3n, as\u00ed como estrategias de prevenci\u00f3n social, situacional y policial. \u00abEs necesario ocuparse de las causas de la desviaci\u00f3n social y de los efectos que observamos diariamente (los delitos)\u00bb expres\u00f3 el General, aludiendo a la participaci\u00f3n \u00abex ante\u00bb a la decisi\u00f3n racional de los sujetos a involucrarse en rutinas delictuales&#8230; El problema de la delincuencia adem\u00e1s de tratarse con las polic\u00edas, debe abordarse desde el refuerzo val\u00f3rico que nace en las familias y se complementa en los colegios y el referente normativo de todos los grupos de referencia, durante el proceso de socializaci\u00f3n.<\/p>\n<\/div>\n<div style=\"text-align: justify;\"><\/div>\n<\/div><\/section><\/div><div  style='height:50px' class='hr hr-invisible   avia-builder-el-6  el_after_av_one_full  el_before_av_social_share '><span class='hr-inner ' ><span class='hr-inner-style'><\/span><\/span><\/div><\/p>\n<div  class='av-social-sharing-box  avia-builder-el-7  el_after_av_hr  el_before_av_hr  '><div class='av-share-box'><h5 class='av-share-link-description av-no-toc '>Compartir esta noticia<\/h5><ul class='av-share-box-list noLightbox'><li class='av-share-link av-social-link-facebook' ><a target=\"_blank\" aria-label=\"Compartir en Facebook\" href='https:\/\/www.facebook.com\/sharer.php?u=https:\/\/radiorevelacionfm.cl\/?p=24259&#038;t=Carabineros%20nuevamente%20aprehendi%C3%B3%20a%20dos%20personas%20que%20en%20conjunto%20registran%20cerca%20de%2030%20detenciones' aria-hidden='false' data-av_icon='\ue8f3' data-av_iconfont='entypo-fontello' title='' data-avia-related-tooltip='Compartir en Facebook' rel=\"noopener\"><span class='avia_hidden_link_text'>Compartir en Facebook<\/span><\/a><\/li><li class='av-share-link av-social-link-twitter' ><a target=\"_blank\" aria-label=\"Compartir en Twitter\" href='https:\/\/twitter.com\/share?text=Carabineros%20nuevamente%20aprehendi%C3%B3%20a%20dos%20personas%20que%20en%20conjunto%20registran%20cerca%20de%2030%20detenciones&#038;url=https:\/\/radiorevelacionfm.cl\/?p=24259' aria-hidden='false' data-av_icon='\ue8f1' data-av_iconfont='entypo-fontello' title='' data-avia-related-tooltip='Compartir en Twitter' rel=\"noopener\"><span class='avia_hidden_link_text'>Compartir en Twitter<\/span><\/a><\/li><li class='av-share-link av-social-link-whatsapp' ><a target=\"_blank\" aria-label=\"Compartir en Whatsapp\" href='https:\/\/api.whatsapp.com\/send?text=https:\/\/radiorevelacionfm.cl\/?p=24259' aria-hidden='false' data-av_icon='\uf232' data-av_iconfont='entypo-fontello' title='' data-avia-related-tooltip='Compartir en Whatsapp' rel=\"noopener\"><span class='avia_hidden_link_text'>Compartir en Whatsapp<\/span><\/a><\/li><li class='av-share-link av-social-link-linkedin' ><a target=\"_blank\" aria-label=\"Compartir en LinkedIn\" href='https:\/\/linkedin.com\/shareArticle?mini=true&#038;title=Carabineros%20nuevamente%20aprehendi%C3%B3%20a%20dos%20personas%20que%20en%20conjunto%20registran%20cerca%20de%2030%20detenciones&#038;url=https:\/\/radiorevelacionfm.cl\/?p=24259' aria-hidden='false' data-av_icon='\ue8fc' data-av_iconfont='entypo-fontello' title='' data-avia-related-tooltip='Compartir en LinkedIn' rel=\"noopener\"><span class='avia_hidden_link_text'>Compartir en LinkedIn<\/span><\/a><\/li><li class='av-share-link av-social-link-mail' ><a  aria-label=\"Compartir por correo\" href='mailto:?subject=Carabineros%20nuevamente%20aprehendi%C3%B3%20a%20dos%20personas%20que%20en%20conjunto%20registran%20cerca%20de%2030%20detenciones&#038;body=https:\/\/radiorevelacionfm.cl\/?p=24259' aria-hidden='false' data-av_icon='\ue805' data-av_iconfont='entypo-fontello' title='' data-avia-related-tooltip='Compartir por correo'><span class='avia_hidden_link_text'>Compartir por correo<\/span><\/a><\/li><\/ul><\/div><\/div>\n<div  style='height:50px' class='hr hr-invisible   avia-builder-el-8  el_after_av_social_share  el_before_av_comments_list '><span class='hr-inner ' ><span class='hr-inner-style'><\/span><\/span><\/div>\n<div  class='av-buildercomment  av-blog-meta-html-info-disabled av-blog-meta-tag-disabled  '><\/div>\n","protected":false},"excerpt":{"rendered":"","protected":false},"author":1,"featured_media":24260,"comment_status":"open","ping_status":"open","sticky":false,"template":"","format":"standard","meta":{"footnotes":""},"categories":[36],"tags":[],"class_list":["post-24259","post","type-post","status-publish","format-standard","has-post-thumbnail","hentry","category-policial"],"jetpack_featured_media_url":"https:\/\/radiorevelacionfm.cl\/wp-content\/uploads\/2022\/11\/SIAT-1-2-2.jpg","_links":{"self":[{"href":"https:\/\/radiorevelacionfm.cl\/index.php?rest_route=\/wp\/v2\/posts\/24259","targetHints":{"allow":["GET"]}}],"collection":[{"href":"https:\/\/radiorevelacionfm.cl\/index.php?rest_route=\/wp\/v2\/posts"}],"about":[{"href":"https:\/\/radiorevelacionfm.cl\/index.php?rest_route=\/wp\/v2\/types\/post"}],"author":[{"embeddable":true,"href":"https:\/\/radiorevelacionfm.cl\/index.php?rest_route=\/wp\/v2\/users\/1"}],"replies":[{"embeddable":true,"href":"https:\/\/radiorevelacionfm.cl\/index.php?rest_route=%2Fwp%2Fv2%2Fcomments&post=24259"}],"version-history":[{"count":2,"href":"https:\/\/radiorevelacionfm.cl\/index.php?rest_route=\/wp\/v2\/posts\/24259\/revisions"}],"predecessor-version":[{"id":24262,"href":"https:\/\/radiorevelacionfm.cl\/index.php?rest_route=\/wp\/v2\/posts\/24259\/revisions\/24262"}],"wp:featuredmedia":[{"embeddable":true,"href":"https:\/\/radiorevelacionfm.cl\/index.php?rest_route=\/wp\/v2\/media\/24260"}],"wp:attachment":[{"href":"https:\/\/radiorevelacionfm.cl\/index.php?rest_route=%2Fwp%2Fv2%2Fmedia&parent=24259"}],"wp:term":[{"taxonomy":"category","embeddable":true,"href":"https:\/\/radiorevelacionfm.cl\/index.php?rest_route=%2Fwp%2Fv2%2Fcategories&post=24259"},{"taxonomy":"post_tag","embeddable":true,"href":"https:\/\/radiorevelacionfm.cl\/index.php?rest_route=%2Fwp%2Fv2%2Ftags&post=24259"}],"curies":[{"name":"wp","href":"https:\/\/api.w.org\/{rel}","templated":true}]}}