{"id":24254,"date":"2022-11-15T21:28:09","date_gmt":"2022-11-16T00:28:09","guid":{"rendered":"https:\/\/radiorevelacionfm.cl\/?p=24254"},"modified":"2022-11-15T21:28:09","modified_gmt":"2022-11-16T00:28:09","slug":"fundacion-integra-realizo-conversatorio-sobre-desafios-de-la-infancia-en-el-siglo-xxi","status":"publish","type":"post","link":"https:\/\/radiorevelacionfm.cl\/?p=24254","title":{"rendered":"Fundaci\u00f3n Integra realiz\u00f3 conversatorio sobre Desaf\u00edos de la Infancia en el Siglo XXI"},"content":{"rendered":"<div class=\"flex_column av_one_full  flex_column_div av-zero-column-padding first  avia-builder-el-0  el_before_av_one_full  avia-builder-el-first  \" style='border-radius:0px; '><div  class='avia-image-container  av-styling-    avia-builder-el-1  avia-builder-el-no-sibling  avia-align-center '  itemprop=\"image\" itemscope=\"itemscope\" itemtype=\"https:\/\/schema.org\/ImageObject\"  ><div class='avia-image-container-inner'><div class='avia-image-overlay-wrap'><img decoding=\"async\" class='wp-image-24255 avia-img-lazy-loading-not-24255 avia_image' src=\"https:\/\/radiorevelacionfm.cl\/wp-content\/uploads\/2022\/11\/38-1-1.jpeg\" alt='' title='38 (1) (1)' height=\"600\" width=\"902\"  itemprop=\"thumbnailUrl\" srcset=\"https:\/\/radiorevelacionfm.cl\/wp-content\/uploads\/2022\/11\/38-1-1.jpeg 902w, https:\/\/radiorevelacionfm.cl\/wp-content\/uploads\/2022\/11\/38-1-1-300x200.jpeg 300w, https:\/\/radiorevelacionfm.cl\/wp-content\/uploads\/2022\/11\/38-1-1-768x511.jpeg 768w, https:\/\/radiorevelacionfm.cl\/wp-content\/uploads\/2022\/11\/38-1-1-705x469.jpeg 705w, https:\/\/radiorevelacionfm.cl\/wp-content\/uploads\/2022\/11\/38-1-1-600x399.jpeg 600w\" sizes=\"(max-width: 902px) 100vw, 902px\" \/><\/div><\/div><\/div><\/div><div class=\"flex_column av_one_full  flex_column_div av-zero-column-padding first  avia-builder-el-2  el_after_av_one_full  el_before_av_one_full  column-top-margin\" style='border-radius:0px; '><section class=\"av_textblock_section \"  itemscope=\"itemscope\" itemtype=\"https:\/\/schema.org\/BlogPosting\" itemprop=\"blogPost\" ><div class='avia_textblock  '   itemprop=\"text\" ><p style=\"text-align: center;\"><span style=\"font-size: 18pt;\"><strong>Fundaci\u00f3n Integra realiz\u00f3 conversatorio sobre Desaf\u00edos de la Infancia en el Siglo XXI<\/strong><\/span><\/p>\n<div id=\"gtx-trans\" style=\"position: absolute; left: -50px; top: 4.31534px;\">\n<div class=\"gtx-trans-icon\"><\/div>\n<\/div>\n<\/div><\/section><\/div><div class=\"flex_column av_one_full  flex_column_div av-zero-column-padding first  avia-builder-el-4  el_after_av_one_full  el_before_av_hr  column-top-margin\" style='border-radius:0px; '><section class=\"av_textblock_section \"  itemscope=\"itemscope\" itemtype=\"https:\/\/schema.org\/BlogPosting\" itemprop=\"blogPost\" ><div class='avia_textblock  '   itemprop=\"text\" ><p style=\"text-align: justify;\">La semana pasada Fundaci\u00f3n Integra de la regi\u00f3n de Ays\u00e9n desarroll\u00f3 el conversatorio \u201cReflexiones sobre los desaf\u00edos de la Educaci\u00f3n Parvularia del siglo XXI\u201d, actividad que busc\u00f3 recoger las distintas miradas que existen en el sector educaci\u00f3n, buscando con esto generar acuerdos y compromisos con los actores relevantes del nivel en el territorio aysenino.<\/p>\n<p style=\"text-align: justify;\">La directora regional de Fundaci\u00f3n Integra, Leticia Araya Norambuena, tras el fin de este encuentro destac\u00f3 que este es \u201cel puntapi\u00e9 inicial para seguir hablando de Educaci\u00f3n Parvularia, relevando las infancias como un momento que es hoy y que todo lo que nosotros podamos construir para ellos debe ser ahora\u201d. A la vez recalc\u00f3 que \u201ces fundamental articularnos entre instituciones y poder visibilizar la educaci\u00f3n parvularia en la regi\u00f3n, relevando que somos el primer ciclo de educaci\u00f3n en Chile y que para poder lograrlo debemos estar en la misma sinton\u00eda\u201d.<\/p>\n<p style=\"text-align: justify;\">Uno de los grandes desaf\u00edos en materia de infancia que enfrenta Chile, seg\u00fan la hoja de Ruta Educaci\u00f3n Parvularia 2022-2026, es que ni\u00f1os y ni\u00f1as accedan a una educaci\u00f3n de calidad, equitativa e inclusiva con el prop\u00f3sito de fortalecer las oportunidades de aprendizaje en condiciones de bienestar integral de ni\u00f1as y ni\u00f1os desde una perspectiva inclusiva.<\/p>\n<p style=\"text-align: justify;\">Radasma Millalonco, directora del Jard\u00edn Infantil \u201cAiken Yemel\u201d tras el fin de este conversatorio recalc\u00f3 que \u201cpoder convocar al mundo de la educaci\u00f3n, desde todas sus miradas, es muy importante ya que podemos llegar a un consenso de cu\u00e1les son las fortalezas y oportunidades de mejora que debemos tener en cada uno de los \u00e1mbitos en los que trabajamos, permiti\u00e9ndonos conocer otras realidades, saber c\u00f3mo se desarrollan esas acciones y poder complementar nuestro trabajo en pos de las infancias\u201d.<\/p>\n<p style=\"text-align: justify;\">Este encuentro permiti\u00f3 poder reflexionar y tomar acuerdos que permitan fortalecer el rol de los equipos educativos bajo el alero de la innovaci\u00f3n y la pertinencia cultural, as\u00ed como tambi\u00e9n en la articulaci\u00f3n del sistema y la participaci\u00f3n efectiva de las comunidades educativas.<\/p>\n<p style=\"text-align: justify;\">Eva Mora jefa de carrera de Educaci\u00f3n Parvularia de la Universidad de Magallanes destac\u00f3 que \u201cestos espacios son de suma relevancia para un trabajo m\u00e1s efectivo y conciso en torno a lo que queremos y, tambi\u00e9n respecto de los desaf\u00edos que se nos presentan con las infancias\u201d, recalcando que \u201cestamos en tiempos de cambios, en tiempo de transici\u00f3n, de cambios de paradigmas y donde el rol de la educaci\u00f3n es fundamental\u201d.<\/p>\n<p style=\"text-align: justify;\">Desde Fundaci\u00f3n Integra se\u00f1alan que para avanzar en los desaf\u00edos de la educaci\u00f3n del siglo XXI y fortalecer la gesti\u00f3n curricular se deben desarrollar\u00e1n acciones y orientaciones en los \u00e1mbitos tales como la innovaci\u00f3n, inclusi\u00f3n y flexibilidad curricular, as\u00ed como tambi\u00e9n en el enfoque de g\u00e9nero, diversidad cultural, educaci\u00f3n ambiental, h\u00e1bitos de vida activa y la educaci\u00f3n en convivencia y ciudadan\u00eda, entre otras.<\/p>\n<p style=\"text-align: justify;\">La directora regional de Fundaci\u00f3n Integra recalc\u00f3 que \u201ctuvimos la participaci\u00f3n virtual de la subsecretar\u00eda de Educaci\u00f3n Parvularia, Claudia Lagos quien nos invit\u00f3 a promover la cultura de las infancias relevando la hoja de ruta de la Educaci\u00f3n Parvularia y fortaleciendo el rol que se hace en los jardines infantiles, mostrando el trabajo que ah\u00ed se desarrolla y pensando que las ni\u00f1as y ni\u00f1os necesitan de nuestro compromiso hoy\u201d.<\/p>\n<p style=\"text-align: justify;\">Finalmente, cabe se\u00f1alar que en esta actividad participaron m\u00e1s de 30 personas provenientes de diversas reparticiones, p\u00fablicos como privados, buscando con esto poder\u00a0 fortalecer pr\u00e1cticas pedag\u00f3gicas, compartir experiencias y saberes, dialogar respecto de los cambios de paradigmas y de la nueva mirada del rol protag\u00f3nico de las ni\u00f1as y ni\u00f1os y del rol que tienen las familias y equipos educativos y directivos para una educaci\u00f3n transformadora.<\/p>\n<\/div><\/section><\/div><div  style='height:50px' class='hr hr-invisible   avia-builder-el-6  el_after_av_one_full  el_before_av_social_share '><span class='hr-inner ' ><span class='hr-inner-style'><\/span><\/span><\/div><\/p>\n<div  class='av-social-sharing-box  avia-builder-el-7  el_after_av_hr  el_before_av_hr  '><div class='av-share-box'><h5 class='av-share-link-description av-no-toc '>Compartir esta noticia<\/h5><ul class='av-share-box-list noLightbox'><li class='av-share-link av-social-link-facebook' ><a target=\"_blank\" aria-label=\"Compartir en Facebook\" href='https:\/\/www.facebook.com\/sharer.php?u=https:\/\/radiorevelacionfm.cl\/?p=24254&#038;t=Fundaci%C3%B3n%20Integra%20realiz%C3%B3%20conversatorio%20sobre%20Desaf%C3%ADos%20de%20la%20Infancia%20en%20el%20Siglo%20XXI' aria-hidden='false' data-av_icon='\ue8f3' data-av_iconfont='entypo-fontello' title='' data-avia-related-tooltip='Compartir en Facebook' rel=\"noopener\"><span class='avia_hidden_link_text'>Compartir en Facebook<\/span><\/a><\/li><li class='av-share-link av-social-link-twitter' ><a target=\"_blank\" aria-label=\"Compartir en Twitter\" href='https:\/\/twitter.com\/share?text=Fundaci%C3%B3n%20Integra%20realiz%C3%B3%20conversatorio%20sobre%20Desaf%C3%ADos%20de%20la%20Infancia%20en%20el%20Siglo%20XXI&#038;url=https:\/\/radiorevelacionfm.cl\/?p=24254' aria-hidden='false' data-av_icon='\ue8f1' data-av_iconfont='entypo-fontello' title='' data-avia-related-tooltip='Compartir en Twitter' rel=\"noopener\"><span class='avia_hidden_link_text'>Compartir en Twitter<\/span><\/a><\/li><li class='av-share-link av-social-link-whatsapp' ><a target=\"_blank\" aria-label=\"Compartir en Whatsapp\" href='https:\/\/api.whatsapp.com\/send?text=https:\/\/radiorevelacionfm.cl\/?p=24254' aria-hidden='false' data-av_icon='\uf232' data-av_iconfont='entypo-fontello' title='' data-avia-related-tooltip='Compartir en Whatsapp' rel=\"noopener\"><span class='avia_hidden_link_text'>Compartir en Whatsapp<\/span><\/a><\/li><li class='av-share-link av-social-link-linkedin' ><a target=\"_blank\" aria-label=\"Compartir en LinkedIn\" href='https:\/\/linkedin.com\/shareArticle?mini=true&#038;title=Fundaci%C3%B3n%20Integra%20realiz%C3%B3%20conversatorio%20sobre%20Desaf%C3%ADos%20de%20la%20Infancia%20en%20el%20Siglo%20XXI&#038;url=https:\/\/radiorevelacionfm.cl\/?p=24254' aria-hidden='false' data-av_icon='\ue8fc' data-av_iconfont='entypo-fontello' title='' data-avia-related-tooltip='Compartir en LinkedIn' rel=\"noopener\"><span class='avia_hidden_link_text'>Compartir en LinkedIn<\/span><\/a><\/li><li class='av-share-link av-social-link-mail' ><a  aria-label=\"Compartir por correo\" href='mailto:?subject=Fundaci%C3%B3n%20Integra%20realiz%C3%B3%20conversatorio%20sobre%20Desaf%C3%ADos%20de%20la%20Infancia%20en%20el%20Siglo%20XXI&#038;body=https:\/\/radiorevelacionfm.cl\/?p=24254' aria-hidden='false' data-av_icon='\ue805' data-av_iconfont='entypo-fontello' title='' data-avia-related-tooltip='Compartir por correo'><span class='avia_hidden_link_text'>Compartir por correo<\/span><\/a><\/li><\/ul><\/div><\/div>\n<div  style='height:50px' class='hr hr-invisible   avia-builder-el-8  el_after_av_social_share  el_before_av_comments_list '><span class='hr-inner ' ><span class='hr-inner-style'><\/span><\/span><\/div>\n<div  class='av-buildercomment  av-blog-meta-html-info-disabled av-blog-meta-tag-disabled  '><\/div>\n","protected":false},"excerpt":{"rendered":"","protected":false},"author":1,"featured_media":24255,"comment_status":"open","ping_status":"open","sticky":false,"template":"","format":"standard","meta":{"footnotes":""},"categories":[49],"tags":[],"class_list":["post-24254","post","type-post","status-publish","format-standard","has-post-thumbnail","hentry","category-educacion"],"jetpack_featured_media_url":"https:\/\/radiorevelacionfm.cl\/wp-content\/uploads\/2022\/11\/38-1-1.jpeg","_links":{"self":[{"href":"https:\/\/radiorevelacionfm.cl\/index.php?rest_route=\/wp\/v2\/posts\/24254","targetHints":{"allow":["GET"]}}],"collection":[{"href":"https:\/\/radiorevelacionfm.cl\/index.php?rest_route=\/wp\/v2\/posts"}],"about":[{"href":"https:\/\/radiorevelacionfm.cl\/index.php?rest_route=\/wp\/v2\/types\/post"}],"author":[{"embeddable":true,"href":"https:\/\/radiorevelacionfm.cl\/index.php?rest_route=\/wp\/v2\/users\/1"}],"replies":[{"embeddable":true,"href":"https:\/\/radiorevelacionfm.cl\/index.php?rest_route=%2Fwp%2Fv2%2Fcomments&post=24254"}],"version-history":[{"count":2,"href":"https:\/\/radiorevelacionfm.cl\/index.php?rest_route=\/wp\/v2\/posts\/24254\/revisions"}],"predecessor-version":[{"id":24257,"href":"https:\/\/radiorevelacionfm.cl\/index.php?rest_route=\/wp\/v2\/posts\/24254\/revisions\/24257"}],"wp:featuredmedia":[{"embeddable":true,"href":"https:\/\/radiorevelacionfm.cl\/index.php?rest_route=\/wp\/v2\/media\/24255"}],"wp:attachment":[{"href":"https:\/\/radiorevelacionfm.cl\/index.php?rest_route=%2Fwp%2Fv2%2Fmedia&parent=24254"}],"wp:term":[{"taxonomy":"category","embeddable":true,"href":"https:\/\/radiorevelacionfm.cl\/index.php?rest_route=%2Fwp%2Fv2%2Fcategories&post=24254"},{"taxonomy":"post_tag","embeddable":true,"href":"https:\/\/radiorevelacionfm.cl\/index.php?rest_route=%2Fwp%2Fv2%2Ftags&post=24254"}],"curies":[{"name":"wp","href":"https:\/\/api.w.org\/{rel}","templated":true}]}}