{"id":24250,"date":"2022-11-15T19:59:49","date_gmt":"2022-11-15T22:59:49","guid":{"rendered":"https:\/\/radiorevelacionfm.cl\/?p=24250"},"modified":"2022-11-15T19:59:49","modified_gmt":"2022-11-15T22:59:49","slug":"diputado-calisto-apoya-demanda-de-guardaparques-y-pide-al-gobierno-mejorar-sus-condiciones-laborales","status":"publish","type":"post","link":"https:\/\/radiorevelacionfm.cl\/?p=24250","title":{"rendered":"Diputado Calisto apoya demanda de guardaparques y pide al Gobierno mejorar sus condiciones laborales"},"content":{"rendered":"<div class=\"flex_column av_one_full  flex_column_div av-zero-column-padding first  avia-builder-el-0  el_before_av_one_full  avia-builder-el-first  \" style='border-radius:0px; '><div  class='avia-image-container  av-styling-    avia-builder-el-1  avia-builder-el-no-sibling  avia-align-center '  itemprop=\"image\" itemscope=\"itemscope\" itemtype=\"https:\/\/schema.org\/ImageObject\"  ><div class='avia-image-container-inner'><div class='avia-image-overlay-wrap'><img decoding=\"async\" class='wp-image-24251 avia-img-lazy-loading-not-24251 avia_image' src=\"https:\/\/radiorevelacionfm.cl\/wp-content\/uploads\/2022\/11\/FOTO-CALISTO-GUARDAPARQUES-1-1.jpg\" alt='' title='FOTO CALISTO GUARDAPARQUES (1) (1)' height=\"600\" width=\"1068\"  itemprop=\"thumbnailUrl\" srcset=\"https:\/\/radiorevelacionfm.cl\/wp-content\/uploads\/2022\/11\/FOTO-CALISTO-GUARDAPARQUES-1-1.jpg 1068w, https:\/\/radiorevelacionfm.cl\/wp-content\/uploads\/2022\/11\/FOTO-CALISTO-GUARDAPARQUES-1-1-300x169.jpg 300w, https:\/\/radiorevelacionfm.cl\/wp-content\/uploads\/2022\/11\/FOTO-CALISTO-GUARDAPARQUES-1-1-1030x579.jpg 1030w, https:\/\/radiorevelacionfm.cl\/wp-content\/uploads\/2022\/11\/FOTO-CALISTO-GUARDAPARQUES-1-1-768x431.jpg 768w, https:\/\/radiorevelacionfm.cl\/wp-content\/uploads\/2022\/11\/FOTO-CALISTO-GUARDAPARQUES-1-1-705x396.jpg 705w, https:\/\/radiorevelacionfm.cl\/wp-content\/uploads\/2022\/11\/FOTO-CALISTO-GUARDAPARQUES-1-1-600x337.jpg 600w\" sizes=\"(max-width: 1068px) 100vw, 1068px\" \/><\/div><\/div><\/div><\/div><div class=\"flex_column av_one_full  flex_column_div av-zero-column-padding first  avia-builder-el-2  el_after_av_one_full  el_before_av_one_full  column-top-margin\" style='border-radius:0px; '><section class=\"av_textblock_section \"  itemscope=\"itemscope\" itemtype=\"https:\/\/schema.org\/BlogPosting\" itemprop=\"blogPost\" ><div class='avia_textblock  '   itemprop=\"text\" ><p style=\"text-align: center;\"><span style=\"font-size: 18pt;\"><b><span lang=\"ES\">Diputado Calisto apoya demanda de guardaparques y pide al Gobierno mejorar sus condiciones laborales<\/span><\/b><\/span><\/p>\n<div id=\"gtx-trans\" style=\"position: absolute; left: -50px; top: 4.31534px;\">\n<div class=\"gtx-trans-icon\"><\/div>\n<\/div>\n<\/div><\/section><\/div><div class=\"flex_column av_one_full  flex_column_div av-zero-column-padding first  avia-builder-el-4  el_after_av_one_full  el_before_av_hr  column-top-margin\" style='border-radius:0px; '><section class=\"av_textblock_section \"  itemscope=\"itemscope\" itemtype=\"https:\/\/schema.org\/BlogPosting\" itemprop=\"blogPost\" ><div class='avia_textblock  '   itemprop=\"text\" ><p style=\"font-weight: 400; text-align: justify;\">El diputado Miguel \u00c1ngel Calisto se traslad\u00f3 hasta la Reserva Nacional Coyhaique para reunirse con un grupo de representantes del cuerpo de guardaparques de la regi\u00f3n, quienes le plantearon las distintas problem\u00e1ticas que afectan su trabajo, como la falta de equipamiento y de personal, lo que los mantiene hace diez d\u00edas en un paro indefinido.<\/p>\n<p style=\"font-weight: 400; text-align: justify;\">Seg\u00fan el legislador, \u201cestamos acompa\u00f1ando la demanda y el requerimiento que hacen los guardaparques por la situaci\u00f3n paup\u00e9rrima que est\u00e1n viviendo, de bajas asignaciones, falta de personal, de equipamiento y medios de transporte. En la regi\u00f3n de Ays\u00e9n, 45 guardaparques deben estar a cargo de m\u00e1s de siete millones de hect\u00e1reas\u201d.<\/p>\n<p style=\"font-weight: 400; text-align: justify;\">\u201cNo hay una mirada estrat\u00e9gica por parte del Estado de Chile en relaci\u00f3n a sus propias tierras. Ays\u00e9n y Magallanes tienen la mayor cantidad de \u00e1reas protegidas del pa\u00eds, un territorio muy extenso que est\u00e1 totalmente abandonado. No es posible resguardar todas las \u00e1reas protegidas con tan poco personal\u201d, indic\u00f3 el legislador.<\/p>\n<p style=\"font-weight: 400; text-align: justify;\">El parlamentario afirm\u00f3 que \u201clos 45 valientes guardaparques que hoy en d\u00eda est\u00e1n encargados de las \u00e1reas protegidas de la regi\u00f3n, est\u00e1n haciendo malabares para poder hacer su trabajo. Estamos apoyando su causa y presentamos una indicaci\u00f3n en la discusi\u00f3n de presupuesto para que est\u00e9n los recursos necesarios para mejorar las condiciones de estos trabajadores. Necesitamos que el Gobierno la considere\u201d.<\/p>\n<p style=\"font-weight: 400; text-align: justify;\">Finalmente, Juan Pincheira, uno de los voceros de la asociaci\u00f3n de guarda parques, afirm\u00f3 que \u201cen este momento tenemos que ser escuchados. Nos sentimos abandonados y tenemos que llegar a acuerdos. Estamos en una movilizaci\u00f3n que ya lleva 10 d\u00edas, tiene que existir la voluntad para sentarse a conversar y que hayan hechos concretos. Nosotros necesitamos que se pongan la mano en el coraz\u00f3n. As\u00ed como vienen y disfrutan las \u00e1reas protegidas en la regi\u00f3n, nosotros hacemos todo lo posible para cuidarlas, pero necesitamos el apoyo del Estado para que se haga cargo de todas las \u00e1reas que tiene abandonadas en el sur de Chile\u201d.<\/p>\n<\/div><\/section><\/div><div  style='height:50px' class='hr hr-invisible   avia-builder-el-6  el_after_av_one_full  el_before_av_social_share '><span class='hr-inner ' ><span class='hr-inner-style'><\/span><\/span><\/div><\/p>\n<div  class='av-social-sharing-box  avia-builder-el-7  el_after_av_hr  el_before_av_hr  '><div class='av-share-box'><h5 class='av-share-link-description av-no-toc '>Compartir esta noticia<\/h5><ul class='av-share-box-list noLightbox'><li class='av-share-link av-social-link-facebook' ><a target=\"_blank\" aria-label=\"Compartir en Facebook\" href='https:\/\/www.facebook.com\/sharer.php?u=https:\/\/radiorevelacionfm.cl\/?p=24250&#038;t=Diputado%20Calisto%20apoya%20demanda%20de%20guardaparques%20y%20pide%20al%20Gobierno%20mejorar%20sus%20condiciones%20laborales' aria-hidden='false' data-av_icon='\ue8f3' data-av_iconfont='entypo-fontello' title='' data-avia-related-tooltip='Compartir en Facebook' rel=\"noopener\"><span class='avia_hidden_link_text'>Compartir en Facebook<\/span><\/a><\/li><li class='av-share-link av-social-link-twitter' ><a target=\"_blank\" aria-label=\"Compartir en Twitter\" href='https:\/\/twitter.com\/share?text=Diputado%20Calisto%20apoya%20demanda%20de%20guardaparques%20y%20pide%20al%20Gobierno%20mejorar%20sus%20condiciones%20laborales&#038;url=https:\/\/radiorevelacionfm.cl\/?p=24250' aria-hidden='false' data-av_icon='\ue8f1' data-av_iconfont='entypo-fontello' title='' data-avia-related-tooltip='Compartir en Twitter' rel=\"noopener\"><span class='avia_hidden_link_text'>Compartir en Twitter<\/span><\/a><\/li><li class='av-share-link av-social-link-whatsapp' ><a target=\"_blank\" aria-label=\"Compartir en Whatsapp\" href='https:\/\/api.whatsapp.com\/send?text=https:\/\/radiorevelacionfm.cl\/?p=24250' aria-hidden='false' data-av_icon='\uf232' data-av_iconfont='entypo-fontello' title='' data-avia-related-tooltip='Compartir en Whatsapp' rel=\"noopener\"><span class='avia_hidden_link_text'>Compartir en Whatsapp<\/span><\/a><\/li><li class='av-share-link av-social-link-linkedin' ><a target=\"_blank\" aria-label=\"Compartir en LinkedIn\" href='https:\/\/linkedin.com\/shareArticle?mini=true&#038;title=Diputado%20Calisto%20apoya%20demanda%20de%20guardaparques%20y%20pide%20al%20Gobierno%20mejorar%20sus%20condiciones%20laborales&#038;url=https:\/\/radiorevelacionfm.cl\/?p=24250' aria-hidden='false' data-av_icon='\ue8fc' data-av_iconfont='entypo-fontello' title='' data-avia-related-tooltip='Compartir en LinkedIn' rel=\"noopener\"><span class='avia_hidden_link_text'>Compartir en LinkedIn<\/span><\/a><\/li><li class='av-share-link av-social-link-mail' ><a  aria-label=\"Compartir por correo\" href='mailto:?subject=Diputado%20Calisto%20apoya%20demanda%20de%20guardaparques%20y%20pide%20al%20Gobierno%20mejorar%20sus%20condiciones%20laborales&#038;body=https:\/\/radiorevelacionfm.cl\/?p=24250' aria-hidden='false' data-av_icon='\ue805' data-av_iconfont='entypo-fontello' title='' data-avia-related-tooltip='Compartir por correo'><span class='avia_hidden_link_text'>Compartir por correo<\/span><\/a><\/li><\/ul><\/div><\/div>\n<div  style='height:50px' class='hr hr-invisible   avia-builder-el-8  el_after_av_social_share  el_before_av_comments_list '><span class='hr-inner ' ><span class='hr-inner-style'><\/span><\/span><\/div>\n<div  class='av-buildercomment  av-blog-meta-html-info-disabled av-blog-meta-tag-disabled  '><\/div>\n","protected":false},"excerpt":{"rendered":"","protected":false},"author":1,"featured_media":24251,"comment_status":"open","ping_status":"open","sticky":false,"template":"","format":"standard","meta":{"footnotes":""},"categories":[38],"tags":[],"class_list":["post-24250","post","type-post","status-publish","format-standard","has-post-thumbnail","hentry","category-regional"],"jetpack_featured_media_url":"https:\/\/radiorevelacionfm.cl\/wp-content\/uploads\/2022\/11\/FOTO-CALISTO-GUARDAPARQUES-1-1.jpg","_links":{"self":[{"href":"https:\/\/radiorevelacionfm.cl\/index.php?rest_route=\/wp\/v2\/posts\/24250","targetHints":{"allow":["GET"]}}],"collection":[{"href":"https:\/\/radiorevelacionfm.cl\/index.php?rest_route=\/wp\/v2\/posts"}],"about":[{"href":"https:\/\/radiorevelacionfm.cl\/index.php?rest_route=\/wp\/v2\/types\/post"}],"author":[{"embeddable":true,"href":"https:\/\/radiorevelacionfm.cl\/index.php?rest_route=\/wp\/v2\/users\/1"}],"replies":[{"embeddable":true,"href":"https:\/\/radiorevelacionfm.cl\/index.php?rest_route=%2Fwp%2Fv2%2Fcomments&post=24250"}],"version-history":[{"count":2,"href":"https:\/\/radiorevelacionfm.cl\/index.php?rest_route=\/wp\/v2\/posts\/24250\/revisions"}],"predecessor-version":[{"id":24253,"href":"https:\/\/radiorevelacionfm.cl\/index.php?rest_route=\/wp\/v2\/posts\/24250\/revisions\/24253"}],"wp:featuredmedia":[{"embeddable":true,"href":"https:\/\/radiorevelacionfm.cl\/index.php?rest_route=\/wp\/v2\/media\/24251"}],"wp:attachment":[{"href":"https:\/\/radiorevelacionfm.cl\/index.php?rest_route=%2Fwp%2Fv2%2Fmedia&parent=24250"}],"wp:term":[{"taxonomy":"category","embeddable":true,"href":"https:\/\/radiorevelacionfm.cl\/index.php?rest_route=%2Fwp%2Fv2%2Fcategories&post=24250"},{"taxonomy":"post_tag","embeddable":true,"href":"https:\/\/radiorevelacionfm.cl\/index.php?rest_route=%2Fwp%2Fv2%2Ftags&post=24250"}],"curies":[{"name":"wp","href":"https:\/\/api.w.org\/{rel}","templated":true}]}}