{"id":24246,"date":"2022-11-15T19:53:29","date_gmt":"2022-11-15T22:53:29","guid":{"rendered":"https:\/\/radiorevelacionfm.cl\/?p=24246"},"modified":"2022-11-15T19:53:29","modified_gmt":"2022-11-15T22:53:29","slug":"aprueban-mas-de-5-mil-millones-de-pesos-para-financiar-reposicion-de-escuela-despertar","status":"publish","type":"post","link":"https:\/\/radiorevelacionfm.cl\/?p=24246","title":{"rendered":"Aprueban m\u00e1s de $5 mil millones de pesos para financiar reposici\u00f3n de Escuela Despertar"},"content":{"rendered":"<div class=\"flex_column av_one_full  flex_column_div av-zero-column-padding first  avia-builder-el-0  el_before_av_one_full  avia-builder-el-first  \" style='border-radius:0px; '><div  class='avia-image-container  av-styling-    avia-builder-el-1  avia-builder-el-no-sibling  avia-align-center '  itemprop=\"image\" itemscope=\"itemscope\" itemtype=\"https:\/\/schema.org\/ImageObject\"  ><div class='avia-image-container-inner'><div class='avia-image-overlay-wrap'><img decoding=\"async\" class='wp-image-24247 avia-img-lazy-loading-not-24247 avia_image' src=\"https:\/\/radiorevelacionfm.cl\/wp-content\/uploads\/2022\/11\/315178002_3451090798452674_7210618648540774251_n-1-1.jpg\" alt='' title='315178002_3451090798452674_7210618648540774251_n (1) (1)' height=\"600\" width=\"800\"  itemprop=\"thumbnailUrl\" srcset=\"https:\/\/radiorevelacionfm.cl\/wp-content\/uploads\/2022\/11\/315178002_3451090798452674_7210618648540774251_n-1-1.jpg 800w, https:\/\/radiorevelacionfm.cl\/wp-content\/uploads\/2022\/11\/315178002_3451090798452674_7210618648540774251_n-1-1-300x225.jpg 300w, https:\/\/radiorevelacionfm.cl\/wp-content\/uploads\/2022\/11\/315178002_3451090798452674_7210618648540774251_n-1-1-768x576.jpg 768w, https:\/\/radiorevelacionfm.cl\/wp-content\/uploads\/2022\/11\/315178002_3451090798452674_7210618648540774251_n-1-1-705x529.jpg 705w, https:\/\/radiorevelacionfm.cl\/wp-content\/uploads\/2022\/11\/315178002_3451090798452674_7210618648540774251_n-1-1-600x450.jpg 600w\" sizes=\"(max-width: 800px) 100vw, 800px\" \/><\/div><\/div><\/div><\/div><div class=\"flex_column av_one_full  flex_column_div av-zero-column-padding first  avia-builder-el-2  el_after_av_one_full  el_before_av_one_full  column-top-margin\" style='border-radius:0px; '><section class=\"av_textblock_section \"  itemscope=\"itemscope\" itemtype=\"https:\/\/schema.org\/BlogPosting\" itemprop=\"blogPost\" ><div class='avia_textblock  '   itemprop=\"text\" ><p style=\"text-align: center;\"><span style=\"font-size: 18pt;\"><strong>Aprueban m\u00e1s de $5 mil millones de pesos para financiar reposici\u00f3n de Escuela Despertar<\/strong><\/span><\/p>\n<div id=\"gtx-trans\" style=\"position: absolute; left: -50px; top: 4.31534px;\">\n<div class=\"gtx-trans-icon\"><\/div>\n<\/div>\n<\/div><\/section><\/div><div class=\"flex_column av_one_full  flex_column_div av-zero-column-padding first  avia-builder-el-4  el_after_av_one_full  el_before_av_hr  column-top-margin\" style='border-radius:0px; '><section class=\"av_textblock_section \"  itemscope=\"itemscope\" itemtype=\"https:\/\/schema.org\/BlogPosting\" itemprop=\"blogPost\" ><div class='avia_textblock  '   itemprop=\"text\" ><p style=\"text-align: justify;\">La instancia, que se efectu\u00f3 este viernes \u00faltimo en dependencias del Gobierno Regional de Ays\u00e9n, en Coyhaique, se produjo luego de la aprobaci\u00f3n de la iniciativa en la Comisi\u00f3n Social del \u00f3rgano, en un proceso que signific\u00f3 un total de cuatro a\u00f1os para la obtenci\u00f3n de RS y posterior financiamiento.<\/p>\n<p style=\"text-align: justify;\">De esta manera, en la sesi\u00f3n estuvieron presentes el alcalde (S) de Ays\u00e9n, Marco Co\u00f1uecar, quien mostr\u00f3 su alegr\u00eda frente a esta aprobaci\u00f3n, felicitando el trabajo de todo el equipo municipal y agradeciendo la labor de todos y cada uno de los consejeros regionales, y la gobernadora regional, Andrea Mac\u00edas.<\/p>\n<p style=\"text-align: justify;\">Asimismo, particip\u00f3 la directora del establecimiento educacional, Claudia Retamal, acompa\u00f1ada por los estudiantes Constanza Seguel y Jaime Salas, quienes agradecieron al plenario en representaci\u00f3n de los 60 alumnos y alumnas de la escuela.<\/p>\n<p style=\"text-align: justify;\">La directora reconoci\u00f3 el largo camino que signific\u00f3 llegar hasta esta etapa, en este proyecto que pretende mejorar la calidad de vida de todos quienes forman parte de esta comunidad educativa. \u201cEste es un hito, es un derecho para todos los ni\u00f1os, ni\u00f1as y j\u00f3venes en situaci\u00f3n de discapacidad, no s\u00f3lo en nuestra regi\u00f3n, sino del pa\u00eds. Esto, sin duda, va a marcar un antes y un despu\u00e9s respecto a construir una escuela de tal magnitud, de tal valor que albergue a estudiantes en situaci\u00f3n de discapacidad\u201d, indic\u00f3.<\/p>\n<p style=\"text-align: justify;\">\u201cDestaco el trabajo desde el d\u00eda uno de Karen Fa\u00fandes. Yo creo que para ella como profesional y como persona, este es un proyecto que la enorgullece profundamente. Mas que agradecer, valoro las voluntades de todas y cada una de las personas que estuvieron detr\u00e1s de este proyecto. Todos los ni\u00f1os de la educaci\u00f3n se merecen una infraestructura como \u00e9sta, pero m\u00e1s a\u00fan los ni\u00f1os de la educaci\u00f3n especial que han sido postergados por largo tiempo. Tener este espacio, moderno, pensando en sus necesidades, es lo mejor\u201d, agreg\u00f3 la directiva.<\/p>\n<p style=\"text-align: justify;\">Por su parte, Karen Fa\u00fandes, profesional arquitecto a cargo de la unidad de Proyectos e Infraestructura de la Direccion de Educaci\u00f3n Municipal de Ays\u00e9n, dio a conocer cada uno de los procesos que implican este proyecto, de cara a que pueda convertirse en una realidad.\u00a0 Iniciativa que comenz\u00f3 su dise\u00f1o durante el a\u00f1o 2018 a trav\u00e9s de la contrataci\u00f3n de la consultora Bis Arquitectos, y cuyo perfil fue aprobado en abril de 2022, avanzando en un camino. \u201cAhora que fue aprobada se viene un largo proceso de ejecuci\u00f3n. La unidad t\u00e9cnica estar\u00e1 elaborando el plan de mitigaci\u00f3n que va a permitir habilitar los espacios para trasladar al establecimiento de manera que puedan iniciar las obras, y adem\u00e1s se elaborar\u00e1n los antecedentes administrativos, el convenio que ser\u00e1 revisado por la contralor\u00eda, preparar las bases para el proceso de licitaci\u00f3n, y por el monto del proyecto la revisi\u00f3n del proceso va a ser un poco m\u00e1s extensa, pero esperamos que todo salga bien. Para nosotros como unidad es muy satisfactorio poder contribuir con un proyecto de esta envergadura\u201d, expres\u00f3.<\/p>\n<p style=\"text-align: justify;\">Para el director DEM, Patricio B\u00f3rquez, esta aprobaci\u00f3n, m\u00e1s all\u00e1 de la infraestructura, significa hacer carne el conceto de inclusi\u00f3n. \u201cSin duda que estamos muy contentos con esta noticia para la educaci\u00f3n en Ays\u00e9n. Valorar el trabajo en equipo que, en conjunto con el alcalde Julio Uribe, permiti\u00f3 sacar adelante este proyecto. No es s\u00f3lo espacio f\u00edsico, aqu\u00ed estamos hablando de verdad de inclusi\u00f3n, se trata de construir sue\u00f1os y generar oportunidades para los ni\u00f1os y ni\u00f1as, y las familias que se cobijan al alero de la escuela Despertar\u201d, finaliz\u00f3.<\/p>\n<\/div><\/section><\/div><div  style='height:50px' class='hr hr-invisible   avia-builder-el-6  el_after_av_one_full  el_before_av_social_share '><span class='hr-inner ' ><span class='hr-inner-style'><\/span><\/span><\/div><\/p>\n<div  class='av-social-sharing-box  avia-builder-el-7  el_after_av_hr  el_before_av_hr  '><div class='av-share-box'><h5 class='av-share-link-description av-no-toc '>Compartir esta noticia<\/h5><ul class='av-share-box-list noLightbox'><li class='av-share-link av-social-link-facebook' ><a target=\"_blank\" aria-label=\"Compartir en Facebook\" href='https:\/\/www.facebook.com\/sharer.php?u=https:\/\/radiorevelacionfm.cl\/?p=24246&#038;t=Aprueban%20m%C3%A1s%20de%20%245%20mil%20millones%20de%20pesos%20para%20financiar%20reposici%C3%B3n%20de%20Escuela%20Despertar' aria-hidden='false' data-av_icon='\ue8f3' data-av_iconfont='entypo-fontello' title='' data-avia-related-tooltip='Compartir en Facebook' rel=\"noopener\"><span class='avia_hidden_link_text'>Compartir en Facebook<\/span><\/a><\/li><li class='av-share-link av-social-link-twitter' ><a target=\"_blank\" aria-label=\"Compartir en Twitter\" href='https:\/\/twitter.com\/share?text=Aprueban%20m%C3%A1s%20de%20%245%20mil%20millones%20de%20pesos%20para%20financiar%20reposici%C3%B3n%20de%20Escuela%20Despertar&#038;url=https:\/\/radiorevelacionfm.cl\/?p=24246' aria-hidden='false' data-av_icon='\ue8f1' data-av_iconfont='entypo-fontello' title='' data-avia-related-tooltip='Compartir en Twitter' rel=\"noopener\"><span class='avia_hidden_link_text'>Compartir en Twitter<\/span><\/a><\/li><li class='av-share-link av-social-link-whatsapp' ><a target=\"_blank\" aria-label=\"Compartir en Whatsapp\" href='https:\/\/api.whatsapp.com\/send?text=https:\/\/radiorevelacionfm.cl\/?p=24246' aria-hidden='false' data-av_icon='\uf232' data-av_iconfont='entypo-fontello' title='' data-avia-related-tooltip='Compartir en Whatsapp' rel=\"noopener\"><span class='avia_hidden_link_text'>Compartir en Whatsapp<\/span><\/a><\/li><li class='av-share-link av-social-link-linkedin' ><a target=\"_blank\" aria-label=\"Compartir en LinkedIn\" href='https:\/\/linkedin.com\/shareArticle?mini=true&#038;title=Aprueban%20m%C3%A1s%20de%20%245%20mil%20millones%20de%20pesos%20para%20financiar%20reposici%C3%B3n%20de%20Escuela%20Despertar&#038;url=https:\/\/radiorevelacionfm.cl\/?p=24246' aria-hidden='false' data-av_icon='\ue8fc' data-av_iconfont='entypo-fontello' title='' data-avia-related-tooltip='Compartir en LinkedIn' rel=\"noopener\"><span class='avia_hidden_link_text'>Compartir en LinkedIn<\/span><\/a><\/li><li class='av-share-link av-social-link-mail' ><a  aria-label=\"Compartir por correo\" href='mailto:?subject=Aprueban%20m%C3%A1s%20de%20%245%20mil%20millones%20de%20pesos%20para%20financiar%20reposici%C3%B3n%20de%20Escuela%20Despertar&#038;body=https:\/\/radiorevelacionfm.cl\/?p=24246' aria-hidden='false' data-av_icon='\ue805' data-av_iconfont='entypo-fontello' title='' data-avia-related-tooltip='Compartir por correo'><span class='avia_hidden_link_text'>Compartir por correo<\/span><\/a><\/li><\/ul><\/div><\/div>\n<div  style='height:50px' class='hr hr-invisible   avia-builder-el-8  el_after_av_social_share  el_before_av_comments_list '><span class='hr-inner ' ><span class='hr-inner-style'><\/span><\/span><\/div>\n<div  class='av-buildercomment  av-blog-meta-html-info-disabled av-blog-meta-tag-disabled  '><\/div>\n","protected":false},"excerpt":{"rendered":"","protected":false},"author":1,"featured_media":24247,"comment_status":"open","ping_status":"open","sticky":false,"template":"","format":"standard","meta":{"footnotes":""},"categories":[38],"tags":[],"class_list":["post-24246","post","type-post","status-publish","format-standard","has-post-thumbnail","hentry","category-regional"],"jetpack_featured_media_url":"https:\/\/radiorevelacionfm.cl\/wp-content\/uploads\/2022\/11\/315178002_3451090798452674_7210618648540774251_n-1-1.jpg","_links":{"self":[{"href":"https:\/\/radiorevelacionfm.cl\/index.php?rest_route=\/wp\/v2\/posts\/24246","targetHints":{"allow":["GET"]}}],"collection":[{"href":"https:\/\/radiorevelacionfm.cl\/index.php?rest_route=\/wp\/v2\/posts"}],"about":[{"href":"https:\/\/radiorevelacionfm.cl\/index.php?rest_route=\/wp\/v2\/types\/post"}],"author":[{"embeddable":true,"href":"https:\/\/radiorevelacionfm.cl\/index.php?rest_route=\/wp\/v2\/users\/1"}],"replies":[{"embeddable":true,"href":"https:\/\/radiorevelacionfm.cl\/index.php?rest_route=%2Fwp%2Fv2%2Fcomments&post=24246"}],"version-history":[{"count":2,"href":"https:\/\/radiorevelacionfm.cl\/index.php?rest_route=\/wp\/v2\/posts\/24246\/revisions"}],"predecessor-version":[{"id":24249,"href":"https:\/\/radiorevelacionfm.cl\/index.php?rest_route=\/wp\/v2\/posts\/24246\/revisions\/24249"}],"wp:featuredmedia":[{"embeddable":true,"href":"https:\/\/radiorevelacionfm.cl\/index.php?rest_route=\/wp\/v2\/media\/24247"}],"wp:attachment":[{"href":"https:\/\/radiorevelacionfm.cl\/index.php?rest_route=%2Fwp%2Fv2%2Fmedia&parent=24246"}],"wp:term":[{"taxonomy":"category","embeddable":true,"href":"https:\/\/radiorevelacionfm.cl\/index.php?rest_route=%2Fwp%2Fv2%2Fcategories&post=24246"},{"taxonomy":"post_tag","embeddable":true,"href":"https:\/\/radiorevelacionfm.cl\/index.php?rest_route=%2Fwp%2Fv2%2Ftags&post=24246"}],"curies":[{"name":"wp","href":"https:\/\/api.w.org\/{rel}","templated":true}]}}