{"id":24240,"date":"2022-11-15T17:57:10","date_gmt":"2022-11-15T20:57:10","guid":{"rendered":"https:\/\/radiorevelacionfm.cl\/?p=24240"},"modified":"2022-11-15T17:57:10","modified_gmt":"2022-11-15T20:57:10","slug":"diputada-marcia-raphael-valora-reposicion-de-presupuesto-de-liceos-bicentenarios","status":"publish","type":"post","link":"https:\/\/radiorevelacionfm.cl\/?p=24240","title":{"rendered":"Diputada Marcia Raphael valora reposici\u00f3n de presupuesto de Liceos Bicentenarios"},"content":{"rendered":"<div class=\"flex_column av_one_full  flex_column_div av-zero-column-padding first  avia-builder-el-0  el_before_av_one_full  avia-builder-el-first  \" style='border-radius:0px; '><div  class='avia-image-container  av-styling-    avia-builder-el-1  avia-builder-el-no-sibling  avia-align-center '  itemprop=\"image\" itemscope=\"itemscope\" itemtype=\"https:\/\/schema.org\/ImageObject\"  ><div class='avia-image-container-inner'><div class='avia-image-overlay-wrap'><img decoding=\"async\" class='wp-image-24235 avia-img-lazy-loading-not-24235 avia_image' src=\"https:\/\/radiorevelacionfm.cl\/wp-content\/uploads\/2022\/11\/MARCIA-RAPHAEL-1-1.jpg\" alt='' title='MARCIA RAPHAEL (1) (1)' height=\"600\" width=\"900\"  itemprop=\"thumbnailUrl\" srcset=\"https:\/\/radiorevelacionfm.cl\/wp-content\/uploads\/2022\/11\/MARCIA-RAPHAEL-1-1.jpg 900w, https:\/\/radiorevelacionfm.cl\/wp-content\/uploads\/2022\/11\/MARCIA-RAPHAEL-1-1-300x200.jpg 300w, https:\/\/radiorevelacionfm.cl\/wp-content\/uploads\/2022\/11\/MARCIA-RAPHAEL-1-1-768x512.jpg 768w, https:\/\/radiorevelacionfm.cl\/wp-content\/uploads\/2022\/11\/MARCIA-RAPHAEL-1-1-705x470.jpg 705w, https:\/\/radiorevelacionfm.cl\/wp-content\/uploads\/2022\/11\/MARCIA-RAPHAEL-1-1-600x400.jpg 600w\" sizes=\"(max-width: 900px) 100vw, 900px\" \/><\/div><\/div><\/div><\/div><div class=\"flex_column av_one_full  flex_column_div av-zero-column-padding first  avia-builder-el-2  el_after_av_one_full  el_before_av_one_full  column-top-margin\" style='border-radius:0px; '><section class=\"av_textblock_section \"  itemscope=\"itemscope\" itemtype=\"https:\/\/schema.org\/BlogPosting\" itemprop=\"blogPost\" ><div class='avia_textblock  '   itemprop=\"text\" ><p style=\"text-align: center;\"><span style=\"font-size: 18pt;\"><strong>Diputada Marcia Raphael valora reposici\u00f3n de presupuesto de Liceos Bicentenarios<\/strong><\/span><\/p>\n<div id=\"gtx-trans\" style=\"position: absolute; left: -50px; top: 4.31534px;\">\n<div class=\"gtx-trans-icon\"><\/div>\n<\/div>\n<\/div><\/section><\/div><div class=\"flex_column av_one_full  flex_column_div av-zero-column-padding first  avia-builder-el-4  el_after_av_one_full  el_before_av_hr  column-top-margin\" style='border-radius:0px; '><section class=\"av_textblock_section \"  itemscope=\"itemscope\" itemtype=\"https:\/\/schema.org\/BlogPosting\" itemprop=\"blogPost\" ><div class='avia_textblock  '   itemprop=\"text\" ><p style=\"text-align: justify;\">La Diputada de Renovaci\u00f3n Nacional e integrante de la comisi\u00f3n de Educaci\u00f3n, valor\u00f3 que, en el marco del protocolo de acuerdo, se incluyera reponer el financiamiento para el funcionamiento de los Liceos Bicentenario. Petici\u00f3n que fue formulada por los diputados de la bancada de RN en el marco de la tramitaci\u00f3n de la Ley de Presupuesto para el a\u00f1o 2023.<\/p>\n<p style=\"text-align: justify;\">En efecto, en el cap\u00edtulo cuarto del mencionado acuerdo, denominado, Educaci\u00f3n y Salud, su punto tres establece: \u201cEn materia de Liceos Bicentenario, en el proyecto de presupuestos del a\u00f1o 2023, se repondr\u00e1n los recursos no s\u00f3lo para garantizar el pago de todas las cuotas pendientes de los a\u00f1os anteriores, sino que, para efectuar nuevas convocatorias, revirtiendo la ca\u00edda que originalmente se contemplaba.<\/p>\n<p style=\"text-align: justify;\">La Diputada Raphael, refiri\u00e9ndose a la reincorporaci\u00f3n del financiamiento asegur\u00f3 que \u201cse impuso el sentido com\u00fan el valor al m\u00e9rito y el esfuerzo de los alumnos. Estamos muy conformes que el gobierno haya recapacitado y repusiera el financiamiento para los Liceos Bicentenario. No podemos jugar con el esfuerzo y las expectativas de miles de familias que buscan en estos centros educacionales acceder a una educaci\u00f3n p\u00fablica y de calidad.<\/p>\n<p style=\"text-align: justify;\">Anteriormente, el Ministro de Educaci\u00f3n Marco Antonio \u00c1vila valid\u00f3 el fin del financiamiento a los Liceos Bicentenario argumentando que buscar\u00edan entregar un financiamiento parejo a todo el sistema educativo.<\/p>\n<p style=\"text-align: justify;\">\u201cEl programa de Liceos Bicentenario ha sido evaluado positivamente por distintos expertos en la materia, y esa opini\u00f3n no puede obviarse. Me devuelve la tranquilidad, el saber que tantas familias ayseninas, como aquellas del Liceo Luisa Rabanal de Chile Chico, el Colegio Santa Teresa de Ays\u00e9n, la Escuela Agr\u00edcola de Coyhaique, y tantos otros, podr\u00e1n continuar formando a sus hijos con la seguridad de que seguir\u00e1n recibiendo una educaci\u00f3n que apunte cada vez m\u00e1s a una preparaci\u00f3n integral, la que esperamos se vaya asentando en todos los rincones de nuestra regi\u00f3n y el resto del pa\u00eds\u201d. Se\u00f1al\u00f3 la Diputada.<\/p>\n<\/div><\/section><\/div><div  style='height:50px' class='hr hr-invisible   avia-builder-el-6  el_after_av_one_full  el_before_av_social_share '><span class='hr-inner ' ><span class='hr-inner-style'><\/span><\/span><\/div><\/p>\n<div  class='av-social-sharing-box  avia-builder-el-7  el_after_av_hr  el_before_av_hr  '><div class='av-share-box'><h5 class='av-share-link-description av-no-toc '>Compartir esta noticia<\/h5><ul class='av-share-box-list noLightbox'><li class='av-share-link av-social-link-facebook' ><a target=\"_blank\" aria-label=\"Compartir en Facebook\" href='https:\/\/www.facebook.com\/sharer.php?u=https:\/\/radiorevelacionfm.cl\/?p=24240&#038;t=Diputada%20Marcia%20Raphael%20valora%20reposici%C3%B3n%20de%20presupuesto%20de%20Liceos%20Bicentenarios' aria-hidden='false' data-av_icon='\ue8f3' data-av_iconfont='entypo-fontello' title='' data-avia-related-tooltip='Compartir en Facebook' rel=\"noopener\"><span class='avia_hidden_link_text'>Compartir en Facebook<\/span><\/a><\/li><li class='av-share-link av-social-link-twitter' ><a target=\"_blank\" aria-label=\"Compartir en Twitter\" href='https:\/\/twitter.com\/share?text=Diputada%20Marcia%20Raphael%20valora%20reposici%C3%B3n%20de%20presupuesto%20de%20Liceos%20Bicentenarios&#038;url=https:\/\/radiorevelacionfm.cl\/?p=24240' aria-hidden='false' data-av_icon='\ue8f1' data-av_iconfont='entypo-fontello' title='' data-avia-related-tooltip='Compartir en Twitter' rel=\"noopener\"><span class='avia_hidden_link_text'>Compartir en Twitter<\/span><\/a><\/li><li class='av-share-link av-social-link-whatsapp' ><a target=\"_blank\" aria-label=\"Compartir en Whatsapp\" href='https:\/\/api.whatsapp.com\/send?text=https:\/\/radiorevelacionfm.cl\/?p=24240' aria-hidden='false' data-av_icon='\uf232' data-av_iconfont='entypo-fontello' title='' data-avia-related-tooltip='Compartir en Whatsapp' rel=\"noopener\"><span class='avia_hidden_link_text'>Compartir en Whatsapp<\/span><\/a><\/li><li class='av-share-link av-social-link-linkedin' ><a target=\"_blank\" aria-label=\"Compartir en LinkedIn\" href='https:\/\/linkedin.com\/shareArticle?mini=true&#038;title=Diputada%20Marcia%20Raphael%20valora%20reposici%C3%B3n%20de%20presupuesto%20de%20Liceos%20Bicentenarios&#038;url=https:\/\/radiorevelacionfm.cl\/?p=24240' aria-hidden='false' data-av_icon='\ue8fc' data-av_iconfont='entypo-fontello' title='' data-avia-related-tooltip='Compartir en LinkedIn' rel=\"noopener\"><span class='avia_hidden_link_text'>Compartir en LinkedIn<\/span><\/a><\/li><li class='av-share-link av-social-link-mail' ><a  aria-label=\"Compartir por correo\" href='mailto:?subject=Diputada%20Marcia%20Raphael%20valora%20reposici%C3%B3n%20de%20presupuesto%20de%20Liceos%20Bicentenarios&#038;body=https:\/\/radiorevelacionfm.cl\/?p=24240' aria-hidden='false' data-av_icon='\ue805' data-av_iconfont='entypo-fontello' title='' data-avia-related-tooltip='Compartir por correo'><span class='avia_hidden_link_text'>Compartir por correo<\/span><\/a><\/li><\/ul><\/div><\/div>\n<div  style='height:50px' class='hr hr-invisible   avia-builder-el-8  el_after_av_social_share  el_before_av_comments_list '><span class='hr-inner ' ><span class='hr-inner-style'><\/span><\/span><\/div>\n<div  class='av-buildercomment  av-blog-meta-html-info-disabled av-blog-meta-tag-disabled  '><\/div>\n","protected":false},"excerpt":{"rendered":"","protected":false},"author":1,"featured_media":24235,"comment_status":"open","ping_status":"open","sticky":false,"template":"","format":"standard","meta":{"footnotes":""},"categories":[35],"tags":[],"class_list":["post-24240","post","type-post","status-publish","format-standard","has-post-thumbnail","hentry","category-politica"],"jetpack_featured_media_url":"https:\/\/radiorevelacionfm.cl\/wp-content\/uploads\/2022\/11\/MARCIA-RAPHAEL-1-1.jpg","_links":{"self":[{"href":"https:\/\/radiorevelacionfm.cl\/index.php?rest_route=\/wp\/v2\/posts\/24240","targetHints":{"allow":["GET"]}}],"collection":[{"href":"https:\/\/radiorevelacionfm.cl\/index.php?rest_route=\/wp\/v2\/posts"}],"about":[{"href":"https:\/\/radiorevelacionfm.cl\/index.php?rest_route=\/wp\/v2\/types\/post"}],"author":[{"embeddable":true,"href":"https:\/\/radiorevelacionfm.cl\/index.php?rest_route=\/wp\/v2\/users\/1"}],"replies":[{"embeddable":true,"href":"https:\/\/radiorevelacionfm.cl\/index.php?rest_route=%2Fwp%2Fv2%2Fcomments&post=24240"}],"version-history":[{"count":2,"href":"https:\/\/radiorevelacionfm.cl\/index.php?rest_route=\/wp\/v2\/posts\/24240\/revisions"}],"predecessor-version":[{"id":24242,"href":"https:\/\/radiorevelacionfm.cl\/index.php?rest_route=\/wp\/v2\/posts\/24240\/revisions\/24242"}],"wp:featuredmedia":[{"embeddable":true,"href":"https:\/\/radiorevelacionfm.cl\/index.php?rest_route=\/wp\/v2\/media\/24235"}],"wp:attachment":[{"href":"https:\/\/radiorevelacionfm.cl\/index.php?rest_route=%2Fwp%2Fv2%2Fmedia&parent=24240"}],"wp:term":[{"taxonomy":"category","embeddable":true,"href":"https:\/\/radiorevelacionfm.cl\/index.php?rest_route=%2Fwp%2Fv2%2Fcategories&post=24240"},{"taxonomy":"post_tag","embeddable":true,"href":"https:\/\/radiorevelacionfm.cl\/index.php?rest_route=%2Fwp%2Fv2%2Ftags&post=24240"}],"curies":[{"name":"wp","href":"https:\/\/api.w.org\/{rel}","templated":true}]}}