{"id":24227,"date":"2022-11-15T21:33:23","date_gmt":"2022-11-16T00:33:23","guid":{"rendered":"https:\/\/radiorevelacionfm.cl\/?p=24227"},"modified":"2022-11-15T21:33:23","modified_gmt":"2022-11-16T00:33:23","slug":"en-emotiva-ceremonia-aysen-reconoce-como-hijo-a-ilustre-a-doctor-nominado-al-nobel","status":"publish","type":"post","link":"https:\/\/radiorevelacionfm.cl\/?p=24227","title":{"rendered":"En emotiva ceremonia Ays\u00e9n reconoce como Hijo a Ilustre a doctor nominado al Nobel"},"content":{"rendered":"<div class=\"flex_column av_one_full  flex_column_div av-zero-column-padding first  avia-builder-el-0  el_before_av_one_full  avia-builder-el-first  \" style='border-radius:0px; '><div  class='avia-image-container  av-styling-    avia-builder-el-1  avia-builder-el-no-sibling  avia-align-center '  itemprop=\"image\" itemscope=\"itemscope\" itemtype=\"https:\/\/schema.org\/ImageObject\"  ><div class='avia-image-container-inner'><div class='avia-image-overlay-wrap'><img decoding=\"async\" class='wp-image-24228 avia-img-lazy-loading-not-24228 avia_image' src=\"https:\/\/radiorevelacionfm.cl\/wp-content\/uploads\/2022\/11\/MACCIANI-1-1-1.jpg\" alt='' title='MACCIANI 1 (1) (1)' height=\"600\" width=\"900\"  itemprop=\"thumbnailUrl\" srcset=\"https:\/\/radiorevelacionfm.cl\/wp-content\/uploads\/2022\/11\/MACCIANI-1-1-1.jpg 900w, https:\/\/radiorevelacionfm.cl\/wp-content\/uploads\/2022\/11\/MACCIANI-1-1-1-300x200.jpg 300w, https:\/\/radiorevelacionfm.cl\/wp-content\/uploads\/2022\/11\/MACCIANI-1-1-1-768x512.jpg 768w, https:\/\/radiorevelacionfm.cl\/wp-content\/uploads\/2022\/11\/MACCIANI-1-1-1-705x470.jpg 705w, https:\/\/radiorevelacionfm.cl\/wp-content\/uploads\/2022\/11\/MACCIANI-1-1-1-600x400.jpg 600w\" sizes=\"(max-width: 900px) 100vw, 900px\" \/><\/div><\/div><\/div><\/div><div class=\"flex_column av_one_full  flex_column_div av-zero-column-padding first  avia-builder-el-2  el_after_av_one_full  el_before_av_one_full  column-top-margin\" style='border-radius:0px; '><section class=\"av_textblock_section \"  itemscope=\"itemscope\" itemtype=\"https:\/\/schema.org\/BlogPosting\" itemprop=\"blogPost\" ><div class='avia_textblock  '   itemprop=\"text\" ><p style=\"text-align: center;\"><strong><span style=\"font-size: 18pt;\">En emotiva ceremonia Ays\u00e9n reconoce como Hijo a Ilustre a doctor nominado al Nobel<\/span><\/strong><\/p>\n<div id=\"gtx-trans\" style=\"position: absolute; left: -50px; top: 4.31534px;\">\n<div class=\"gtx-trans-icon\"><\/div>\n<\/div>\n<\/div><\/section><\/div><div class=\"flex_column av_one_full  flex_column_div av-zero-column-padding first  avia-builder-el-4  el_after_av_one_full  el_before_av_hr  column-top-margin\" style='border-radius:0px; '><section class=\"av_textblock_section \"  itemscope=\"itemscope\" itemtype=\"https:\/\/schema.org\/BlogPosting\" itemprop=\"blogPost\" ><div class='avia_textblock  '   itemprop=\"text\" ><p style=\"text-align: justify;\">Con la presencia de familiares, vecinos, amigos se efectu\u00f3 en la Casa de la Cultura de Puerto Ays\u00e9n una sesi\u00f3n extraordinaria de car\u00e1cter solemne del Honorable Concejo Municipal con motivo de otorgar al Dr. Ricardo Benjam\u00edn Maccioni Baraona, la categor\u00eda de Hijo Ilustre de la comuna porte\u00f1a. Este reconocimiento es el m\u00e1ximo galard\u00f3n municipal al cual puede acceder un nacido en la zona y su obtenci\u00f3n previa fue de manera un\u00e1nime. La ceremonia fue transmitida por Internet contando con una alta audiencia y aceptaci\u00f3n ante el reconocimiento en vida generado a su basta trayectoria profesional, la cual incluye dos nominaciones al premio Nobel.<\/p>\n<p style=\"text-align: justify;\">El investigador naci\u00f3 en la ciudad de Puerto Ays\u00e9n en 1946, estudi\u00f3 la ense\u00f1anza b\u00e1sica en la misma localidad y las humanidades en Liceo Particular de Coyhaique y en el Liceo de Puerto Ays\u00e9n. Con 16 a\u00f1os viaj\u00f3 a Santiago para continuar con su formaci\u00f3n profesional en la carrera de bioqu\u00edmica y luego un postgrado en Biomedicina en la Universidad de Chile.<\/p>\n<p style=\"text-align: justify;\">En los m\u00e1s de 50 a\u00f1os de carrera, el Dr. Maccioni obtuvo grandes avances con respecto a la enfermedad del Alzheimer, que en la actualidad afecta a m\u00e1s de 45 millones de personas en todo el mundo. Actualmente tiene una Fundaci\u00f3n en la que ayuda a gente con esta patolog\u00eda. Sus investigaciones llevaron al biom\u00e9dico a ser nominado en dos oportunidades al premio Nobel en Medicina en el a\u00f1o 2021.<\/p>\n<p style=\"text-align: justify;\">Por lo anterior, la Ilustre Municipalidad de Ays\u00e9n, representada por el alcalde, Julio Uribe Alvarado y el Honorable Concejo Municipal, decidieron un\u00e1nimemente en otorgarle el t\u00edtulo de Hijo Ilustre de Ays\u00e9n al Dr. Maccioni aprovechando el viaje a la Regi\u00f3n que ten\u00eda planeado y que lo reencontr\u00f3 con la tierra que dej\u00f3 de ver hace casi 60 a\u00f1os.<\/p>\n<p style=\"text-align: justify;\">\u201cEste ha sido un evento transcendental en mi vida, que es imposible olvidar, que voy a tener siempre en mi coraz\u00f3n, realmente estoy muy emocionado. Agradezco al alcalde, Julio Uribe y a todo el Concejo Municipal, que de alguna manera me enorgullece por este tremendo homenaje. La magnificaci\u00f3n de su sentido afectivo lo aprecio much\u00edsimo, me hace ver el cari\u00f1o con que realmente me hacen esta distinci\u00f3n m\u00e1s all\u00e1 de los m\u00e9ritos acad\u00e9micos. Tengan presente que yo voy a hacer todo lo posible por ir m\u00e1s all\u00e1 de la frontera y tener logros en beneficio a nuestra comunidad de Ays\u00e9n, mi tierra\u201d, coment\u00f3 el bioqu\u00edmico.<\/p>\n<p style=\"text-align: justify;\">En tanto, el alcalde, Julio Uribe Alvarado, dirigi\u00f3 unas palabras al conmemorado luego de conferido este honor \u201cCuando comenzamos a interiorizarnos sobre su trabajo (del Dr. Maccioni), de que ha estado luchando desde hace tantos a\u00f1os y ayudando a la gente, eso es impagable. Por lo tanto, nosotros hoy, como municipio y como comunidad de Ays\u00e9n, somos los agradecidos de tenerlo ac\u00e1 y se haya dado un espacio de venir a visitarnos y escucharnos, para formar m\u00e1s lazos de amistad y que pueda agendarnos alguna otra visita\u201d, propuso el edil.<\/p>\n<p style=\"text-align: justify;\">La ceremonia termin\u00f3 con el agradecimiento a todos los presentes e invitando al reconocido a visitar las calles y lugar en el que algunas ves recorri\u00f3 en su infancia.<\/p>\n<\/div><\/section><\/div><div  style='height:50px' class='hr hr-invisible   avia-builder-el-6  el_after_av_one_full  el_before_av_social_share '><span class='hr-inner ' ><span class='hr-inner-style'><\/span><\/span><\/div><\/p>\n<div  class='av-social-sharing-box  avia-builder-el-7  el_after_av_hr  el_before_av_hr  '><div class='av-share-box'><h5 class='av-share-link-description av-no-toc '>Compartir esta noticia<\/h5><ul class='av-share-box-list noLightbox'><li class='av-share-link av-social-link-facebook' ><a target=\"_blank\" aria-label=\"Compartir en Facebook\" href='https:\/\/www.facebook.com\/sharer.php?u=https:\/\/radiorevelacionfm.cl\/?p=24227&#038;t=En%20emotiva%20ceremonia%20Ays%C3%A9n%20reconoce%20como%20Hijo%20a%20Ilustre%20a%20doctor%20nominado%20al%20Nobel' aria-hidden='false' data-av_icon='\ue8f3' data-av_iconfont='entypo-fontello' title='' data-avia-related-tooltip='Compartir en Facebook' rel=\"noopener\"><span class='avia_hidden_link_text'>Compartir en Facebook<\/span><\/a><\/li><li class='av-share-link av-social-link-twitter' ><a target=\"_blank\" aria-label=\"Compartir en Twitter\" href='https:\/\/twitter.com\/share?text=En%20emotiva%20ceremonia%20Ays%C3%A9n%20reconoce%20como%20Hijo%20a%20Ilustre%20a%20doctor%20nominado%20al%20Nobel&#038;url=https:\/\/radiorevelacionfm.cl\/?p=24227' aria-hidden='false' data-av_icon='\ue8f1' data-av_iconfont='entypo-fontello' title='' data-avia-related-tooltip='Compartir en Twitter' rel=\"noopener\"><span class='avia_hidden_link_text'>Compartir en Twitter<\/span><\/a><\/li><li class='av-share-link av-social-link-whatsapp' ><a target=\"_blank\" aria-label=\"Compartir en Whatsapp\" href='https:\/\/api.whatsapp.com\/send?text=https:\/\/radiorevelacionfm.cl\/?p=24227' aria-hidden='false' data-av_icon='\uf232' data-av_iconfont='entypo-fontello' title='' data-avia-related-tooltip='Compartir en Whatsapp' rel=\"noopener\"><span class='avia_hidden_link_text'>Compartir en Whatsapp<\/span><\/a><\/li><li class='av-share-link av-social-link-linkedin' ><a target=\"_blank\" aria-label=\"Compartir en LinkedIn\" href='https:\/\/linkedin.com\/shareArticle?mini=true&#038;title=En%20emotiva%20ceremonia%20Ays%C3%A9n%20reconoce%20como%20Hijo%20a%20Ilustre%20a%20doctor%20nominado%20al%20Nobel&#038;url=https:\/\/radiorevelacionfm.cl\/?p=24227' aria-hidden='false' data-av_icon='\ue8fc' data-av_iconfont='entypo-fontello' title='' data-avia-related-tooltip='Compartir en LinkedIn' rel=\"noopener\"><span class='avia_hidden_link_text'>Compartir en LinkedIn<\/span><\/a><\/li><li class='av-share-link av-social-link-mail' ><a  aria-label=\"Compartir por correo\" href='mailto:?subject=En%20emotiva%20ceremonia%20Ays%C3%A9n%20reconoce%20como%20Hijo%20a%20Ilustre%20a%20doctor%20nominado%20al%20Nobel&#038;body=https:\/\/radiorevelacionfm.cl\/?p=24227' aria-hidden='false' data-av_icon='\ue805' data-av_iconfont='entypo-fontello' title='' data-avia-related-tooltip='Compartir por correo'><span class='avia_hidden_link_text'>Compartir por correo<\/span><\/a><\/li><\/ul><\/div><\/div>\n<div  style='height:50px' class='hr hr-invisible   avia-builder-el-8  el_after_av_social_share  el_before_av_comments_list '><span class='hr-inner ' ><span class='hr-inner-style'><\/span><\/span><\/div>\n<div  class='av-buildercomment  av-blog-meta-html-info-disabled av-blog-meta-tag-disabled  '><\/div>\n","protected":false},"excerpt":{"rendered":"","protected":false},"author":1,"featured_media":24228,"comment_status":"open","ping_status":"open","sticky":false,"template":"","format":"standard","meta":{"footnotes":""},"categories":[38],"tags":[],"class_list":["post-24227","post","type-post","status-publish","format-standard","has-post-thumbnail","hentry","category-regional"],"jetpack_featured_media_url":"https:\/\/radiorevelacionfm.cl\/wp-content\/uploads\/2022\/11\/MACCIANI-1-1-1.jpg","_links":{"self":[{"href":"https:\/\/radiorevelacionfm.cl\/index.php?rest_route=\/wp\/v2\/posts\/24227","targetHints":{"allow":["GET"]}}],"collection":[{"href":"https:\/\/radiorevelacionfm.cl\/index.php?rest_route=\/wp\/v2\/posts"}],"about":[{"href":"https:\/\/radiorevelacionfm.cl\/index.php?rest_route=\/wp\/v2\/types\/post"}],"author":[{"embeddable":true,"href":"https:\/\/radiorevelacionfm.cl\/index.php?rest_route=\/wp\/v2\/users\/1"}],"replies":[{"embeddable":true,"href":"https:\/\/radiorevelacionfm.cl\/index.php?rest_route=%2Fwp%2Fv2%2Fcomments&post=24227"}],"version-history":[{"count":2,"href":"https:\/\/radiorevelacionfm.cl\/index.php?rest_route=\/wp\/v2\/posts\/24227\/revisions"}],"predecessor-version":[{"id":24258,"href":"https:\/\/radiorevelacionfm.cl\/index.php?rest_route=\/wp\/v2\/posts\/24227\/revisions\/24258"}],"wp:featuredmedia":[{"embeddable":true,"href":"https:\/\/radiorevelacionfm.cl\/index.php?rest_route=\/wp\/v2\/media\/24228"}],"wp:attachment":[{"href":"https:\/\/radiorevelacionfm.cl\/index.php?rest_route=%2Fwp%2Fv2%2Fmedia&parent=24227"}],"wp:term":[{"taxonomy":"category","embeddable":true,"href":"https:\/\/radiorevelacionfm.cl\/index.php?rest_route=%2Fwp%2Fv2%2Fcategories&post=24227"},{"taxonomy":"post_tag","embeddable":true,"href":"https:\/\/radiorevelacionfm.cl\/index.php?rest_route=%2Fwp%2Fv2%2Ftags&post=24227"}],"curies":[{"name":"wp","href":"https:\/\/api.w.org\/{rel}","templated":true}]}}