{"id":24223,"date":"2022-11-15T16:16:57","date_gmt":"2022-11-15T19:16:57","guid":{"rendered":"https:\/\/radiorevelacionfm.cl\/?p=24223"},"modified":"2022-11-15T16:16:57","modified_gmt":"2022-11-15T19:16:57","slug":"campana-en-aysen-busca-generar-conciencia-sobre-salud-mental-de-adolescentes-post-pandemia","status":"publish","type":"post","link":"https:\/\/radiorevelacionfm.cl\/?p=24223","title":{"rendered":"Campa\u00f1a en Ays\u00e9n busca generar conciencia sobre salud mental de adolescentes post pandemia"},"content":{"rendered":"<div class=\"flex_column av_one_full  flex_column_div av-zero-column-padding first  avia-builder-el-0  el_before_av_one_full  avia-builder-el-first  \" style='border-radius:0px; '><div  class='avia-image-container  av-styling-    avia-builder-el-1  avia-builder-el-no-sibling  avia-align-center '  itemprop=\"image\" itemscope=\"itemscope\" itemtype=\"https:\/\/schema.org\/ImageObject\"  ><div class='avia-image-container-inner'><div class='avia-image-overlay-wrap'><img decoding=\"async\" class='wp-image-24224 avia-img-lazy-loading-not-24224 avia_image' src=\"https:\/\/radiorevelacionfm.cl\/wp-content\/uploads\/2022\/11\/4A-1-1.png\" alt='' title='4A (1) (1)' height=\"600\" width=\"600\"  itemprop=\"thumbnailUrl\" srcset=\"https:\/\/radiorevelacionfm.cl\/wp-content\/uploads\/2022\/11\/4A-1-1.png 600w, https:\/\/radiorevelacionfm.cl\/wp-content\/uploads\/2022\/11\/4A-1-1-300x300.png 300w, https:\/\/radiorevelacionfm.cl\/wp-content\/uploads\/2022\/11\/4A-1-1-80x80.png 80w, https:\/\/radiorevelacionfm.cl\/wp-content\/uploads\/2022\/11\/4A-1-1-36x36.png 36w, https:\/\/radiorevelacionfm.cl\/wp-content\/uploads\/2022\/11\/4A-1-1-180x180.png 180w, https:\/\/radiorevelacionfm.cl\/wp-content\/uploads\/2022\/11\/4A-1-1-100x100.png 100w\" sizes=\"(max-width: 600px) 100vw, 600px\" \/><\/div><\/div><\/div><\/div><div class=\"flex_column av_one_full  flex_column_div av-zero-column-padding first  avia-builder-el-2  el_after_av_one_full  el_before_av_one_full  column-top-margin\" style='border-radius:0px; '><section class=\"av_textblock_section \"  itemscope=\"itemscope\" itemtype=\"https:\/\/schema.org\/BlogPosting\" itemprop=\"blogPost\" ><div class='avia_textblock  '   itemprop=\"text\" ><p style=\"text-align: center;\"><span style=\"font-size: 18pt;\"><b>Campa\u00f1a en Ays\u00e9n busca generar conciencia sobre salud mental de adolescentes post pandemia<\/b><\/span><\/p>\n<div id=\"gtx-trans\" style=\"position: absolute; left: -50px; top: 4.31534px;\">\n<div class=\"gtx-trans-icon\"><\/div>\n<\/div>\n<\/div><\/section><\/div><div class=\"flex_column av_one_full  flex_column_div av-zero-column-padding first  avia-builder-el-4  el_after_av_one_full  el_before_av_hr  column-top-margin\" style='border-radius:0px; '><section class=\"av_textblock_section \"  itemscope=\"itemscope\" itemtype=\"https:\/\/schema.org\/BlogPosting\" itemprop=\"blogPost\" ><div class='avia_textblock  '   itemprop=\"text\" ><p dir=\"ltr\" style=\"text-align: justify;\">No es un secreto que la pandemia y cuarentenas tuvieron efectos graves en la salud mental de toda la poblaci\u00f3n, en especial de los ni\u00f1os, ni\u00f1as y adolescentes, quienes en plena etapa de desarrollo, vieron interrumpidas sus rutinas escolares, sus amistades y sus vidas cotidianas. Las ni\u00f1as adolescentes son parte de los grupos m\u00e1s duramente golpeados por la pandemia, quienes hoy muestran los estragos causados en salud mental y el debilitamiento de redes.<\/p>\n<p dir=\"ltr\" style=\"text-align: justify;\">Buscando abordar esta situaci\u00f3n, en el marco del concurso Chile Compromiso de Todos y Todas, Segundo Semestre 2021, del Ministerio de Desarrollo Social, las organizaciones Paralelo 47 y Pulso Austral, realizaron en Coyhaique el proyecto \u201cEspacios de Encuentro para Promover la Equidad de G\u00e9nero y la Salud Mental de Ni\u00f1as Adolescentes\u201d.<\/p>\n<p dir=\"ltr\" style=\"text-align: justify;\">En ese contexto, se hicieron una serie de encuentros con alumnas de los liceos Josefina Aguirre Montenegro y Diego Portales, para conversar abiertamente de violencia de ge\u0301nero, autocuidado, salud mental en pandemia, igualdad de ge\u0301nero, entre otros temas definidos por ellas mismas.<\/p>\n<p dir=\"ltr\" style=\"text-align: justify;\">El objetivo del proyecto fue aumentar la red de apoyo de las adolescentes mujeres que asisten a educacio\u0301n media en Coyhaique, para sobrellevar las consecuencias de la pandemia en su salud mental y el aumento de los niveles de violencia de ge\u0301nero.<\/p>\n<p dir=\"ltr\" style=\"text-align: justify;\">Sobre la campa\u00f1a<\/p>\n<p dir=\"ltr\" style=\"text-align: justify;\">La campa\u00f1a, que ser\u00e1 difundida por redes sociales, busca generar conciencia sobre la importancia de participar activamente en la promoci\u00f3n de salud mental de las adolescentes.<\/p>\n<p dir=\"ltr\" style=\"text-align: justify;\">A trav\u00e9s de gr\u00e1ficas l\u00fadicas y cercanas, se invita a las j\u00f3venes a generar redes con sus compa\u00f1eras, buscar espacios de confianza, pedir ayuda cuando la necesitan y encontrar recursos en sus propias comunidades para recuperarse de las consecuencias de la pandemia. Cuidar y querer su cuerpo, y cuidar lo que digo de los dem\u00e1s.<\/p>\n<p dir=\"ltr\" style=\"text-align: justify;\">Los resultados del proyecto<\/p>\n<p dir=\"ltr\" style=\"text-align: justify;\">Los resultados de las conversaciones con las alumnas de los liceos de Coyhaique, se centraron en dos temas principales que preocupan a las adolescentes: la relaci\u00f3n con su cuerpo y las consecuencias de la pandemia en su autoestima y seguridad en entornos sociales.<\/p>\n<p dir=\"ltr\" style=\"text-align: justify;\">Durante los grupos de discusi\u00f3n, las participantes dicen que en general se sienten cuestionadas permanentemente por c\u00f3mo se ven y por c\u00f3mo se visten. Esos cuestionamientos son tanto de pares como de adultos, como pap\u00e1s, mam\u00e1s o abuelas. Este tipo de comentarios afectan su autoimagen y la manera en que ellas creen ser percibidas por los dem\u00e1s.<\/p>\n<p dir=\"ltr\" style=\"text-align: justify;\">En muchas ocasiones, comentarios y juicios negativos respecto a sus cuerpos y su ropa son interiorizados. Las participantes dijeron sentirse inseguras, transformando los mensajes recibidos en voces internas que les dicen permanentemente que se ven mal, o piensan que los dem\u00e1s est\u00e1n comentando cosas sobre ellas.<\/p>\n<p dir=\"ltr\" style=\"text-align: justify;\">Por otra parte, las ni\u00f1as tambi\u00e9n hablaron de las convenciones sociales sobre qu\u00e9 tipo de ropa tienen que usar respecto a su tipo de cuerpo, y tambi\u00e9n lo qu\u00e9 es o no apropiado seg\u00fan g\u00e9nero. En general, las participantes preferir\u00edan estar libres de normas sociales que les impongan formas de actuar, verse y vestirse. En ese sentido, las participantes destacan que son muchas veces otras mujeres las que m\u00e1s critican y opinan, aunque los pares hombres tambi\u00e9n son amenazantes.<\/p>\n<p dir=\"ltr\" style=\"text-align: justify;\">Los grupos de conversaci\u00f3n fueron muy importantes para compartir estas experiencias y encontrarse con otras que estuvieran enfrentando sentimientos y situaciones parecidas, formando redes y entreg\u00e1ndose apoyo mutuo. De otra manera, las inseguridades y miedos se viven en soledad. Al respecto, la confidencialidad de los grupos, as\u00ed como el clima de confianza y seguridad fue un aspecto destacado por las ni\u00f1as. Tal como coment\u00f3 una participante:<\/p>\n<p dir=\"ltr\" style=\"text-align: justify;\">\u201cLogr\u00e9 desahogarme. Me confi\u00e9 que nadie va a decir lo que hablamos o lo que dije. Me sent\u00ed c\u00f3moda\u201d<\/p>\n<p style=\"text-align: justify;\">Otro aspecto importante del proyecto tuvo que ver con la posibilidad de que los grupos se centraran en una agenda de conversaciones dise\u00f1ada y mantenida por las ni\u00f1as. Por ejemplo, un tema relevante para ellas ten\u00eda que ver con la menstruaci\u00f3n, al que le dedicaron m\u00e1s sesiones. Tal como ellas explicaron, la menstruaci\u00f3n es un aspecto que ocupa un lugar muy importante en sus vidas, afectando su desempe\u00f1o escolar, su relaci\u00f3n con los pares hombres, su afectividad y su experiencia cotidiana. Siguiendo el esp\u00edritu del proyecto, se pudo dedicar el tiempo necesario a una conversaci\u00f3n guiada por ellas sobre este tema y las implicancias en su vida diaria, en un espacio seguro, separado de los pares hombres. Al mismo tiempo, los encuentros sirvieron para que ni\u00f1as de los mismos liceos con distintas edades tambi\u00e9n pudieran relacionarse entre ellas, por ejemplo, participantes de cuarto medio invitaron a ni\u00f1as menores a que las fueran a buscar a sus salas si es que necesitaban ayuda, como por ejemplo toallas higi\u00e9nicas.<\/p>\n<p style=\"text-align: justify;\">\u00bfQu\u00e9 podemos hacer los adultos?<\/p>\n<p dir=\"ltr\" style=\"text-align: justify;\">Seg\u00fan la directora t\u00e9cnica del proyecto, la psic\u00f3loga doctora en psicolog\u00eda comunitaria, \u201cEs muy importante que las ni\u00f1as sepan que queremos escucharlas, las cosas que les gustan y les interesan, en vez de hacerlas sentir como que sus vidas no son importantes, que es la experiencia que ellas suelen tener cuando hablan con los adultos. Con eso podemos promover una cultura m\u00e1s respetuosa y cari\u00f1osa con las ni\u00f1as. Con esta campa\u00f1a tambi\u00e9n queremos hacer visibles sus necesidades y sus opiniones al resto de la comunidad\u201d.<\/p>\n<\/div><\/section><\/div><div  style='height:50px' class='hr hr-invisible   avia-builder-el-6  el_after_av_one_full  el_before_av_social_share '><span class='hr-inner ' ><span class='hr-inner-style'><\/span><\/span><\/div><\/p>\n<div  class='av-social-sharing-box  avia-builder-el-7  el_after_av_hr  el_before_av_hr  '><div class='av-share-box'><h5 class='av-share-link-description av-no-toc '>Compartir esta noticia<\/h5><ul class='av-share-box-list noLightbox'><li class='av-share-link av-social-link-facebook' ><a target=\"_blank\" aria-label=\"Compartir en Facebook\" href='https:\/\/www.facebook.com\/sharer.php?u=https:\/\/radiorevelacionfm.cl\/?p=24223&#038;t=Campa%C3%B1a%20en%20Ays%C3%A9n%20busca%20generar%20conciencia%20sobre%20salud%20mental%20de%20adolescentes%20post%20pandemia' aria-hidden='false' data-av_icon='\ue8f3' data-av_iconfont='entypo-fontello' title='' data-avia-related-tooltip='Compartir en Facebook' rel=\"noopener\"><span class='avia_hidden_link_text'>Compartir en Facebook<\/span><\/a><\/li><li class='av-share-link av-social-link-twitter' ><a target=\"_blank\" aria-label=\"Compartir en Twitter\" href='https:\/\/twitter.com\/share?text=Campa%C3%B1a%20en%20Ays%C3%A9n%20busca%20generar%20conciencia%20sobre%20salud%20mental%20de%20adolescentes%20post%20pandemia&#038;url=https:\/\/radiorevelacionfm.cl\/?p=24223' aria-hidden='false' data-av_icon='\ue8f1' data-av_iconfont='entypo-fontello' title='' data-avia-related-tooltip='Compartir en Twitter' rel=\"noopener\"><span class='avia_hidden_link_text'>Compartir en Twitter<\/span><\/a><\/li><li class='av-share-link av-social-link-whatsapp' ><a target=\"_blank\" aria-label=\"Compartir en Whatsapp\" href='https:\/\/api.whatsapp.com\/send?text=https:\/\/radiorevelacionfm.cl\/?p=24223' aria-hidden='false' data-av_icon='\uf232' data-av_iconfont='entypo-fontello' title='' data-avia-related-tooltip='Compartir en Whatsapp' rel=\"noopener\"><span class='avia_hidden_link_text'>Compartir en Whatsapp<\/span><\/a><\/li><li class='av-share-link av-social-link-linkedin' ><a target=\"_blank\" aria-label=\"Compartir en LinkedIn\" href='https:\/\/linkedin.com\/shareArticle?mini=true&#038;title=Campa%C3%B1a%20en%20Ays%C3%A9n%20busca%20generar%20conciencia%20sobre%20salud%20mental%20de%20adolescentes%20post%20pandemia&#038;url=https:\/\/radiorevelacionfm.cl\/?p=24223' aria-hidden='false' data-av_icon='\ue8fc' data-av_iconfont='entypo-fontello' title='' data-avia-related-tooltip='Compartir en LinkedIn' rel=\"noopener\"><span class='avia_hidden_link_text'>Compartir en LinkedIn<\/span><\/a><\/li><li class='av-share-link av-social-link-mail' ><a  aria-label=\"Compartir por correo\" href='mailto:?subject=Campa%C3%B1a%20en%20Ays%C3%A9n%20busca%20generar%20conciencia%20sobre%20salud%20mental%20de%20adolescentes%20post%20pandemia&#038;body=https:\/\/radiorevelacionfm.cl\/?p=24223' aria-hidden='false' data-av_icon='\ue805' data-av_iconfont='entypo-fontello' title='' data-avia-related-tooltip='Compartir por correo'><span class='avia_hidden_link_text'>Compartir por correo<\/span><\/a><\/li><\/ul><\/div><\/div>\n<div  style='height:50px' class='hr hr-invisible   avia-builder-el-8  el_after_av_social_share  el_before_av_comments_list '><span class='hr-inner ' ><span class='hr-inner-style'><\/span><\/span><\/div>\n<div  class='av-buildercomment  av-blog-meta-html-info-disabled av-blog-meta-tag-disabled  '><\/div>\n","protected":false},"excerpt":{"rendered":"","protected":false},"author":1,"featured_media":24224,"comment_status":"open","ping_status":"open","sticky":false,"template":"","format":"standard","meta":{"footnotes":""},"categories":[49],"tags":[],"class_list":["post-24223","post","type-post","status-publish","format-standard","has-post-thumbnail","hentry","category-educacion"],"jetpack_featured_media_url":"https:\/\/radiorevelacionfm.cl\/wp-content\/uploads\/2022\/11\/4A-1-1.png","_links":{"self":[{"href":"https:\/\/radiorevelacionfm.cl\/index.php?rest_route=\/wp\/v2\/posts\/24223","targetHints":{"allow":["GET"]}}],"collection":[{"href":"https:\/\/radiorevelacionfm.cl\/index.php?rest_route=\/wp\/v2\/posts"}],"about":[{"href":"https:\/\/radiorevelacionfm.cl\/index.php?rest_route=\/wp\/v2\/types\/post"}],"author":[{"embeddable":true,"href":"https:\/\/radiorevelacionfm.cl\/index.php?rest_route=\/wp\/v2\/users\/1"}],"replies":[{"embeddable":true,"href":"https:\/\/radiorevelacionfm.cl\/index.php?rest_route=%2Fwp%2Fv2%2Fcomments&post=24223"}],"version-history":[{"count":2,"href":"https:\/\/radiorevelacionfm.cl\/index.php?rest_route=\/wp\/v2\/posts\/24223\/revisions"}],"predecessor-version":[{"id":24244,"href":"https:\/\/radiorevelacionfm.cl\/index.php?rest_route=\/wp\/v2\/posts\/24223\/revisions\/24244"}],"wp:featuredmedia":[{"embeddable":true,"href":"https:\/\/radiorevelacionfm.cl\/index.php?rest_route=\/wp\/v2\/media\/24224"}],"wp:attachment":[{"href":"https:\/\/radiorevelacionfm.cl\/index.php?rest_route=%2Fwp%2Fv2%2Fmedia&parent=24223"}],"wp:term":[{"taxonomy":"category","embeddable":true,"href":"https:\/\/radiorevelacionfm.cl\/index.php?rest_route=%2Fwp%2Fv2%2Fcategories&post=24223"},{"taxonomy":"post_tag","embeddable":true,"href":"https:\/\/radiorevelacionfm.cl\/index.php?rest_route=%2Fwp%2Fv2%2Ftags&post=24223"}],"curies":[{"name":"wp","href":"https:\/\/api.w.org\/{rel}","templated":true}]}}