{"id":24216,"date":"2022-11-15T08:56:23","date_gmt":"2022-11-15T11:56:23","guid":{"rendered":"https:\/\/radiorevelacionfm.cl\/?p=24216"},"modified":"2022-11-15T08:56:23","modified_gmt":"2022-11-15T11:56:23","slug":"este-miercoles-comienzan-nuevos-cambios-en-el-transito-en-avenida-baquedano-sector-puente-la-cruz","status":"publish","type":"post","link":"https:\/\/radiorevelacionfm.cl\/?p=24216","title":{"rendered":"Este mi\u00e9rcoles comienzan nuevos cambios en el tr\u00e1nsito en Avenida Baquedano, sector Puente La Cruz"},"content":{"rendered":"<div class=\"flex_column av_one_full  flex_column_div av-zero-column-padding first  avia-builder-el-0  el_before_av_one_full  avia-builder-el-first  \" style='border-radius:0px; '><div  class='avia-image-container  av-styling-    avia-builder-el-1  avia-builder-el-no-sibling  avia-align-center '  itemprop=\"image\" itemscope=\"itemscope\" itemtype=\"https:\/\/schema.org\/ImageObject\"  ><div class='avia-image-container-inner'><div class='avia-image-overlay-wrap'><img decoding=\"async\" class='wp-image-24217 avia-img-lazy-loading-not-24217 avia_image' src=\"https:\/\/radiorevelacionfm.cl\/wp-content\/uploads\/2022\/11\/obras-avda-baquedano_4212-1_optimized.jpg\" alt='' title='obras-avda-baquedano_4212-(1)_optimized' height=\"600\" width=\"900\"  itemprop=\"thumbnailUrl\" srcset=\"https:\/\/radiorevelacionfm.cl\/wp-content\/uploads\/2022\/11\/obras-avda-baquedano_4212-1_optimized.jpg 900w, https:\/\/radiorevelacionfm.cl\/wp-content\/uploads\/2022\/11\/obras-avda-baquedano_4212-1_optimized-300x200.jpg 300w, https:\/\/radiorevelacionfm.cl\/wp-content\/uploads\/2022\/11\/obras-avda-baquedano_4212-1_optimized-768x512.jpg 768w, https:\/\/radiorevelacionfm.cl\/wp-content\/uploads\/2022\/11\/obras-avda-baquedano_4212-1_optimized-705x470.jpg 705w, https:\/\/radiorevelacionfm.cl\/wp-content\/uploads\/2022\/11\/obras-avda-baquedano_4212-1_optimized-600x400.jpg 600w\" sizes=\"(max-width: 900px) 100vw, 900px\" \/><\/div><\/div><\/div><\/div><div class=\"flex_column av_one_full  flex_column_div av-zero-column-padding first  avia-builder-el-2  el_after_av_one_full  el_before_av_one_full  column-top-margin\" style='border-radius:0px; '><section class=\"av_textblock_section \"  itemscope=\"itemscope\" itemtype=\"https:\/\/schema.org\/BlogPosting\" itemprop=\"blogPost\" ><div class='avia_textblock  '   itemprop=\"text\" ><p style=\"text-align: center;\"><strong><span style=\"font-size: 18pt;\">Este mi\u00e9rcoles comienzan nuevos cambios en el tr\u00e1nsito en Avenida Baquedano, sector Puente La Cruz<\/span><\/strong><\/p>\n<div id=\"gtx-trans\" style=\"position: absolute; left: -50px; top: 4.31534px;\">\n<div class=\"gtx-trans-icon\"><\/div>\n<\/div>\n<\/div><\/section><\/div><div class=\"flex_column av_one_full  flex_column_div av-zero-column-padding first  avia-builder-el-4  el_after_av_one_full  el_before_av_hr  column-top-margin\" style='border-radius:0px; '><section class=\"av_textblock_section \"  itemscope=\"itemscope\" itemtype=\"https:\/\/schema.org\/BlogPosting\" itemprop=\"blogPost\" ><div class='avia_textblock  '   itemprop=\"text\" ><p style=\"text-align: justify;\">\u201cConjunto de nuevas medidas responden a Estudio del Tr\u00e1nsito efectuado en el sector que indica que 600 veh\u00edculos suben al sector alto de Coyhaique y 1600 autom\u00f3viles bajan al centro de la Capital Regional en horario pick, raz\u00f3n por la que se quiere mejorar las condiciones de transitabilidad de m\u00faltiples familias que lo necesitan. Estas acciones se extender\u00e1n mientras se ejecutan obras en el puente La Cruz\u201d, afirm\u00f3 el SEREMI del MOP<\/p>\n<p style=\"text-align: justify;\">El Secretario Regional Ministerial de Obras P\u00fablicas, Patricio Sanhueza Ulloa, junto al Director Regional de ONEMI, Sidi Bravo Donoso, el Director Regional de Vialidad MOP Fernando Miranda y el Jefe Subrogante de la SIAT de Carabineros en la regi\u00f3n de Ays\u00e9n, Teniente de Carabineros de Chile Manuel C\u00e1ceres Baeza hoy informaron nuevos cambios en el tr\u00e1nsito vehicular en la Avenida Baquedano, sector puente La Cruz.<\/p>\n<p style=\"text-align: justify;\">Consultado al respecto, el SEREMI del MOP inform\u00f3 que \u201ca la fecha la situaci\u00f3n de inestabilidad de talud subsiste en el sector puente La Cruz, raz\u00f3n por la que se tomar\u00e1n todos los resguardos necesarios para mantener la seguridad de las personas y veh\u00edculos que transitan por esta v\u00eda y aunque las obras que considera el contrato se continuar\u00e1n desarrollando, vamos a mantener el tr\u00e1nsito por una v\u00eda. Adem\u00e1s, y como segunda medida solicitamos al SIAT de Carabineros que efectuara un Estudio del volumen del tr\u00e1nsito en este sector, con el objeto de poder contar con esa informaci\u00f3n para efectuar los cambios que la comunidad necesite para que disminuya la congesti\u00f3n vehicular y que ellos puedan transitar por este sector con mayor holgura y de esta forma minimizar los efectos negativos en la vida cotidiana de las personas. Este Estudio indic\u00f3 que existe un importante volumen de tr\u00e1nsito desde el sector alto de Coyhaique hacia el centro de la ciudad durante la ma\u00f1ana, por lo tanto a partir del mi\u00e9rcoles 16 de noviembre vamos a realizar las modificaciones al tr\u00e1nsito necesarias, como son mantener el tr\u00e1nsito todo el d\u00eda desde el sector alto en direcci\u00f3n al centro de Coyhaique, salvo entre las 07:00 AM y hasta las 09:00 AM en donde van a poder circular desde el sector alto todo tipo de veh\u00edculos hacia el centro, y entre las 19:00 horas y las 20 horas s\u00f3lo van a poder bajar del sector alto veh\u00edculos mayores como camiones y ser\u00e1 regulado por paleteros. El fin de semana el tr\u00e1nsito s\u00f3lo se realizar\u00e1 de subida al sector alto. Una tercera medida ser\u00e1 mantener la v\u00eda segregada para peatones y el tr\u00e1nsito bidireccional para ciclistas. Esperamos que este conjunto de medidas ayuden a la comunidad en su desplazamiento por nuestra ciudad, mientras nosotros en forma paralela, continuaremos desarrollando las obras que esperamos sean concluidas prontamente y que beneficiar\u00e1n a todas las personas que transitan por este sector\u201d.<\/p>\n<p style=\"text-align: justify;\">El Jefe Subrogante de la SIAT de Carabineros en la regi\u00f3n de Ays\u00e9n, Teniente de Carabineros de Chile Manuel C\u00e1ceres Baeza destac\u00f3 que por delegaci\u00f3n del SEREMI del MOP y del Delegado Presidencial Regional se realiz\u00f3 un Estudio del Tr\u00e1nsito en la Avenida Baquedano entre la calle Victoria y Campos de Hielo, indicando al respecto que se determin\u00f3 que el gran problema se encuentra en el sector puente La Cruz en donde la v\u00eda se segrega a solamente un sentido del tr\u00e1nsito. \u201cLa semana pasada hemos realizamos este Estudio y hemos podido determinar que la gran mayor\u00eda de la gente baja desde el sector alto hacia el centro de Coyhaique, pudiendo determinar que son 600 veh\u00edculos los que suben mientras que son 1.600 veh\u00edculos los que bajan\u201d(\u2026)<\/p>\n<p style=\"text-align: justify;\">El Jefe Subrogante de la SIAT agreg\u00f3 que \u201cla primera semana esta medida va a ser apoyada por Carabineros para que no se genere alg\u00fan tipo de confusi\u00f3n entre los conductores. Este Estudio tambi\u00e9n consider\u00f3 las v\u00edas alternativas Avenidas Francisco Bilbao, Err\u00e1zuriz y Almirante Simpson, tambi\u00e9n en este informe se ha considerado ampliar los tiempos de los sem\u00e1foros para que la gente pueda subir y no se genere una gran congesti\u00f3n vehicular. El llamado es la planificar sus viajes y a tomar v\u00edas alternativas previas. Tambi\u00e9n vamos a mantener informada a la comunidad mediante se\u00f1al informativa vertical y esta ser\u00e1 reglamentaria, por lo tanto si no se respeta dichas se\u00f1ales se pueden aplicar las multas respectivas\u201d.<\/p>\n<p style=\"text-align: justify;\">Por su parte, el Director Regional de ONEMI, Sidi Bravo Donoso, agreg\u00f3 \u201clos equipos de emergencia ABC, saben que pueden utilizar la v\u00eda en cualquier minuto tomando las medidas de precauci\u00f3n de velocidad para poder dirigirse tanto de subida o bajada para poder acudir a alguna emergencia. En ese contexto, le pedimos a las y los usuarios que cuando hay veh\u00edculos de emergencia que van en contra del sentido de la v\u00eda, tomar las previsiones correspondientes, dar el paso preferente a los veh\u00edculos de emergencia tal como lo establece la Le, porque van a atender una emergencia en un sector determinado. Cabe se\u00f1alar tambi\u00e9n que, la Municipalidad de Coyhaique ya ha adoptado medidas en distintos sem\u00e1foros tanto de calle Bilbao, Simpson, Gast\u00f3n Adasme y Err\u00e1zuriz para dar mayor flujo a aquellos usuarios que est\u00e1n utilizando esas v\u00edas alternativas para dirigirse al sector alto de la ciudad. Tambi\u00e9n, han paralizado algunas obras de mejora que ten\u00eda la Municipalidad contemplada en algunas calzadas de intersecci\u00f3n producto de esto mismo, de la condici\u00f3n de uso de v\u00edas alternativas, por lo tanto todos los organismos est\u00e1n prestando toda la colaboraci\u00f3n pertinente para poder dar un mejor servicio y seguridad a los usuarios del sector puente La cruz\u201d.<\/p>\n<p style=\"text-align: justify;\">Finalmente, el Director Regional de Vialidad del MOP Fernando Miranda a\u00f1adi\u00f3: \u201cLa empresa est\u00e1 tomando una serie de resguardos de mantenci\u00f3n de la plataforma y van a haber algunos trabajos para asegurar que no se siga deteriorando. La obra va avanzando respecto a la construcci\u00f3n del muro para contener la v\u00eda definitiva\u201d.<\/p>\n<\/div><\/section><\/div><div  style='height:50px' class='hr hr-invisible   avia-builder-el-6  el_after_av_one_full  el_before_av_social_share '><span class='hr-inner ' ><span class='hr-inner-style'><\/span><\/span><\/div><\/p>\n<div  class='av-social-sharing-box  avia-builder-el-7  el_after_av_hr  el_before_av_hr  '><div class='av-share-box'><h5 class='av-share-link-description av-no-toc '>Compartir esta noticia<\/h5><ul class='av-share-box-list noLightbox'><li class='av-share-link av-social-link-facebook' ><a target=\"_blank\" aria-label=\"Compartir en Facebook\" href='https:\/\/www.facebook.com\/sharer.php?u=https:\/\/radiorevelacionfm.cl\/?p=24216&#038;t=Este%20mi%C3%A9rcoles%20comienzan%20nuevos%20cambios%20en%20el%20tr%C3%A1nsito%20en%20Avenida%20Baquedano%2C%20sector%20Puente%20La%20Cruz' aria-hidden='false' data-av_icon='\ue8f3' data-av_iconfont='entypo-fontello' title='' data-avia-related-tooltip='Compartir en Facebook' rel=\"noopener\"><span class='avia_hidden_link_text'>Compartir en Facebook<\/span><\/a><\/li><li class='av-share-link av-social-link-twitter' ><a target=\"_blank\" aria-label=\"Compartir en Twitter\" href='https:\/\/twitter.com\/share?text=Este%20mi%C3%A9rcoles%20comienzan%20nuevos%20cambios%20en%20el%20tr%C3%A1nsito%20en%20Avenida%20Baquedano%2C%20sector%20Puente%20La%20Cruz&#038;url=https:\/\/radiorevelacionfm.cl\/?p=24216' aria-hidden='false' data-av_icon='\ue8f1' data-av_iconfont='entypo-fontello' title='' data-avia-related-tooltip='Compartir en Twitter' rel=\"noopener\"><span class='avia_hidden_link_text'>Compartir en Twitter<\/span><\/a><\/li><li class='av-share-link av-social-link-whatsapp' ><a target=\"_blank\" aria-label=\"Compartir en Whatsapp\" href='https:\/\/api.whatsapp.com\/send?text=https:\/\/radiorevelacionfm.cl\/?p=24216' aria-hidden='false' data-av_icon='\uf232' data-av_iconfont='entypo-fontello' title='' data-avia-related-tooltip='Compartir en Whatsapp' rel=\"noopener\"><span class='avia_hidden_link_text'>Compartir en Whatsapp<\/span><\/a><\/li><li class='av-share-link av-social-link-linkedin' ><a target=\"_blank\" aria-label=\"Compartir en LinkedIn\" href='https:\/\/linkedin.com\/shareArticle?mini=true&#038;title=Este%20mi%C3%A9rcoles%20comienzan%20nuevos%20cambios%20en%20el%20tr%C3%A1nsito%20en%20Avenida%20Baquedano%2C%20sector%20Puente%20La%20Cruz&#038;url=https:\/\/radiorevelacionfm.cl\/?p=24216' aria-hidden='false' data-av_icon='\ue8fc' data-av_iconfont='entypo-fontello' title='' data-avia-related-tooltip='Compartir en LinkedIn' rel=\"noopener\"><span class='avia_hidden_link_text'>Compartir en LinkedIn<\/span><\/a><\/li><li class='av-share-link av-social-link-mail' ><a  aria-label=\"Compartir por correo\" href='mailto:?subject=Este%20mi%C3%A9rcoles%20comienzan%20nuevos%20cambios%20en%20el%20tr%C3%A1nsito%20en%20Avenida%20Baquedano%2C%20sector%20Puente%20La%20Cruz&#038;body=https:\/\/radiorevelacionfm.cl\/?p=24216' aria-hidden='false' data-av_icon='\ue805' data-av_iconfont='entypo-fontello' title='' data-avia-related-tooltip='Compartir por correo'><span class='avia_hidden_link_text'>Compartir por correo<\/span><\/a><\/li><\/ul><\/div><\/div>\n<div  style='height:50px' class='hr hr-invisible   avia-builder-el-8  el_after_av_social_share  el_before_av_comments_list '><span class='hr-inner ' ><span class='hr-inner-style'><\/span><\/span><\/div>\n<div  class='av-buildercomment  av-blog-meta-html-info-disabled av-blog-meta-tag-disabled  '><\/div>\n","protected":false},"excerpt":{"rendered":"","protected":false},"author":1,"featured_media":24217,"comment_status":"open","ping_status":"open","sticky":false,"template":"","format":"standard","meta":{"footnotes":""},"categories":[38],"tags":[],"class_list":["post-24216","post","type-post","status-publish","format-standard","has-post-thumbnail","hentry","category-regional"],"jetpack_featured_media_url":"https:\/\/radiorevelacionfm.cl\/wp-content\/uploads\/2022\/11\/obras-avda-baquedano_4212-1_optimized.jpg","_links":{"self":[{"href":"https:\/\/radiorevelacionfm.cl\/index.php?rest_route=\/wp\/v2\/posts\/24216","targetHints":{"allow":["GET"]}}],"collection":[{"href":"https:\/\/radiorevelacionfm.cl\/index.php?rest_route=\/wp\/v2\/posts"}],"about":[{"href":"https:\/\/radiorevelacionfm.cl\/index.php?rest_route=\/wp\/v2\/types\/post"}],"author":[{"embeddable":true,"href":"https:\/\/radiorevelacionfm.cl\/index.php?rest_route=\/wp\/v2\/users\/1"}],"replies":[{"embeddable":true,"href":"https:\/\/radiorevelacionfm.cl\/index.php?rest_route=%2Fwp%2Fv2%2Fcomments&post=24216"}],"version-history":[{"count":2,"href":"https:\/\/radiorevelacionfm.cl\/index.php?rest_route=\/wp\/v2\/posts\/24216\/revisions"}],"predecessor-version":[{"id":24220,"href":"https:\/\/radiorevelacionfm.cl\/index.php?rest_route=\/wp\/v2\/posts\/24216\/revisions\/24220"}],"wp:featuredmedia":[{"embeddable":true,"href":"https:\/\/radiorevelacionfm.cl\/index.php?rest_route=\/wp\/v2\/media\/24217"}],"wp:attachment":[{"href":"https:\/\/radiorevelacionfm.cl\/index.php?rest_route=%2Fwp%2Fv2%2Fmedia&parent=24216"}],"wp:term":[{"taxonomy":"category","embeddable":true,"href":"https:\/\/radiorevelacionfm.cl\/index.php?rest_route=%2Fwp%2Fv2%2Fcategories&post=24216"},{"taxonomy":"post_tag","embeddable":true,"href":"https:\/\/radiorevelacionfm.cl\/index.php?rest_route=%2Fwp%2Fv2%2Ftags&post=24216"}],"curies":[{"name":"wp","href":"https:\/\/api.w.org\/{rel}","templated":true}]}}