{"id":24212,"date":"2022-11-14T21:10:53","date_gmt":"2022-11-15T00:10:53","guid":{"rendered":"https:\/\/radiorevelacionfm.cl\/?p=24212"},"modified":"2022-11-14T21:10:53","modified_gmt":"2022-11-15T00:10:53","slug":"cambio-de-mando-asume-nuevo-jefe-regional-en-la-pdi-aysen","status":"publish","type":"post","link":"https:\/\/radiorevelacionfm.cl\/?p=24212","title":{"rendered":"Cambio de mando: asume nuevo Jefe Regional en la PDI Ays\u00e9n"},"content":{"rendered":"<div class=\"flex_column av_one_full  flex_column_div av-zero-column-padding first  avia-builder-el-0  el_before_av_one_full  avia-builder-el-first  \" style='border-radius:0px; '><div  class='avia-image-container  av-styling-    avia-builder-el-1  avia-builder-el-no-sibling  avia-align-center '  itemprop=\"image\" itemscope=\"itemscope\" itemtype=\"https:\/\/schema.org\/ImageObject\"  ><div class='avia-image-container-inner'><div class='avia-image-overlay-wrap'><img decoding=\"async\" class='wp-image-24213 avia-img-lazy-loading-not-24213 avia_image' src=\"https:\/\/radiorevelacionfm.cl\/wp-content\/uploads\/2022\/11\/5O2A0633-1-1.jpg\" alt='' title='5O2A0633 (1) (1)' height=\"600\" width=\"900\"  itemprop=\"thumbnailUrl\" srcset=\"https:\/\/radiorevelacionfm.cl\/wp-content\/uploads\/2022\/11\/5O2A0633-1-1.jpg 900w, https:\/\/radiorevelacionfm.cl\/wp-content\/uploads\/2022\/11\/5O2A0633-1-1-300x200.jpg 300w, https:\/\/radiorevelacionfm.cl\/wp-content\/uploads\/2022\/11\/5O2A0633-1-1-768x512.jpg 768w, https:\/\/radiorevelacionfm.cl\/wp-content\/uploads\/2022\/11\/5O2A0633-1-1-705x470.jpg 705w, https:\/\/radiorevelacionfm.cl\/wp-content\/uploads\/2022\/11\/5O2A0633-1-1-600x400.jpg 600w\" sizes=\"(max-width: 900px) 100vw, 900px\" \/><\/div><\/div><\/div><\/div><div class=\"flex_column av_one_full  flex_column_div av-zero-column-padding first  avia-builder-el-2  el_after_av_one_full  el_before_av_one_full  column-top-margin\" style='border-radius:0px; '><section class=\"av_textblock_section \"  itemscope=\"itemscope\" itemtype=\"https:\/\/schema.org\/BlogPosting\" itemprop=\"blogPost\" ><div class='avia_textblock  '   itemprop=\"text\" ><p style=\"text-align: center;\"><span style=\"font-size: 18pt;\"><strong>Cambio de mando: asume nuevo Jefe Regional en la PDI Ays\u00e9n<\/strong><\/span><\/p>\n<div id=\"gtx-trans\" style=\"position: absolute; left: -50px; top: 4.31534px;\">\n<div class=\"gtx-trans-icon\"><\/div>\n<\/div>\n<\/div><\/section><\/div><div class=\"flex_column av_one_full  flex_column_div av-zero-column-padding first  avia-builder-el-4  el_after_av_one_full  el_before_av_hr  column-top-margin\" style='border-radius:0px; '><section class=\"av_textblock_section \"  itemscope=\"itemscope\" itemtype=\"https:\/\/schema.org\/BlogPosting\" itemprop=\"blogPost\" ><div class='avia_textblock  '   itemprop=\"text\" ><p style=\"text-align: justify;\">Este lunes 14 de noviembre, se llev\u00f3 a cabo la ceremonia de Entrega y Recepci\u00f3n de la Regi\u00f3n Policial de Ays\u00e9n del General Carlos Ib\u00e1\u00f1ez del Campo de la Polic\u00eda de Investigaciones de Chile, importante acto administrativo que protocoliza el cambio de mando de la PDI en la Regi\u00f3n de Ays\u00e9n, instancia donde asumi\u00f3 el Prefecto Luis Torralba Ram\u00edrez tras su designaci\u00f3n por parte del Director General, Don Sergio Mu\u00f1oz Y\u00e1\u00f1ez.<\/p>\n<p style=\"text-align: justify;\">La ceremonia institucional fue encabezada por el Prefecto General C\u00e9sar Cortes Pineda, Subdirector de Administraci\u00f3n Log\u00edstica e Innovaci\u00f3n, en representaci\u00f3n del Director General y del Alto Mando Institucional, quien destac\u00f3 la importancia de este acto administrativo que marca un hito en la Regi\u00f3n Policial de Ays\u00e9n.<\/p>\n<p style=\"text-align: justify;\">En la oportunidad, el prefecto Christian Fuentes Cubillos entreg\u00f3 el mando despu\u00e9s de asumir la jefatura de la Regi\u00f3n Policial de Ays\u00e9n por sucesi\u00f3n de mando a fines de septiembre, tras la destinaci\u00f3n del prefecto Delf\u00edn Olgu\u00edn Donoso, y luego de haber sido nombrado como parte del nuevo Alto Mando Institucional 2023 y designado como Jefe del Centro de Capacitaci\u00f3n Profesional de la PDI.<\/p>\n<p style=\"text-align: justify;\">As\u00ed, al asumir el mando de la Regi\u00f3n Policial de Ays\u00e9n, el Prefecto Luis Torralba agradeci\u00f3 al Director General y al Alto Mando Institucional por su designaci\u00f3n como jefe de la PDI en la Patagonia chilena, comprometi\u00e9ndose a continuar con el trabajo operativo policial, fortalecer la investigaci\u00f3n profesional de los delitos en base al an\u00e1lisis criminal, robustecer el relacionamiento estrat\u00e9gico con las autoridades regionales y socios estrat\u00e9gicos, consolidar buenas pr\u00e1cticas hacia el interior de la instituci\u00f3n , adem\u00e1s, contribuir a la seguridad ciudadana, bajo el irrestricto respeto de los derechos de las personas.<\/p>\n<p style=\"text-align: justify;\">En sus casi 32 a\u00f1os de servicio en la Polic\u00eda de Investigaciones de Chile, y gracias a su vasta experiencia policial, el Prefecto Torralba ha transitado en diferentes reparticiones operativas, en unidades de control y unidades de formaci\u00f3n que permitieron su actual designaci\u00f3n, como la Brigada de Investigaci\u00f3n Criminal Santiago Sur, Brigada de Investigaci\u00f3n Criminal Talagante, Brigada Investigadora de Robos Metropolitana, Inspector\u00eda General y el Centro de Capacitaci\u00f3n Profesional, liderando como Director del Plantel Formador de las y los Asistentes Policiales de la PDI, siendo su \u00faltima designaci\u00f3n la de Secretario General antes de ser nombrado como Jefe Regional de la Polic\u00eda de Investigaciones de Chile en Ays\u00e9n.<\/p>\n<p style=\"text-align: justify;\">En la actividad participaron diversas autoridades regionales, provinciales, sectoriales y de las Fuerzas Armadas, de Orden y Seguridad, quienes manifestaron su amplio apoyo a las labores del nuevo Jefe Regional.<\/p>\n<\/div><\/section><\/div><div  style='height:50px' class='hr hr-invisible   avia-builder-el-6  el_after_av_one_full  el_before_av_social_share '><span class='hr-inner ' ><span class='hr-inner-style'><\/span><\/span><\/div><\/p>\n<div  class='av-social-sharing-box  avia-builder-el-7  el_after_av_hr  el_before_av_hr  '><div class='av-share-box'><h5 class='av-share-link-description av-no-toc '>Compartir esta noticia<\/h5><ul class='av-share-box-list noLightbox'><li class='av-share-link av-social-link-facebook' ><a target=\"_blank\" aria-label=\"Compartir en Facebook\" href='https:\/\/www.facebook.com\/sharer.php?u=https:\/\/radiorevelacionfm.cl\/?p=24212&#038;t=Cambio%20de%20mando%3A%20asume%20nuevo%20Jefe%20Regional%20en%20la%20PDI%20Ays%C3%A9n' aria-hidden='false' data-av_icon='\ue8f3' data-av_iconfont='entypo-fontello' title='' data-avia-related-tooltip='Compartir en Facebook' rel=\"noopener\"><span class='avia_hidden_link_text'>Compartir en Facebook<\/span><\/a><\/li><li class='av-share-link av-social-link-twitter' ><a target=\"_blank\" aria-label=\"Compartir en Twitter\" href='https:\/\/twitter.com\/share?text=Cambio%20de%20mando%3A%20asume%20nuevo%20Jefe%20Regional%20en%20la%20PDI%20Ays%C3%A9n&#038;url=https:\/\/radiorevelacionfm.cl\/?p=24212' aria-hidden='false' data-av_icon='\ue8f1' data-av_iconfont='entypo-fontello' title='' data-avia-related-tooltip='Compartir en Twitter' rel=\"noopener\"><span class='avia_hidden_link_text'>Compartir en Twitter<\/span><\/a><\/li><li class='av-share-link av-social-link-whatsapp' ><a target=\"_blank\" aria-label=\"Compartir en Whatsapp\" href='https:\/\/api.whatsapp.com\/send?text=https:\/\/radiorevelacionfm.cl\/?p=24212' aria-hidden='false' data-av_icon='\uf232' data-av_iconfont='entypo-fontello' title='' data-avia-related-tooltip='Compartir en Whatsapp' rel=\"noopener\"><span class='avia_hidden_link_text'>Compartir en Whatsapp<\/span><\/a><\/li><li class='av-share-link av-social-link-linkedin' ><a target=\"_blank\" aria-label=\"Compartir en LinkedIn\" href='https:\/\/linkedin.com\/shareArticle?mini=true&#038;title=Cambio%20de%20mando%3A%20asume%20nuevo%20Jefe%20Regional%20en%20la%20PDI%20Ays%C3%A9n&#038;url=https:\/\/radiorevelacionfm.cl\/?p=24212' aria-hidden='false' data-av_icon='\ue8fc' data-av_iconfont='entypo-fontello' title='' data-avia-related-tooltip='Compartir en LinkedIn' rel=\"noopener\"><span class='avia_hidden_link_text'>Compartir en LinkedIn<\/span><\/a><\/li><li class='av-share-link av-social-link-mail' ><a  aria-label=\"Compartir por correo\" href='mailto:?subject=Cambio%20de%20mando%3A%20asume%20nuevo%20Jefe%20Regional%20en%20la%20PDI%20Ays%C3%A9n&#038;body=https:\/\/radiorevelacionfm.cl\/?p=24212' aria-hidden='false' data-av_icon='\ue805' data-av_iconfont='entypo-fontello' title='' data-avia-related-tooltip='Compartir por correo'><span class='avia_hidden_link_text'>Compartir por correo<\/span><\/a><\/li><\/ul><\/div><\/div>\n<div  style='height:50px' class='hr hr-invisible   avia-builder-el-8  el_after_av_social_share  el_before_av_comments_list '><span class='hr-inner ' ><span class='hr-inner-style'><\/span><\/span><\/div>\n<div  class='av-buildercomment  av-blog-meta-html-info-disabled av-blog-meta-tag-disabled  '><\/div>\n","protected":false},"excerpt":{"rendered":"","protected":false},"author":1,"featured_media":24213,"comment_status":"open","ping_status":"open","sticky":false,"template":"","format":"standard","meta":{"footnotes":""},"categories":[36],"tags":[],"class_list":["post-24212","post","type-post","status-publish","format-standard","has-post-thumbnail","hentry","category-policial"],"jetpack_featured_media_url":"https:\/\/radiorevelacionfm.cl\/wp-content\/uploads\/2022\/11\/5O2A0633-1-1.jpg","_links":{"self":[{"href":"https:\/\/radiorevelacionfm.cl\/index.php?rest_route=\/wp\/v2\/posts\/24212","targetHints":{"allow":["GET"]}}],"collection":[{"href":"https:\/\/radiorevelacionfm.cl\/index.php?rest_route=\/wp\/v2\/posts"}],"about":[{"href":"https:\/\/radiorevelacionfm.cl\/index.php?rest_route=\/wp\/v2\/types\/post"}],"author":[{"embeddable":true,"href":"https:\/\/radiorevelacionfm.cl\/index.php?rest_route=\/wp\/v2\/users\/1"}],"replies":[{"embeddable":true,"href":"https:\/\/radiorevelacionfm.cl\/index.php?rest_route=%2Fwp%2Fv2%2Fcomments&post=24212"}],"version-history":[{"count":2,"href":"https:\/\/radiorevelacionfm.cl\/index.php?rest_route=\/wp\/v2\/posts\/24212\/revisions"}],"predecessor-version":[{"id":24219,"href":"https:\/\/radiorevelacionfm.cl\/index.php?rest_route=\/wp\/v2\/posts\/24212\/revisions\/24219"}],"wp:featuredmedia":[{"embeddable":true,"href":"https:\/\/radiorevelacionfm.cl\/index.php?rest_route=\/wp\/v2\/media\/24213"}],"wp:attachment":[{"href":"https:\/\/radiorevelacionfm.cl\/index.php?rest_route=%2Fwp%2Fv2%2Fmedia&parent=24212"}],"wp:term":[{"taxonomy":"category","embeddable":true,"href":"https:\/\/radiorevelacionfm.cl\/index.php?rest_route=%2Fwp%2Fv2%2Fcategories&post=24212"},{"taxonomy":"post_tag","embeddable":true,"href":"https:\/\/radiorevelacionfm.cl\/index.php?rest_route=%2Fwp%2Fv2%2Ftags&post=24212"}],"curies":[{"name":"wp","href":"https:\/\/api.w.org\/{rel}","templated":true}]}}