{"id":24208,"date":"2022-11-16T13:51:06","date_gmt":"2022-11-16T16:51:06","guid":{"rendered":"https:\/\/radiorevelacionfm.cl\/?p=24208"},"modified":"2022-11-16T13:51:06","modified_gmt":"2022-11-16T16:51:06","slug":"firman-convenio-de-colaboracion-para-potenciar-el-consumo-responsable-de-pescados-y-mariscos","status":"publish","type":"post","link":"https:\/\/radiorevelacionfm.cl\/?p=24208","title":{"rendered":"Firman convenio de colaboraci\u00f3n para potenciar el consumo responsable de pescados y mariscos"},"content":{"rendered":"<div class=\"flex_column av_one_full  flex_column_div av-zero-column-padding first  avia-builder-el-0  el_before_av_one_full  avia-builder-el-first  \" style='border-radius:0px; '><div  class='avia-image-container  av-styling-    avia-builder-el-1  avia-builder-el-no-sibling  avia-align-center '  itemprop=\"image\" itemscope=\"itemscope\" itemtype=\"https:\/\/schema.org\/ImageObject\"  ><div class='avia-image-container-inner'><div class='avia-image-overlay-wrap'><img decoding=\"async\" class='wp-image-24209 avia-img-lazy-loading-not-24209 avia_image' src=\"https:\/\/radiorevelacionfm.cl\/wp-content\/uploads\/2022\/11\/convenio-3-1-1.jpg\" alt='' title='convenio-3 (1) (1)' height=\"600\" width=\"892\"  itemprop=\"thumbnailUrl\" srcset=\"https:\/\/radiorevelacionfm.cl\/wp-content\/uploads\/2022\/11\/convenio-3-1-1.jpg 892w, https:\/\/radiorevelacionfm.cl\/wp-content\/uploads\/2022\/11\/convenio-3-1-1-300x202.jpg 300w, https:\/\/radiorevelacionfm.cl\/wp-content\/uploads\/2022\/11\/convenio-3-1-1-768x517.jpg 768w, https:\/\/radiorevelacionfm.cl\/wp-content\/uploads\/2022\/11\/convenio-3-1-1-705x474.jpg 705w, https:\/\/radiorevelacionfm.cl\/wp-content\/uploads\/2022\/11\/convenio-3-1-1-600x404.jpg 600w\" sizes=\"(max-width: 892px) 100vw, 892px\" \/><\/div><\/div><\/div><\/div><div class=\"flex_column av_one_full  flex_column_div av-zero-column-padding first  avia-builder-el-2  el_after_av_one_full  el_before_av_one_full  column-top-margin\" style='border-radius:0px; '><section class=\"av_textblock_section \"  itemscope=\"itemscope\" itemtype=\"https:\/\/schema.org\/BlogPosting\" itemprop=\"blogPost\" ><div class='avia_textblock  '   itemprop=\"text\" ><p style=\"text-align: center;\"><strong><span style=\"font-size: 18pt;\">Firman convenio de colaboraci\u00f3n para potenciar el consumo responsable de pescados y mariscos<\/span><\/strong><\/p>\n<div id=\"gtx-trans\" style=\"position: absolute; left: -50px; top: 4.31534px;\">\n<div class=\"gtx-trans-icon\"><\/div>\n<\/div>\n<\/div><\/section><\/div><div class=\"flex_column av_one_full  flex_column_div av-zero-column-padding first  avia-builder-el-4  el_after_av_one_full  el_before_av_hr  column-top-margin\" style='border-radius:0px; '><section class=\"av_textblock_section \"  itemscope=\"itemscope\" itemtype=\"https:\/\/schema.org\/BlogPosting\" itemprop=\"blogPost\" ><div class='avia_textblock  '   itemprop=\"text\" ><p style=\"font-weight: 400; text-align: justify;\">El Servicio Nacional de Pesca y Acuicultura cre\u00f3 el Programa de Consumo Responsable \u201cSello Azul\u201d, para invitar a aquellos establecimientos comerciales, restaurantes o expendios directos de recursos o productos pesqueros, interesados en apoyar la pesca legal a promocionar este distintivo.<\/p>\n<p style=\"font-weight: 400; text-align: justify;\">Fernando Naranjo, Director Nacional (s) de Sernapesca, se\u00f1al\u00f3 que ya son m\u00e1s de 140 los locales a nivel pa\u00eds, que tienen el sello azul. \u201cEste programa comenz\u00f3 hace unos a\u00f1os, pero ahora hemos reformulado su funcionamiento, avanzando en un sistema de gesti\u00f3n para los establecimientos que comercializan recursos y productos del mar al consumidor final y que permite involucrar a la ciudadan\u00eda en el cuidado de los recursos hidrobiol\u00f3gicos\u201d.<\/p>\n<p style=\"font-weight: 400; text-align: justify;\">Para acercar este programa a la ciudadan\u00eda se formalizaron lazos con la Corporaci\u00f3n Nacional de Consumidores y Usuarios de Chile, CONADECUS, organismo que encabeza su presidente, Hern\u00e1n Calder\u00f3n. \u201cEs muy importante implementar el sello azul, porque va asociado a la calidad del producto pesquero que se pone a disposici\u00f3n de los consumidores, que a nosotros nos interesa mucho y, adem\u00e1s, va en la l\u00ednea del apoyo de una actividad pesquera sustentable. Nuestro compromiso est\u00e1 entonces en apoyar este consumo responsable de pescados y mariscos\u201d, sostuvo Calder\u00f3n.<\/p>\n<p style=\"font-weight: 400; text-align: justify;\">El Sello Azul es una estrategia de promoci\u00f3n e incentivo al cumplimiento de la normativa pesquera y acu\u00edcola, en el que SERNAPESCA y establecimientos que comercializan productos del mar, trabajan de forma colaborativa con la finalidad de fomentar la sustentabilidad de la actividad econ\u00f3mica pesquera y resguardar los recursos hidrobiol\u00f3gicos, abasteci\u00e9ndose de productos del mar debidamente acreditados y difundiendo a la ciudadan\u00eda las buenas pr\u00e1cticas para involucrarla en el consumo responsable.<\/p>\n<p style=\"font-weight: 400; text-align: justify;\">\u201cReconocemos en CONADECUS una organizaci\u00f3n confiable para la ciudadan\u00eda, por eso estamos muy contentos de concretar este convenio que nos permitir\u00e1 ampliar nuestro radio de difusi\u00f3n. Sernapesca trabaja constantemente con sus usuarios sectoriales, pero haciendo lazos con estos socios estrat\u00e9gicos esperamos llegar a todos los chilenos y chilenas\u201d, agreg\u00f3 Naranjo.<\/p>\n<p style=\"font-weight: 400; text-align: justify;\">A la fecha Sernapesca ha acreditado a 140 establecimientos con Sello Azul, entre ellos: 71 restoranes, 13 salas de ventas de productos congelados, 55 supermercados, y 1 sala de venta\u00a0<em>on line<\/em>, distribuidos entre Tarapac\u00e1 y Ays\u00e9n.<\/p>\n<\/div><\/section><\/div><div  style='height:50px' class='hr hr-invisible   avia-builder-el-6  el_after_av_one_full  el_before_av_social_share '><span class='hr-inner ' ><span class='hr-inner-style'><\/span><\/span><\/div><\/p>\n<div  class='av-social-sharing-box  avia-builder-el-7  el_after_av_hr  el_before_av_hr  '><div class='av-share-box'><h5 class='av-share-link-description av-no-toc '>Compartir esta noticia<\/h5><ul class='av-share-box-list noLightbox'><li class='av-share-link av-social-link-facebook' ><a target=\"_blank\" aria-label=\"Compartir en Facebook\" href='https:\/\/www.facebook.com\/sharer.php?u=https:\/\/radiorevelacionfm.cl\/?p=24208&#038;t=Firman%20convenio%20de%20colaboraci%C3%B3n%20para%20potenciar%20el%20consumo%20responsable%20de%20pescados%20y%20mariscos' aria-hidden='false' data-av_icon='\ue8f3' data-av_iconfont='entypo-fontello' title='' data-avia-related-tooltip='Compartir en Facebook' rel=\"noopener\"><span class='avia_hidden_link_text'>Compartir en Facebook<\/span><\/a><\/li><li class='av-share-link av-social-link-twitter' ><a target=\"_blank\" aria-label=\"Compartir en Twitter\" href='https:\/\/twitter.com\/share?text=Firman%20convenio%20de%20colaboraci%C3%B3n%20para%20potenciar%20el%20consumo%20responsable%20de%20pescados%20y%20mariscos&#038;url=https:\/\/radiorevelacionfm.cl\/?p=24208' aria-hidden='false' data-av_icon='\ue8f1' data-av_iconfont='entypo-fontello' title='' data-avia-related-tooltip='Compartir en Twitter' rel=\"noopener\"><span class='avia_hidden_link_text'>Compartir en Twitter<\/span><\/a><\/li><li class='av-share-link av-social-link-whatsapp' ><a target=\"_blank\" aria-label=\"Compartir en Whatsapp\" href='https:\/\/api.whatsapp.com\/send?text=https:\/\/radiorevelacionfm.cl\/?p=24208' aria-hidden='false' data-av_icon='\uf232' data-av_iconfont='entypo-fontello' title='' data-avia-related-tooltip='Compartir en Whatsapp' rel=\"noopener\"><span class='avia_hidden_link_text'>Compartir en Whatsapp<\/span><\/a><\/li><li class='av-share-link av-social-link-linkedin' ><a target=\"_blank\" aria-label=\"Compartir en LinkedIn\" href='https:\/\/linkedin.com\/shareArticle?mini=true&#038;title=Firman%20convenio%20de%20colaboraci%C3%B3n%20para%20potenciar%20el%20consumo%20responsable%20de%20pescados%20y%20mariscos&#038;url=https:\/\/radiorevelacionfm.cl\/?p=24208' aria-hidden='false' data-av_icon='\ue8fc' data-av_iconfont='entypo-fontello' title='' data-avia-related-tooltip='Compartir en LinkedIn' rel=\"noopener\"><span class='avia_hidden_link_text'>Compartir en LinkedIn<\/span><\/a><\/li><li class='av-share-link av-social-link-mail' ><a  aria-label=\"Compartir por correo\" href='mailto:?subject=Firman%20convenio%20de%20colaboraci%C3%B3n%20para%20potenciar%20el%20consumo%20responsable%20de%20pescados%20y%20mariscos&#038;body=https:\/\/radiorevelacionfm.cl\/?p=24208' aria-hidden='false' data-av_icon='\ue805' data-av_iconfont='entypo-fontello' title='' data-avia-related-tooltip='Compartir por correo'><span class='avia_hidden_link_text'>Compartir por correo<\/span><\/a><\/li><\/ul><\/div><\/div>\n<div  style='height:50px' class='hr hr-invisible   avia-builder-el-8  el_after_av_social_share  el_before_av_comments_list '><span class='hr-inner ' ><span class='hr-inner-style'><\/span><\/span><\/div>\n<div  class='av-buildercomment  av-blog-meta-html-info-disabled av-blog-meta-tag-disabled  '><\/div>\n","protected":false},"excerpt":{"rendered":"","protected":false},"author":1,"featured_media":24209,"comment_status":"open","ping_status":"open","sticky":false,"template":"","format":"standard","meta":{"footnotes":""},"categories":[60],"tags":[],"class_list":["post-24208","post","type-post","status-publish","format-standard","has-post-thumbnail","hentry","category-pesca"],"jetpack_featured_media_url":"https:\/\/radiorevelacionfm.cl\/wp-content\/uploads\/2022\/11\/convenio-3-1-1.jpg","_links":{"self":[{"href":"https:\/\/radiorevelacionfm.cl\/index.php?rest_route=\/wp\/v2\/posts\/24208","targetHints":{"allow":["GET"]}}],"collection":[{"href":"https:\/\/radiorevelacionfm.cl\/index.php?rest_route=\/wp\/v2\/posts"}],"about":[{"href":"https:\/\/radiorevelacionfm.cl\/index.php?rest_route=\/wp\/v2\/types\/post"}],"author":[{"embeddable":true,"href":"https:\/\/radiorevelacionfm.cl\/index.php?rest_route=\/wp\/v2\/users\/1"}],"replies":[{"embeddable":true,"href":"https:\/\/radiorevelacionfm.cl\/index.php?rest_route=%2Fwp%2Fv2%2Fcomments&post=24208"}],"version-history":[{"count":2,"href":"https:\/\/radiorevelacionfm.cl\/index.php?rest_route=\/wp\/v2\/posts\/24208\/revisions"}],"predecessor-version":[{"id":24295,"href":"https:\/\/radiorevelacionfm.cl\/index.php?rest_route=\/wp\/v2\/posts\/24208\/revisions\/24295"}],"wp:featuredmedia":[{"embeddable":true,"href":"https:\/\/radiorevelacionfm.cl\/index.php?rest_route=\/wp\/v2\/media\/24209"}],"wp:attachment":[{"href":"https:\/\/radiorevelacionfm.cl\/index.php?rest_route=%2Fwp%2Fv2%2Fmedia&parent=24208"}],"wp:term":[{"taxonomy":"category","embeddable":true,"href":"https:\/\/radiorevelacionfm.cl\/index.php?rest_route=%2Fwp%2Fv2%2Fcategories&post=24208"},{"taxonomy":"post_tag","embeddable":true,"href":"https:\/\/radiorevelacionfm.cl\/index.php?rest_route=%2Fwp%2Fv2%2Ftags&post=24208"}],"curies":[{"name":"wp","href":"https:\/\/api.w.org\/{rel}","templated":true}]}}