{"id":24201,"date":"2022-11-14T18:31:45","date_gmt":"2022-11-14T21:31:45","guid":{"rendered":"https:\/\/radiorevelacionfm.cl\/?p=24201"},"modified":"2022-11-14T18:31:45","modified_gmt":"2022-11-14T21:31:45","slug":"con-examenes-preventivos-autoridades-de-salud-conmemoran-dia-mundial-de-la-diabetes","status":"publish","type":"post","link":"https:\/\/radiorevelacionfm.cl\/?p=24201","title":{"rendered":"Con ex\u00e1menes preventivos autoridades de salud conmemoran D\u00eda Mundial de la Diabetes"},"content":{"rendered":"<div class=\"flex_column av_one_full  flex_column_div av-zero-column-padding first  avia-builder-el-0  el_before_av_one_full  avia-builder-el-first  \" style='border-radius:0px; '><div  class='avia-image-container  av-styling-    avia-builder-el-1  avia-builder-el-no-sibling  avia-align-center '  itemprop=\"image\" itemscope=\"itemscope\" itemtype=\"https:\/\/schema.org\/ImageObject\"  ><div class='avia-image-container-inner'><div class='avia-image-overlay-wrap'><img decoding=\"async\" class='wp-image-24202 avia-img-lazy-loading-not-24202 avia_image' src=\"https:\/\/radiorevelacionfm.cl\/wp-content\/uploads\/2022\/11\/toma-de-examen-EMPA-1-1.jpeg\" alt='' title='toma de examen EMPA (1) (1)' height=\"600\" width=\"800\"  itemprop=\"thumbnailUrl\" srcset=\"https:\/\/radiorevelacionfm.cl\/wp-content\/uploads\/2022\/11\/toma-de-examen-EMPA-1-1.jpeg 800w, https:\/\/radiorevelacionfm.cl\/wp-content\/uploads\/2022\/11\/toma-de-examen-EMPA-1-1-300x225.jpeg 300w, https:\/\/radiorevelacionfm.cl\/wp-content\/uploads\/2022\/11\/toma-de-examen-EMPA-1-1-768x576.jpeg 768w, https:\/\/radiorevelacionfm.cl\/wp-content\/uploads\/2022\/11\/toma-de-examen-EMPA-1-1-705x529.jpeg 705w, https:\/\/radiorevelacionfm.cl\/wp-content\/uploads\/2022\/11\/toma-de-examen-EMPA-1-1-600x450.jpeg 600w\" sizes=\"(max-width: 800px) 100vw, 800px\" \/><\/div><\/div><\/div><\/div><div class=\"flex_column av_one_full  flex_column_div av-zero-column-padding first  avia-builder-el-2  el_after_av_one_full  el_before_av_one_full  column-top-margin\" style='border-radius:0px; '><section class=\"av_textblock_section \"  itemscope=\"itemscope\" itemtype=\"https:\/\/schema.org\/BlogPosting\" itemprop=\"blogPost\" ><div class='avia_textblock  '   itemprop=\"text\" ><p style=\"text-align: center;\"><strong><span style=\"font-size: 18pt;\">Con ex\u00e1menes preventivos autoridades de salud conmemoran D\u00eda Mundial de la Diabetes<\/span><\/strong><\/p>\n<div id=\"gtx-trans\" style=\"position: absolute; left: -50px; top: 4.31534px;\">\n<div class=\"gtx-trans-icon\"><\/div>\n<\/div>\n<\/div><\/section><\/div><div class=\"flex_column av_one_full  flex_column_div av-zero-column-padding first  avia-builder-el-4  el_after_av_one_full  el_before_av_hr  column-top-margin\" style='border-radius:0px; '><section class=\"av_textblock_section \"  itemscope=\"itemscope\" itemtype=\"https:\/\/schema.org\/BlogPosting\" itemprop=\"blogPost\" ><div class='avia_textblock  '   itemprop=\"text\" ><p style=\"text-align: justify;\">A nivel regional existen m\u00e1s de 3 mil personas diagnosticadas con diabetes, situaci\u00f3n por la que se recomienda acceder, al menos una vez al a\u00f1o, a ex\u00e1menes preventivos donde los que usuarios FONASA solo deben acercarse a los CESFAM m\u00e1s cercanos a su domicilio, mientras que usuarios ISAPRE deben tomar contacto con sus aseguradoras de salud.<\/p>\n<p style=\"text-align: justify;\">A trav\u00e9s de un stand ubicado en la plaza de armas de Coyhaique, para la toma de ex\u00e1menes m\u00e9dicos preventivos en adultos (EMPA), autoridades del Servicio de Salud Ays\u00e9n y de la Seremi de Salud, se conmemor\u00f3 el D\u00eda Mundial de la Diabetes; ocasi\u00f3n, donde se entreg\u00f3 adem\u00e1s informaci\u00f3n a la comunidad respecto de la importancia del autocuidado y de medidas preventivas sobre esta enfermedad, donde se sum\u00f3 la Cuadrilla Sanitaria que recorri\u00f3 diversos puntos de la ciudad.<\/p>\n<p style=\"text-align: justify;\">A nivel regional, el n\u00famero de personas diagnosticadas con diabetes superar\u00eda los 3 mil pacientes, informaci\u00f3n que fue proporcionada por el Subdirector de Gesti\u00f3n Asistencial del Servicio de Salud Ays\u00e9n, Hern\u00e1n Barrientos. \u201cLa pandemia nos peg\u00f3 fuerte, dejamos de realizar varias prestaciones, hoy d\u00eda tenemos el desaf\u00edo de sacar adelante nuestro programa de salud cardiovascular, en el Servicio de Salud Ays\u00e9n seg\u00fan las estad\u00edsticas tenemos alrededor de 10 mil personas bajo control en este programa de salud, de las cuales 3 mil 700 personas est\u00e1n viviendo con diabetes, y tenemos a su vez, un alto porcentaje de personas con diabetes descompensada. Este es el desaf\u00edo, de poder desarrollar acciones de control en estas enfermedades para optimizar factores que nos permitan disminuir los \u00edndices de esta enfermedad\u201d.<\/p>\n<p style=\"text-align: justify;\">De esta forma, en base a la \u00faltima Encuesta Nacional de Salud, una de cada 02 personas con diabetes, no sabe que tiene esta enfermedad, donde \u00a0seg\u00fan prevalencia, en nuestra regi\u00f3n deber\u00eda haber al menos 7 mil 400 personas diagnosticadas en este segmento.<\/p>\n<p style=\"text-align: justify;\">En este contexto, la Seremi de Salud Ays\u00e9n, Carmen Monsalve, reiter\u00f3 la importancia de los ex\u00e1menes preventivos para la detecci\u00f3n oportuna de este tipo de enfermedades. \u201cLa diabetes es una enfermedad cr\u00f3nica que est\u00e1 presente en todo el mundo, afecta a una de cada 10 personas, y en nuestro pa\u00eds tiene una prevalencia significativa.\u00a0 Sabemos que despu\u00e9s de la pandemia, los estilos de vida saludable se pusieron en juego porque en muchos casos se perdieron y apareci\u00f3 el sedentarismo, que junto a factores de riesgo como el consumo de tabaco y alcohol son elementos que predisponen a las personas a poder desarrollar estas enfermedades. Por eso el inter\u00e9s de nuestro sector, y como Gobierno, de relevar el trabajo que tenemos que hacer para poder enfocarnos en este grupo de personas, dise\u00f1ar estrategias para que los recursos lleguen a las personas que lo necesitan, como el examen preventivo EMPA\u201d.<\/p>\n<p style=\"text-align: justify;\">La Diabetes es una enfermedad cr\u00f3nica que se genera cuando el p\u00e1ncreas no produce suficiente insulina o cuando el cuerpo no puede utilizar eficazmente la insulina que produce. Hay 3 tipos: Diabetes tipo 1 (m\u00e1s frecuente en ni\u00f1os y adolescentes), Diabetes tipo 2 (m\u00e1s frecuente en adultos y asociada a obesidad, sedentarismo, inadecuados h\u00e1bitos alimentarios) y la Diabetes Gestacional. Se recomienda consultar a m\u00e9dico ante los s\u00edntomas: Constante necesidad de orinar, sed inusual, hambre extrema, perdida inusual de peso, fatiga o irritabilidad extrema.<\/p>\n<\/div><\/section><\/div><div  style='height:50px' class='hr hr-invisible   avia-builder-el-6  el_after_av_one_full  el_before_av_social_share '><span class='hr-inner ' ><span class='hr-inner-style'><\/span><\/span><\/div><\/p>\n<div  class='av-social-sharing-box  avia-builder-el-7  el_after_av_hr  el_before_av_hr  '><div class='av-share-box'><h5 class='av-share-link-description av-no-toc '>Compartir esta noticia<\/h5><ul class='av-share-box-list noLightbox'><li class='av-share-link av-social-link-facebook' ><a target=\"_blank\" aria-label=\"Compartir en Facebook\" href='https:\/\/www.facebook.com\/sharer.php?u=https:\/\/radiorevelacionfm.cl\/?p=24201&#038;t=Con%20ex%C3%A1menes%20preventivos%20autoridades%20de%20salud%20conmemoran%20D%C3%ADa%20Mundial%20de%20la%20Diabetes' aria-hidden='false' data-av_icon='\ue8f3' data-av_iconfont='entypo-fontello' title='' data-avia-related-tooltip='Compartir en Facebook' rel=\"noopener\"><span class='avia_hidden_link_text'>Compartir en Facebook<\/span><\/a><\/li><li class='av-share-link av-social-link-twitter' ><a target=\"_blank\" aria-label=\"Compartir en Twitter\" href='https:\/\/twitter.com\/share?text=Con%20ex%C3%A1menes%20preventivos%20autoridades%20de%20salud%20conmemoran%20D%C3%ADa%20Mundial%20de%20la%20Diabetes&#038;url=https:\/\/radiorevelacionfm.cl\/?p=24201' aria-hidden='false' data-av_icon='\ue8f1' data-av_iconfont='entypo-fontello' title='' data-avia-related-tooltip='Compartir en Twitter' rel=\"noopener\"><span class='avia_hidden_link_text'>Compartir en Twitter<\/span><\/a><\/li><li class='av-share-link av-social-link-whatsapp' ><a target=\"_blank\" aria-label=\"Compartir en Whatsapp\" href='https:\/\/api.whatsapp.com\/send?text=https:\/\/radiorevelacionfm.cl\/?p=24201' aria-hidden='false' data-av_icon='\uf232' data-av_iconfont='entypo-fontello' title='' data-avia-related-tooltip='Compartir en Whatsapp' rel=\"noopener\"><span class='avia_hidden_link_text'>Compartir en Whatsapp<\/span><\/a><\/li><li class='av-share-link av-social-link-linkedin' ><a target=\"_blank\" aria-label=\"Compartir en LinkedIn\" href='https:\/\/linkedin.com\/shareArticle?mini=true&#038;title=Con%20ex%C3%A1menes%20preventivos%20autoridades%20de%20salud%20conmemoran%20D%C3%ADa%20Mundial%20de%20la%20Diabetes&#038;url=https:\/\/radiorevelacionfm.cl\/?p=24201' aria-hidden='false' data-av_icon='\ue8fc' data-av_iconfont='entypo-fontello' title='' data-avia-related-tooltip='Compartir en LinkedIn' rel=\"noopener\"><span class='avia_hidden_link_text'>Compartir en LinkedIn<\/span><\/a><\/li><li class='av-share-link av-social-link-mail' ><a  aria-label=\"Compartir por correo\" href='mailto:?subject=Con%20ex%C3%A1menes%20preventivos%20autoridades%20de%20salud%20conmemoran%20D%C3%ADa%20Mundial%20de%20la%20Diabetes&#038;body=https:\/\/radiorevelacionfm.cl\/?p=24201' aria-hidden='false' data-av_icon='\ue805' data-av_iconfont='entypo-fontello' title='' data-avia-related-tooltip='Compartir por correo'><span class='avia_hidden_link_text'>Compartir por correo<\/span><\/a><\/li><\/ul><\/div><\/div>\n<div  style='height:50px' class='hr hr-invisible   avia-builder-el-8  el_after_av_social_share  el_before_av_comments_list '><span class='hr-inner ' ><span class='hr-inner-style'><\/span><\/span><\/div>\n<div  class='av-buildercomment  av-blog-meta-html-info-disabled av-blog-meta-tag-disabled  '><\/div>\n","protected":false},"excerpt":{"rendered":"","protected":false},"author":1,"featured_media":24202,"comment_status":"open","ping_status":"open","sticky":false,"template":"","format":"standard","meta":{"footnotes":""},"categories":[46],"tags":[],"class_list":["post-24201","post","type-post","status-publish","format-standard","has-post-thumbnail","hentry","category-salud"],"jetpack_featured_media_url":"https:\/\/radiorevelacionfm.cl\/wp-content\/uploads\/2022\/11\/toma-de-examen-EMPA-1-1.jpeg","_links":{"self":[{"href":"https:\/\/radiorevelacionfm.cl\/index.php?rest_route=\/wp\/v2\/posts\/24201","targetHints":{"allow":["GET"]}}],"collection":[{"href":"https:\/\/radiorevelacionfm.cl\/index.php?rest_route=\/wp\/v2\/posts"}],"about":[{"href":"https:\/\/radiorevelacionfm.cl\/index.php?rest_route=\/wp\/v2\/types\/post"}],"author":[{"embeddable":true,"href":"https:\/\/radiorevelacionfm.cl\/index.php?rest_route=\/wp\/v2\/users\/1"}],"replies":[{"embeddable":true,"href":"https:\/\/radiorevelacionfm.cl\/index.php?rest_route=%2Fwp%2Fv2%2Fcomments&post=24201"}],"version-history":[{"count":2,"href":"https:\/\/radiorevelacionfm.cl\/index.php?rest_route=\/wp\/v2\/posts\/24201\/revisions"}],"predecessor-version":[{"id":24204,"href":"https:\/\/radiorevelacionfm.cl\/index.php?rest_route=\/wp\/v2\/posts\/24201\/revisions\/24204"}],"wp:featuredmedia":[{"embeddable":true,"href":"https:\/\/radiorevelacionfm.cl\/index.php?rest_route=\/wp\/v2\/media\/24202"}],"wp:attachment":[{"href":"https:\/\/radiorevelacionfm.cl\/index.php?rest_route=%2Fwp%2Fv2%2Fmedia&parent=24201"}],"wp:term":[{"taxonomy":"category","embeddable":true,"href":"https:\/\/radiorevelacionfm.cl\/index.php?rest_route=%2Fwp%2Fv2%2Fcategories&post=24201"},{"taxonomy":"post_tag","embeddable":true,"href":"https:\/\/radiorevelacionfm.cl\/index.php?rest_route=%2Fwp%2Fv2%2Ftags&post=24201"}],"curies":[{"name":"wp","href":"https:\/\/api.w.org\/{rel}","templated":true}]}}