{"id":24197,"date":"2022-11-14T19:16:12","date_gmt":"2022-11-14T22:16:12","guid":{"rendered":"https:\/\/radiorevelacionfm.cl\/?p=24197"},"modified":"2022-11-14T19:16:12","modified_gmt":"2022-11-14T22:16:12","slug":"calisto-por-mal-estado-de-caminos-rurales-plata-hay-el-problema-es-que-no-hay-ejecucion","status":"publish","type":"post","link":"https:\/\/radiorevelacionfm.cl\/?p=24197","title":{"rendered":"Calisto por mal estado de caminos rurales: \u201cPlata hay, el problema es que no hay ejecuci\u00f3n\u201d"},"content":{"rendered":"<div class=\"flex_column av_one_full  flex_column_div av-zero-column-padding first  avia-builder-el-0  el_before_av_one_full  avia-builder-el-first  \" style='border-radius:0px; '><div  class='avia-image-container  av-styling-    avia-builder-el-1  avia-builder-el-no-sibling  avia-align-center '  itemprop=\"image\" itemscope=\"itemscope\" itemtype=\"https:\/\/schema.org\/ImageObject\"  ><div class='avia-image-container-inner'><div class='avia-image-overlay-wrap'><img decoding=\"async\" class='wp-image-24198 avia-img-lazy-loading-not-24198 avia_image' src=\"https:\/\/radiorevelacionfm.cl\/wp-content\/uploads\/2022\/11\/REUNION-CAMINOS-RURALES-1-1.jpg\" alt='' title='REUNI\u00d3N CAMINOS RURALES (1) (1)' height=\"600\" width=\"1059\"  itemprop=\"thumbnailUrl\" srcset=\"https:\/\/radiorevelacionfm.cl\/wp-content\/uploads\/2022\/11\/REUNION-CAMINOS-RURALES-1-1.jpg 1059w, https:\/\/radiorevelacionfm.cl\/wp-content\/uploads\/2022\/11\/REUNION-CAMINOS-RURALES-1-1-300x170.jpg 300w, https:\/\/radiorevelacionfm.cl\/wp-content\/uploads\/2022\/11\/REUNION-CAMINOS-RURALES-1-1-1030x584.jpg 1030w, https:\/\/radiorevelacionfm.cl\/wp-content\/uploads\/2022\/11\/REUNION-CAMINOS-RURALES-1-1-768x435.jpg 768w, https:\/\/radiorevelacionfm.cl\/wp-content\/uploads\/2022\/11\/REUNION-CAMINOS-RURALES-1-1-705x399.jpg 705w, https:\/\/radiorevelacionfm.cl\/wp-content\/uploads\/2022\/11\/REUNION-CAMINOS-RURALES-1-1-600x340.jpg 600w\" sizes=\"(max-width: 1059px) 100vw, 1059px\" \/><\/div><\/div><\/div><\/div><div class=\"flex_column av_one_full  flex_column_div av-zero-column-padding first  avia-builder-el-2  el_after_av_one_full  el_before_av_one_full  column-top-margin\" style='border-radius:0px; '><section class=\"av_textblock_section \"  itemscope=\"itemscope\" itemtype=\"https:\/\/schema.org\/BlogPosting\" itemprop=\"blogPost\" ><div class='avia_textblock  '   itemprop=\"text\" ><p style=\"text-align: center;\"><strong><span style=\"font-size: 18pt;\">Calisto por mal estado de caminos rurales: \u201cPlata hay, el problema es que no hay ejecuci\u00f3n\u201d<\/span><\/strong><\/p>\n<div id=\"gtx-trans\" style=\"position: absolute; left: -50px; top: 4.31534px;\">\n<div class=\"gtx-trans-icon\"><\/div>\n<\/div>\n<\/div><\/section><\/div><div class=\"flex_column av_one_full  flex_column_div av-zero-column-padding first  avia-builder-el-4  el_after_av_one_full  el_before_av_hr  column-top-margin\" style='border-radius:0px; '><section class=\"av_textblock_section \"  itemscope=\"itemscope\" itemtype=\"https:\/\/schema.org\/BlogPosting\" itemprop=\"blogPost\" ><div class='avia_textblock  '   itemprop=\"text\" ><p style=\"font-weight: 400; text-align: justify;\">Consciente de los serios problemas de conectividad que viven muchas familias de sectores rurales producto del mal estado de los caminos, el diputado Miguel \u00c1ngel Calisto coordin\u00f3 una reuni\u00f3n con el Director regional de Vialidad del MOP, Fernando Miranda, instancia donde participaron tambi\u00e9n dirigentes vecinales del sector El Rosado y Bajo Hondo.<\/p>\n<p style=\"font-weight: 400; text-align: justify;\">Durante el \u00faltimo invierno, estos sectores de la provincia de la comuna de Coyhaique se vieron muy afectados producto de las nevadas y las lluvias, lo que gener\u00f3 diversos problemas en el d\u00eda de a d\u00eda de los vecinos.<\/p>\n<p style=\"font-weight: 400; text-align: justify;\">Seg\u00fan el diputado Calisto, \u201cvinimos a una reuni\u00f3n para plantear los problemas de conectividad de dos sectores rurales de la comuna de Coyhaique, el Rosado y Bajo Hondo. Quiero destacar el trabajo de los dirigentes, el compromiso que tienen por el mejoramiento comunitario de sus sectores. Quiero se\u00f1alar con mucha claridad que ac\u00e1 hay un abandono del sector rural, un abandono de los caminos\u201d.<\/p>\n<p style=\"font-weight: 400; text-align: justify;\">Calisto agreg\u00f3 que \u201cHay algunas rutas que son municipales, otras de vialidad, algunos relacionados a agricultura, pero nadie se hace cargo. Necesitamos con urgencia que la autoridad nacional, los alcaldes, parlamentarios y dirigentes nos reunamos para buscar una soluci\u00f3n integral. Nos va a pillar nuevamente el invierno y vamos a tener los mismos problemas que tuvimos este a\u00f1o\u201d.<\/p>\n<p style=\"font-weight: 400; text-align: justify;\">\u201cEste a\u00f1o en el sector el Rosado tuvieron una p\u00e9sima experiencia en el invierno por el estado de sus caminos. En el sector Bajo Hondo tambi\u00e9n tuvieron problemas en lugares que quedaron sin acceso. Plata hay, el problema es que no hay ejecuci\u00f3n, no hay gesti\u00f3n\u201d, indic\u00f3 Calisto.<\/p>\n<p style=\"font-weight: 400; text-align: justify;\">El legislador asegur\u00f3 que \u201cac\u00e1 hay una responsabilidad de todos. Le pedimos a Vialidad y al MOP que, si no pueden hacerlo con personal estatal, que se externalice al sector privado con montos que deben ser ajustados conforme al alza del precio de las cosas\u201d.<\/p>\n<p style=\"font-weight: 400; text-align: justify;\">Daniela Acevedo, quien viven el sector Tronador 1 del Cerro Rosado, asegur\u00f3 que \u201ctocamos varios temas relativos al camino hacia nuestro sector. Llegamos a algunos acuerdos en relaci\u00f3n a avanzar en su mejoramiento. Vamos a hacer otras reuniones para seguir trabajando en estos temas, por lo que estamos muy agradecidos de Felipe Klein y del diputado Calisto por gestionar esta reuni\u00f3n\u201d.<\/p>\n<p style=\"text-align: justify;\"><span style=\"font-weight: 400;\">Finalmente, Ang\u00e9lica Vera, del sector Bajo Hondo, afirm\u00f3 que \u201cnos vamos contentos, porque pudimos expresar nuestras inquietudes y requerimientos para mejorar nuestros caminos. Fernando Miranda se comprometi\u00f3 para ver qu\u00e9 pasa con el callej\u00f3n de enrolamiento de la cascada Bajo hondo. Agradecemos al diputado y a las personas que nos acompa\u00f1aron\u201d.<\/span><\/p>\n<\/div><\/section><\/div><div  style='height:50px' class='hr hr-invisible   avia-builder-el-6  el_after_av_one_full  el_before_av_social_share '><span class='hr-inner ' ><span class='hr-inner-style'><\/span><\/span><\/div><\/p>\n<div  class='av-social-sharing-box  avia-builder-el-7  el_after_av_hr  el_before_av_hr  '><div class='av-share-box'><h5 class='av-share-link-description av-no-toc '>Compartir esta noticia<\/h5><ul class='av-share-box-list noLightbox'><li class='av-share-link av-social-link-facebook' ><a target=\"_blank\" aria-label=\"Compartir en Facebook\" href='https:\/\/www.facebook.com\/sharer.php?u=https:\/\/radiorevelacionfm.cl\/?p=24197&#038;t=Calisto%20por%20mal%20estado%20de%20caminos%20rurales%3A%20%E2%80%9CPlata%20hay%2C%20el%20problema%20es%20que%20no%20hay%20ejecuci%C3%B3n%E2%80%9D' aria-hidden='false' data-av_icon='\ue8f3' data-av_iconfont='entypo-fontello' title='' data-avia-related-tooltip='Compartir en Facebook' rel=\"noopener\"><span class='avia_hidden_link_text'>Compartir en Facebook<\/span><\/a><\/li><li class='av-share-link av-social-link-twitter' ><a target=\"_blank\" aria-label=\"Compartir en Twitter\" href='https:\/\/twitter.com\/share?text=Calisto%20por%20mal%20estado%20de%20caminos%20rurales%3A%20%E2%80%9CPlata%20hay%2C%20el%20problema%20es%20que%20no%20hay%20ejecuci%C3%B3n%E2%80%9D&#038;url=https:\/\/radiorevelacionfm.cl\/?p=24197' aria-hidden='false' data-av_icon='\ue8f1' data-av_iconfont='entypo-fontello' title='' data-avia-related-tooltip='Compartir en Twitter' rel=\"noopener\"><span class='avia_hidden_link_text'>Compartir en Twitter<\/span><\/a><\/li><li class='av-share-link av-social-link-whatsapp' ><a target=\"_blank\" aria-label=\"Compartir en Whatsapp\" href='https:\/\/api.whatsapp.com\/send?text=https:\/\/radiorevelacionfm.cl\/?p=24197' aria-hidden='false' data-av_icon='\uf232' data-av_iconfont='entypo-fontello' title='' data-avia-related-tooltip='Compartir en Whatsapp' rel=\"noopener\"><span class='avia_hidden_link_text'>Compartir en Whatsapp<\/span><\/a><\/li><li class='av-share-link av-social-link-linkedin' ><a target=\"_blank\" aria-label=\"Compartir en LinkedIn\" href='https:\/\/linkedin.com\/shareArticle?mini=true&#038;title=Calisto%20por%20mal%20estado%20de%20caminos%20rurales%3A%20%E2%80%9CPlata%20hay%2C%20el%20problema%20es%20que%20no%20hay%20ejecuci%C3%B3n%E2%80%9D&#038;url=https:\/\/radiorevelacionfm.cl\/?p=24197' aria-hidden='false' data-av_icon='\ue8fc' data-av_iconfont='entypo-fontello' title='' data-avia-related-tooltip='Compartir en LinkedIn' rel=\"noopener\"><span class='avia_hidden_link_text'>Compartir en LinkedIn<\/span><\/a><\/li><li class='av-share-link av-social-link-mail' ><a  aria-label=\"Compartir por correo\" href='mailto:?subject=Calisto%20por%20mal%20estado%20de%20caminos%20rurales%3A%20%E2%80%9CPlata%20hay%2C%20el%20problema%20es%20que%20no%20hay%20ejecuci%C3%B3n%E2%80%9D&#038;body=https:\/\/radiorevelacionfm.cl\/?p=24197' aria-hidden='false' data-av_icon='\ue805' data-av_iconfont='entypo-fontello' title='' data-avia-related-tooltip='Compartir por correo'><span class='avia_hidden_link_text'>Compartir por correo<\/span><\/a><\/li><\/ul><\/div><\/div>\n<div  style='height:50px' class='hr hr-invisible   avia-builder-el-8  el_after_av_social_share  el_before_av_comments_list '><span class='hr-inner ' ><span class='hr-inner-style'><\/span><\/span><\/div>\n<div  class='av-buildercomment  av-blog-meta-html-info-disabled av-blog-meta-tag-disabled  '><\/div>\n","protected":false},"excerpt":{"rendered":"","protected":false},"author":1,"featured_media":24198,"comment_status":"open","ping_status":"open","sticky":false,"template":"","format":"standard","meta":{"footnotes":""},"categories":[35],"tags":[],"class_list":["post-24197","post","type-post","status-publish","format-standard","has-post-thumbnail","hentry","category-politica"],"jetpack_featured_media_url":"https:\/\/radiorevelacionfm.cl\/wp-content\/uploads\/2022\/11\/REUNION-CAMINOS-RURALES-1-1.jpg","_links":{"self":[{"href":"https:\/\/radiorevelacionfm.cl\/index.php?rest_route=\/wp\/v2\/posts\/24197","targetHints":{"allow":["GET"]}}],"collection":[{"href":"https:\/\/radiorevelacionfm.cl\/index.php?rest_route=\/wp\/v2\/posts"}],"about":[{"href":"https:\/\/radiorevelacionfm.cl\/index.php?rest_route=\/wp\/v2\/types\/post"}],"author":[{"embeddable":true,"href":"https:\/\/radiorevelacionfm.cl\/index.php?rest_route=\/wp\/v2\/users\/1"}],"replies":[{"embeddable":true,"href":"https:\/\/radiorevelacionfm.cl\/index.php?rest_route=%2Fwp%2Fv2%2Fcomments&post=24197"}],"version-history":[{"count":2,"href":"https:\/\/radiorevelacionfm.cl\/index.php?rest_route=\/wp\/v2\/posts\/24197\/revisions"}],"predecessor-version":[{"id":24215,"href":"https:\/\/radiorevelacionfm.cl\/index.php?rest_route=\/wp\/v2\/posts\/24197\/revisions\/24215"}],"wp:featuredmedia":[{"embeddable":true,"href":"https:\/\/radiorevelacionfm.cl\/index.php?rest_route=\/wp\/v2\/media\/24198"}],"wp:attachment":[{"href":"https:\/\/radiorevelacionfm.cl\/index.php?rest_route=%2Fwp%2Fv2%2Fmedia&parent=24197"}],"wp:term":[{"taxonomy":"category","embeddable":true,"href":"https:\/\/radiorevelacionfm.cl\/index.php?rest_route=%2Fwp%2Fv2%2Fcategories&post=24197"},{"taxonomy":"post_tag","embeddable":true,"href":"https:\/\/radiorevelacionfm.cl\/index.php?rest_route=%2Fwp%2Fv2%2Ftags&post=24197"}],"curies":[{"name":"wp","href":"https:\/\/api.w.org\/{rel}","templated":true}]}}