{"id":24193,"date":"2022-11-14T16:54:37","date_gmt":"2022-11-14T19:54:37","guid":{"rendered":"https:\/\/radiorevelacionfm.cl\/?p=24193"},"modified":"2022-11-14T16:54:37","modified_gmt":"2022-11-14T19:54:37","slug":"musica-deporte-y-tradicion-en-lanzamiento-de-temporada-turistica-2022-2023-en-puerto-rio-tranquilo","status":"publish","type":"post","link":"https:\/\/radiorevelacionfm.cl\/?p=24193","title":{"rendered":"M\u00fasica, deporte y tradici\u00f3n en lanzamiento de Temporada Tur\u00edstica 2022-2023 en Puerto R\u00edo Tranquilo"},"content":{"rendered":"<div class=\"flex_column av_one_full  flex_column_div av-zero-column-padding first  avia-builder-el-0  el_before_av_one_full  avia-builder-el-first  \" style='border-radius:0px; '><div  class='avia-image-container  av-styling-    avia-builder-el-1  avia-builder-el-no-sibling  avia-align-center '  itemprop=\"image\" itemscope=\"itemscope\" itemtype=\"https:\/\/schema.org\/ImageObject\"  ><div class='avia-image-container-inner'><div class='avia-image-overlay-wrap'><img decoding=\"async\" class='wp-image-24194 avia-img-lazy-loading-not-24194 avia_image' src=\"https:\/\/radiorevelacionfm.cl\/wp-content\/uploads\/2022\/11\/foto-kayak-1_optimized.jpeg\" alt='' title='foto-kayak-(1)_optimized' height=\"600\" width=\"813\"  itemprop=\"thumbnailUrl\" srcset=\"https:\/\/radiorevelacionfm.cl\/wp-content\/uploads\/2022\/11\/foto-kayak-1_optimized.jpeg 813w, https:\/\/radiorevelacionfm.cl\/wp-content\/uploads\/2022\/11\/foto-kayak-1_optimized-300x221.jpeg 300w, https:\/\/radiorevelacionfm.cl\/wp-content\/uploads\/2022\/11\/foto-kayak-1_optimized-768x567.jpeg 768w, https:\/\/radiorevelacionfm.cl\/wp-content\/uploads\/2022\/11\/foto-kayak-1_optimized-705x520.jpeg 705w, https:\/\/radiorevelacionfm.cl\/wp-content\/uploads\/2022\/11\/foto-kayak-1_optimized-600x443.jpeg 600w\" sizes=\"(max-width: 813px) 100vw, 813px\" \/><\/div><\/div><\/div><\/div><div class=\"flex_column av_one_full  flex_column_div av-zero-column-padding first  avia-builder-el-2  el_after_av_one_full  el_before_av_one_full  column-top-margin\" style='border-radius:0px; '><section class=\"av_textblock_section \"  itemscope=\"itemscope\" itemtype=\"https:\/\/schema.org\/BlogPosting\" itemprop=\"blogPost\" ><div class='avia_textblock  '   itemprop=\"text\" ><p style=\"text-align: center;\"><strong><span style=\"font-size: 18pt;\">M\u00fasica, deporte y tradici\u00f3n en lanzamiento de Temporada Tur\u00edstica 2022-2023 en Puerto R\u00edo Tranquilo<\/span><\/strong><\/p>\n<div id=\"gtx-trans\" style=\"position: absolute; left: -50px; top: 4.31534px;\">\n<div class=\"gtx-trans-icon\"><\/div>\n<\/div>\n<\/div><\/section><\/div><div class=\"flex_column av_one_full  flex_column_div av-zero-column-padding first  avia-builder-el-4  el_after_av_one_full  el_before_av_hr  column-top-margin\" style='border-radius:0px; '><section class=\"av_textblock_section \"  itemscope=\"itemscope\" itemtype=\"https:\/\/schema.org\/BlogPosting\" itemprop=\"blogPost\" ><div class='avia_textblock  '   itemprop=\"text\" ><p style=\"font-weight: 400; text-align: justify;\">Con una serie de actividades de turismo aventura, artesan\u00eda, m\u00fasica y tradici\u00f3n, se dio inicio a la temporada tur\u00edstica 2022-2023, invitando a los turistas nacionales, internacionales y regionales a visitar la localidad de Puerto R\u00edo Tranquilo y los atractivos propios de la comuna de R\u00edo Ib\u00e1\u00f1ez.<\/p>\n<p style=\"font-weight: 400; text-align: justify;\">Este s\u00e1bado 12 de noviembre se realiz\u00f3 el evento de Lanzamiento de Temporada Tur\u00edstica para esta \u00e9poca estival en Puerto R\u00edo Tranquilo, la cual promete recuperar los niveles de actividad tur\u00edstica pre-pandemia en la zona. La plaza de la localidad fue el centro de encuentro de vecinos y visitantes, en torno a una din\u00e1mica parrilla program\u00e1tica, donde se realiz\u00f3 una feria artesanal, esquila de oveja, hilado de lana, bailes folkl\u00f3ricos, etc.<\/p>\n<p style=\"font-weight: 400; text-align: justify;\">Marcelo Santana, alcalde de R\u00edo Ib\u00e1\u00f1ez, destaca que \u201clo importante de esto es mostrar a la comunidad nacional e internacional que nuestra comuna ya est\u00e1 abierta al turismo, estamos recibiendo visitantes y tenemos grandes expectativas para que esta sea una gran temporada tur\u00edstica, donde nuestros visitantes disfruten no solo de la naturaleza sino tambi\u00e9n de nuestra cultura y tradiciones\u201d.<\/p>\n<p style=\"font-weight: 400; text-align: justify;\">La jornada inici\u00f3 con una caminata guiada al sendero CONAF Glaciar Exploradores, la cual cont\u00f3 con pase liberado para los participantes; adem\u00e1s, se realiz\u00f3 una cicletada hasta la Laguna Tranquilo, donde los esperaban tour operadores locales con equipo para realizar packraft (kayak inflable), una actividad abierta para \u201ctodas las personas motivadas que quisieran realizar dos actividades en un d\u00eda, este tipo de actividades no es muy com\u00fan. Participaron 28 personas, se llenaron los cupos super r\u00e1pido, nadie cay\u00f3 al agua y los gu\u00edas tambi\u00e9n estaban atentos en todo momento\u201d afirma Pablo S\u00e1nchez, fundador de la empresa de cicloturismo Rumbo Nativo.<\/p>\n<p style=\"font-weight: 400; text-align: justify;\">Posteriormente, se realiz\u00f3 un tour por la localidad y salidas en lancha a las conocidas Catedrales de M\u00e1rmol, cerrando la jornada con una fiesta bailable al ritmo de la banda los Cumpas de Coyhaique, todo de forma gratuita y abierto para la comunidad gracias a la gesti\u00f3n de la Asociaci\u00f3n Gremial de Comercio y Turismo de Puerto R\u00edo Tranquilo, junto a la Ilustre Municipalidad de R\u00edo Ib\u00e1\u00f1ez a trav\u00e9s de su Oficina de Fomento Productivo y Turismo.<\/p>\n<p style=\"font-weight: 400; text-align: justify;\">La presidenta de la Asociaci\u00f3n Gremial de Comercio de Puerto R\u00edo Tranquilo, Marcela Calder\u00f3n, se\u00f1ala que \u201cestamos en una localidad totalmente tur\u00edstica. Hace ya varios a\u00f1os que quienes viven aqu\u00ed y quienes llegan se dedican al turismo, entonces nosotros lo resaltamos y lo damos a conocer, porque es una fuente de ingreso para muchas familias\u201d.<\/p>\n<p style=\"font-weight: 400; text-align: justify;\">Se observ\u00f3 un importante flujo de personas en este encuentro, dando una se\u00f1al positiva para las familias de Puerto R\u00edo Tranquilo, quienes en su mayor\u00eda se dedican al rubro tur\u00edstico y que esperan recuperarse de los \u00faltimos a\u00f1os de paralizaci\u00f3n producto de la pandemia.<\/p>\n<p style=\"font-weight: 400; text-align: justify;\">Si desea m\u00e1s informaci\u00f3n sobre los atractivos tur\u00edsticos de la comuna de R\u00edo Ib\u00e1\u00f1ez, visita la p\u00e1gina web\u00a0<a href=\"https:\/\/turismo.rioibanez.cl\/\" data-saferedirecturl=\"https:\/\/www.google.com\/url?q=https:\/\/turismo.rioibanez.cl\/&amp;source=gmail&amp;ust=1668538247858000&amp;usg=AOvVaw2VRChvWOYkr5BJzcPWz3Mc\">https:\/\/turismo.rioibanez.cl\/<\/a>.<\/p>\n<\/div><\/section><\/div><div  style='height:50px' class='hr hr-invisible   avia-builder-el-6  el_after_av_one_full  el_before_av_social_share '><span class='hr-inner ' ><span class='hr-inner-style'><\/span><\/span><\/div><\/p>\n<div  class='av-social-sharing-box  avia-builder-el-7  el_after_av_hr  el_before_av_hr  '><div class='av-share-box'><h5 class='av-share-link-description av-no-toc '>Compartir esta noticia<\/h5><ul class='av-share-box-list noLightbox'><li class='av-share-link av-social-link-facebook' ><a target=\"_blank\" aria-label=\"Compartir en Facebook\" href='https:\/\/www.facebook.com\/sharer.php?u=https:\/\/radiorevelacionfm.cl\/?p=24193&#038;t=M%C3%BAsica%2C%20deporte%20y%20tradici%C3%B3n%20en%20lanzamiento%20de%20Temporada%20Tur%C3%ADstica%202022-2023%20en%20Puerto%20R%C3%ADo%20Tranquilo' aria-hidden='false' data-av_icon='\ue8f3' data-av_iconfont='entypo-fontello' title='' data-avia-related-tooltip='Compartir en Facebook' rel=\"noopener\"><span class='avia_hidden_link_text'>Compartir en Facebook<\/span><\/a><\/li><li class='av-share-link av-social-link-twitter' ><a target=\"_blank\" aria-label=\"Compartir en Twitter\" href='https:\/\/twitter.com\/share?text=M%C3%BAsica%2C%20deporte%20y%20tradici%C3%B3n%20en%20lanzamiento%20de%20Temporada%20Tur%C3%ADstica%202022-2023%20en%20Puerto%20R%C3%ADo%20Tranquilo&#038;url=https:\/\/radiorevelacionfm.cl\/?p=24193' aria-hidden='false' data-av_icon='\ue8f1' data-av_iconfont='entypo-fontello' title='' data-avia-related-tooltip='Compartir en Twitter' rel=\"noopener\"><span class='avia_hidden_link_text'>Compartir en Twitter<\/span><\/a><\/li><li class='av-share-link av-social-link-whatsapp' ><a target=\"_blank\" aria-label=\"Compartir en Whatsapp\" href='https:\/\/api.whatsapp.com\/send?text=https:\/\/radiorevelacionfm.cl\/?p=24193' aria-hidden='false' data-av_icon='\uf232' data-av_iconfont='entypo-fontello' title='' data-avia-related-tooltip='Compartir en Whatsapp' rel=\"noopener\"><span class='avia_hidden_link_text'>Compartir en Whatsapp<\/span><\/a><\/li><li class='av-share-link av-social-link-linkedin' ><a target=\"_blank\" aria-label=\"Compartir en LinkedIn\" href='https:\/\/linkedin.com\/shareArticle?mini=true&#038;title=M%C3%BAsica%2C%20deporte%20y%20tradici%C3%B3n%20en%20lanzamiento%20de%20Temporada%20Tur%C3%ADstica%202022-2023%20en%20Puerto%20R%C3%ADo%20Tranquilo&#038;url=https:\/\/radiorevelacionfm.cl\/?p=24193' aria-hidden='false' data-av_icon='\ue8fc' data-av_iconfont='entypo-fontello' title='' data-avia-related-tooltip='Compartir en LinkedIn' rel=\"noopener\"><span class='avia_hidden_link_text'>Compartir en LinkedIn<\/span><\/a><\/li><li class='av-share-link av-social-link-mail' ><a  aria-label=\"Compartir por correo\" href='mailto:?subject=M%C3%BAsica%2C%20deporte%20y%20tradici%C3%B3n%20en%20lanzamiento%20de%20Temporada%20Tur%C3%ADstica%202022-2023%20en%20Puerto%20R%C3%ADo%20Tranquilo&#038;body=https:\/\/radiorevelacionfm.cl\/?p=24193' aria-hidden='false' data-av_icon='\ue805' data-av_iconfont='entypo-fontello' title='' data-avia-related-tooltip='Compartir por correo'><span class='avia_hidden_link_text'>Compartir por correo<\/span><\/a><\/li><\/ul><\/div><\/div>\n<div  style='height:50px' class='hr hr-invisible   avia-builder-el-8  el_after_av_social_share  el_before_av_comments_list '><span class='hr-inner ' ><span class='hr-inner-style'><\/span><\/span><\/div>\n<div  class='av-buildercomment  av-blog-meta-html-info-disabled av-blog-meta-tag-disabled  '><\/div>\n","protected":false},"excerpt":{"rendered":"","protected":false},"author":1,"featured_media":24194,"comment_status":"open","ping_status":"open","sticky":false,"template":"","format":"standard","meta":{"footnotes":""},"categories":[54],"tags":[],"class_list":["post-24193","post","type-post","status-publish","format-standard","has-post-thumbnail","hentry","category-turismo"],"jetpack_featured_media_url":"https:\/\/radiorevelacionfm.cl\/wp-content\/uploads\/2022\/11\/foto-kayak-1_optimized.jpeg","_links":{"self":[{"href":"https:\/\/radiorevelacionfm.cl\/index.php?rest_route=\/wp\/v2\/posts\/24193","targetHints":{"allow":["GET"]}}],"collection":[{"href":"https:\/\/radiorevelacionfm.cl\/index.php?rest_route=\/wp\/v2\/posts"}],"about":[{"href":"https:\/\/radiorevelacionfm.cl\/index.php?rest_route=\/wp\/v2\/types\/post"}],"author":[{"embeddable":true,"href":"https:\/\/radiorevelacionfm.cl\/index.php?rest_route=\/wp\/v2\/users\/1"}],"replies":[{"embeddable":true,"href":"https:\/\/radiorevelacionfm.cl\/index.php?rest_route=%2Fwp%2Fv2%2Fcomments&post=24193"}],"version-history":[{"count":2,"href":"https:\/\/radiorevelacionfm.cl\/index.php?rest_route=\/wp\/v2\/posts\/24193\/revisions"}],"predecessor-version":[{"id":24200,"href":"https:\/\/radiorevelacionfm.cl\/index.php?rest_route=\/wp\/v2\/posts\/24193\/revisions\/24200"}],"wp:featuredmedia":[{"embeddable":true,"href":"https:\/\/radiorevelacionfm.cl\/index.php?rest_route=\/wp\/v2\/media\/24194"}],"wp:attachment":[{"href":"https:\/\/radiorevelacionfm.cl\/index.php?rest_route=%2Fwp%2Fv2%2Fmedia&parent=24193"}],"wp:term":[{"taxonomy":"category","embeddable":true,"href":"https:\/\/radiorevelacionfm.cl\/index.php?rest_route=%2Fwp%2Fv2%2Fcategories&post=24193"},{"taxonomy":"post_tag","embeddable":true,"href":"https:\/\/radiorevelacionfm.cl\/index.php?rest_route=%2Fwp%2Fv2%2Ftags&post=24193"}],"curies":[{"name":"wp","href":"https:\/\/api.w.org\/{rel}","templated":true}]}}