{"id":24172,"date":"2022-11-16T17:48:09","date_gmt":"2022-11-16T20:48:09","guid":{"rendered":"https:\/\/radiorevelacionfm.cl\/?p=24172"},"modified":"2022-11-16T17:48:09","modified_gmt":"2022-11-16T20:48:09","slug":"realizan-conversatorio-sobre-digitalizacion-y-ciberseguridad-en-personas-mayores","status":"publish","type":"post","link":"https:\/\/radiorevelacionfm.cl\/?p=24172","title":{"rendered":"Realizan conversatorio sobre Digitalizaci\u00f3n y Ciberseguridad en Personas Mayores"},"content":{"rendered":"<div class=\"flex_column av_one_full  flex_column_div av-zero-column-padding first  avia-builder-el-0  el_before_av_one_full  avia-builder-el-first  \" style='border-radius:0px; '><div  class='avia-image-container  av-styling-    avia-builder-el-1  avia-builder-el-no-sibling  avia-align-center '  itemprop=\"image\" itemscope=\"itemscope\" itemtype=\"https:\/\/schema.org\/ImageObject\"  ><div class='avia-image-container-inner'><div class='avia-image-overlay-wrap'><img decoding=\"async\" class='wp-image-24173 avia-img-lazy-loading-not-24173 avia_image' src=\"https:\/\/radiorevelacionfm.cl\/wp-content\/uploads\/2022\/11\/whatsapp-image-2022-11-11-at-12-34-17-pm-1-1-1.jpeg\" alt='' title='whatsapp-image-2022-11-11-at-12-34-17-pm-1 (1) (1)' height=\"600\" width=\"991\"  itemprop=\"thumbnailUrl\" srcset=\"https:\/\/radiorevelacionfm.cl\/wp-content\/uploads\/2022\/11\/whatsapp-image-2022-11-11-at-12-34-17-pm-1-1-1.jpeg 991w, https:\/\/radiorevelacionfm.cl\/wp-content\/uploads\/2022\/11\/whatsapp-image-2022-11-11-at-12-34-17-pm-1-1-1-300x182.jpeg 300w, https:\/\/radiorevelacionfm.cl\/wp-content\/uploads\/2022\/11\/whatsapp-image-2022-11-11-at-12-34-17-pm-1-1-1-768x465.jpeg 768w, https:\/\/radiorevelacionfm.cl\/wp-content\/uploads\/2022\/11\/whatsapp-image-2022-11-11-at-12-34-17-pm-1-1-1-705x427.jpeg 705w, https:\/\/radiorevelacionfm.cl\/wp-content\/uploads\/2022\/11\/whatsapp-image-2022-11-11-at-12-34-17-pm-1-1-1-600x363.jpeg 600w\" sizes=\"(max-width: 991px) 100vw, 991px\" \/><\/div><\/div><\/div><\/div><div class=\"flex_column av_one_full  flex_column_div av-zero-column-padding first  avia-builder-el-2  el_after_av_one_full  el_before_av_one_full  column-top-margin\" style='border-radius:0px; '><section class=\"av_textblock_section \"  itemscope=\"itemscope\" itemtype=\"https:\/\/schema.org\/BlogPosting\" itemprop=\"blogPost\" ><div class='avia_textblock  '   itemprop=\"text\" ><p style=\"text-align: center;\"><strong><span style=\"font-size: 18pt;\">Realizan conversatorio sobre Digitalizaci\u00f3n y Ciberseguridad en Personas Mayores<\/span><\/strong><\/p>\n<div id=\"gtx-trans\" style=\"position: absolute; left: -50px; top: 4.31534px;\">\n<div class=\"gtx-trans-icon\"><\/div>\n<\/div>\n<\/div><\/section><\/div><div class=\"flex_column av_one_full  flex_column_div av-zero-column-padding first  avia-builder-el-4  el_after_av_one_full  el_before_av_hr  column-top-margin\" style='border-radius:0px; '><section class=\"av_textblock_section \"  itemscope=\"itemscope\" itemtype=\"https:\/\/schema.org\/BlogPosting\" itemprop=\"blogPost\" ><div class='avia_textblock  '   itemprop=\"text\" ><p style=\"font-weight: 400; text-align: justify;\">El incremento de la poblaci\u00f3n de adultos mayores y el aumento del uso de Internet y la tecnolog\u00eda, ha demostrado la importancia de educar y acercar la ciberseguridad tanto a este grupo etario como a toda la poblaci\u00f3n.<\/p>\n<p style=\"font-weight: 400; text-align: justify;\">Como parte de su misi\u00f3n y para contribuir en la concientizaci\u00f3n en temas de digitalizaci\u00f3n, la Caja de Compensaci\u00f3n Los H\u00e9roes organiz\u00f3 el mi\u00e9rcoles 9 de noviembre un conversatorio titulado \u201cDigitalizaci\u00f3n y Ciberseguridad en Personas Mayores\u201d, actividad en la que particip\u00f3 Ingrid Inda, jefa de la Divisi\u00f3n de Redes y Seguridad Inform\u00e1tica y del CSIRT del Ministerio del Interior, Pelayo Covarrubias, Presidente de la Fundaci\u00f3n Pa\u00eds Digital y Director de Proyectos Corporativos de la Universidad del Desarrollo, y Marcelo Wong, jefe del Centro Nacional de Ciberseguridad de la PDI.<\/p>\n<p style=\"font-weight: 400; text-align: justify;\">El evento se inici\u00f3 con las palabras de Alejandro Mu\u00f1oz, Gerente General de la Caja de Compensaci\u00f3n los H\u00e9roes, quien enfatiz\u00f3 que \u201ceste conversatorio aborda un tema muy interesante como es la digitalizaci\u00f3n y ciberseguridad en personas mayores. Un tema que nos toca directamente, ya que poco antes de la pandemia, ten\u00edamos disponible nuestra cuenta de prepago, siendo la primera caja hoy en d\u00eda en emitir una cuenta con provisi\u00f3n de fondos. Y la experiencia fue muy exitosa, logrando que adultos mayores que jam\u00e1s hab\u00edan tenido contacto con un medio de pago digital, comenzaran este camino\u201d.<\/p>\n<p style=\"font-weight: 400; text-align: justify;\">Para contextualizar la conversaci\u00f3n, Mauricio Apablaza, Director Acad\u00e9mico del Programa de Conocimiento e Investigaci\u00f3n en Personas Mayores (CIPEM) de la Universidad del Desarrollo (UDD) y Caja de Compensaci\u00f3n Los H\u00e9roes, present\u00f3 los hallazgos de diferentes estudios sobre el crecimiento de la poblaci\u00f3n mayor de 60 a\u00f1os destacando dos fen\u00f3menos muy interesantes. \u201cUno que tiene que ver con los adultos mayores y su crecimiento exponencial. En Chile hay 3.6 millones de personas mayores en Chile y en 2050 se espera que este n\u00famero llegue a los 6.9 millones, correspondientes al 32.1% de la poblaci\u00f3n. Un segundo punto relevante es la importancia que le est\u00e1n dando cada vez m\u00e1s a los medios digitales, especialmente post pandemia, tiempo en el que gener\u00f3 un importante aumento en el n\u00famero de personas con acceso a Internet, as\u00ed como a tel\u00e9fonos digitales\u201d. Adem\u00e1s, enfatiz\u00f3 en el incremento de la poblaci\u00f3n de adultos mayores, c\u00f3mo el Internet ha cambiado sus vidas, y los principales ataques para este grupo etario, dando tambi\u00e9n recomendaciones de educaci\u00f3n.<\/p>\n<p style=\"font-weight: 400; text-align: justify;\"><strong>La consigna es educar<\/strong><\/p>\n<p style=\"font-weight: 400; text-align: justify;\">Durante el conversatorio, moderado por Eugenio Guzm\u00e1n, Decano Facultad de Gobierno Universidad del Desarrollo, Ingrid Inda, directora del CSIRT de Gobierno, abord\u00f3 la relevancia que tiene la educaci\u00f3n en el camino de la digitalizaci\u00f3n. \u201cDebemos trabajar todos en formar un ciudadano digital responsable, una responsabilidad no solo del Estado, sino de todos y para eso tenemos una Pol\u00edtica construida entre todos los chilenos que se trabaj\u00f3 durante un a\u00f1o, convocando a cientos de organizaciones, sociedad civil, industria, que nos dijeron lo que esperaban de una pol\u00edtica de una estrategia de ciberseguridad del pa\u00eds. Este a\u00f1o estamos levantando una revisi\u00f3n de esta pol\u00edtica.<\/p>\n<p style=\"font-weight: 400; text-align: justify;\">Pelayo Covarrubias, en tanto, se refiri\u00f3 al tema de c\u00f3mo la digitalizaci\u00f3n se ha instaurado en nuestro pa\u00eds, \u201cen 2010 le preguntamos a los chilenos que era ser digital y menos del 1% supo responder. Sin embargo, con la pandemia se produjo una aceleraci\u00f3n de una sociedad digital\u201d. En este sentido, el presidente de Pa\u00eds Digital a\u00f1adi\u00f3: \u201cdurante el siglo pasado, el principal activo era la infraestructura, mientras que hoy, en un mundo digitalizado, es la data\u201d.<\/p>\n<p style=\"font-weight: 400; text-align: justify;\">El ejecutivo destac\u00f3 tambi\u00e9n que \u201cel salto que hubo en las tarjetas de pago fue muy grande; pasamos de un 12% de e-commerce a un 36%. Ese es un reflejo de un cambio de la sociedad, y en ese cambio las personas mayores est\u00e1n jugando el mismo rol que los diferentes grupos etarios.<\/p>\n<p style=\"font-weight: 400; text-align: justify;\">A modo de ejemplo, hace un tiempo participamos en una campa\u00f1a efectuada, llegando con m\u00e1s de 80 mil tel\u00e9fonos a distintas personas mayores del pa\u00eds. Los resultados de esa campa\u00f1a arrojaron que el primer uso fue muy por debajo del promedio de uso que hab\u00eda en Chile. No entendimos bien la raz\u00f3n y lo que hicimos fue educar a las personas mayores en su uso, logrando, en un a\u00f1o, pasar de estar por debajo del promedio de uso a estar en el doble del uso del mismo chileno. Es decir, era un tema de educaci\u00f3n\u201d.<\/p>\n<p style=\"font-weight: 400; text-align: justify;\">En conclusi\u00f3n, arremete Pelayo Covarrubias, \u201cen Pa\u00eds Digital no tenemos grandes diferencias en cuanto a grupos etarios porque tenemos adultos mayores que son usuarios asiduos de la tecnolog\u00eda, mientras que ni\u00f1os que no saben utilizarla. Entonces, lo que hemos empujado con mucha fuerza es que la tecnolog\u00eda, independientemente de la edad, debe ser utilizada por todos, y la educaci\u00f3n es la principal consigna\u201d.<\/p>\n<p style=\"font-weight: 400; text-align: justify;\">La misma opini\u00f3n tiene Marcelo Wong, quien afirm\u00f3 que \u201cla inclusi\u00f3n de esta poblaci\u00f3n tiene que ver con educaci\u00f3n digital y c\u00f3mo asumimos la tecnolog\u00eda, para qu\u00e9 la ocupamos, c\u00f3mo vivimos con ella. Nuestra recomendaci\u00f3n, como Polic\u00eda de Investigaciones, tiene que ver justamente con la utilizaci\u00f3n de las TI, pero a nivel pr\u00e1ctico, es decir, c\u00f3mo usted va seguro a un cajero electr\u00f3nico, como usted realiza una transferencia electr\u00f3nica salvaguardando su informaci\u00f3n, etc\u00e9tera. Y ah\u00ed esta uno de los grandes problemas, puesto que a la mayor\u00eda de los adultos mayores les resulta m\u00e1s dif\u00edcil aprender debido al r\u00e1pido cambio de la tecnolog\u00eda. En este sentido, si nosotros no los acompa\u00f1amos, no le ense\u00f1amos c\u00f3mo est\u00e1 evolucionando la tecnolog\u00eda y c\u00f3mo deben enfrentarla, se hace muy complicado su uso\u201d.<\/p>\n<p style=\"font-weight: 400; text-align: justify;\">Otro tema que se abord\u00f3 durante la jornada fue el tema de las apps y c\u00f3mo estas se aprovechan de nuestra informaci\u00f3n, ya que al instalarlas en los tel\u00e9fonos, le estamos dando acceso a nuestra vida privada. \u201cY para ello siempre hago \u00e9nfasis en lo importante que es la educaci\u00f3n c\u00edvica responsable, es decir, del uso de claves seguras, doble encriptaci\u00f3n, no entregar contrase\u00f1as. Afortunadamente, al adulto mayor es m\u00e1s reticente a entregar correos, claves, etc., por lo que est\u00e1n un poco m\u00e1s protegidos y por ello es que la educaci\u00f3n debe ser de acuerdo al perfil; no igual en todos los grupos\u201d, afirm\u00f3 Ingrid Inda.<\/p>\n<p style=\"font-weight: 400; text-align: justify;\">Los participantes finalizaron el conversatorio invitando a los adultos mayores a usar la tecnolog\u00eda, a no tener miedo, y en caso de ser v\u00edctima de estafa o ataque, a denunciar.<\/p>\n<\/div><\/section><\/div><div  style='height:50px' class='hr hr-invisible   avia-builder-el-6  el_after_av_one_full  el_before_av_social_share '><span class='hr-inner ' ><span class='hr-inner-style'><\/span><\/span><\/div><\/p>\n<div  class='av-social-sharing-box  avia-builder-el-7  el_after_av_hr  el_before_av_hr  '><div class='av-share-box'><h5 class='av-share-link-description av-no-toc '>Compartir esta noticia<\/h5><ul class='av-share-box-list noLightbox'><li class='av-share-link av-social-link-facebook' ><a target=\"_blank\" aria-label=\"Compartir en Facebook\" href='https:\/\/www.facebook.com\/sharer.php?u=https:\/\/radiorevelacionfm.cl\/?p=24172&#038;t=Realizan%20conversatorio%20sobre%20Digitalizaci%C3%B3n%20y%20Ciberseguridad%20en%20Personas%20Mayores' aria-hidden='false' data-av_icon='\ue8f3' data-av_iconfont='entypo-fontello' title='' data-avia-related-tooltip='Compartir en Facebook' rel=\"noopener\"><span class='avia_hidden_link_text'>Compartir en Facebook<\/span><\/a><\/li><li class='av-share-link av-social-link-twitter' ><a target=\"_blank\" aria-label=\"Compartir en Twitter\" href='https:\/\/twitter.com\/share?text=Realizan%20conversatorio%20sobre%20Digitalizaci%C3%B3n%20y%20Ciberseguridad%20en%20Personas%20Mayores&#038;url=https:\/\/radiorevelacionfm.cl\/?p=24172' aria-hidden='false' data-av_icon='\ue8f1' data-av_iconfont='entypo-fontello' title='' data-avia-related-tooltip='Compartir en Twitter' rel=\"noopener\"><span class='avia_hidden_link_text'>Compartir en Twitter<\/span><\/a><\/li><li class='av-share-link av-social-link-whatsapp' ><a target=\"_blank\" aria-label=\"Compartir en Whatsapp\" href='https:\/\/api.whatsapp.com\/send?text=https:\/\/radiorevelacionfm.cl\/?p=24172' aria-hidden='false' data-av_icon='\uf232' data-av_iconfont='entypo-fontello' title='' data-avia-related-tooltip='Compartir en Whatsapp' rel=\"noopener\"><span class='avia_hidden_link_text'>Compartir en Whatsapp<\/span><\/a><\/li><li class='av-share-link av-social-link-linkedin' ><a target=\"_blank\" aria-label=\"Compartir en LinkedIn\" href='https:\/\/linkedin.com\/shareArticle?mini=true&#038;title=Realizan%20conversatorio%20sobre%20Digitalizaci%C3%B3n%20y%20Ciberseguridad%20en%20Personas%20Mayores&#038;url=https:\/\/radiorevelacionfm.cl\/?p=24172' aria-hidden='false' data-av_icon='\ue8fc' data-av_iconfont='entypo-fontello' title='' data-avia-related-tooltip='Compartir en LinkedIn' rel=\"noopener\"><span class='avia_hidden_link_text'>Compartir en LinkedIn<\/span><\/a><\/li><li class='av-share-link av-social-link-mail' ><a  aria-label=\"Compartir por correo\" href='mailto:?subject=Realizan%20conversatorio%20sobre%20Digitalizaci%C3%B3n%20y%20Ciberseguridad%20en%20Personas%20Mayores&#038;body=https:\/\/radiorevelacionfm.cl\/?p=24172' aria-hidden='false' data-av_icon='\ue805' data-av_iconfont='entypo-fontello' title='' data-avia-related-tooltip='Compartir por correo'><span class='avia_hidden_link_text'>Compartir por correo<\/span><\/a><\/li><\/ul><\/div><\/div>\n<div  style='height:50px' class='hr hr-invisible   avia-builder-el-8  el_after_av_social_share  el_before_av_comments_list '><span class='hr-inner ' ><span class='hr-inner-style'><\/span><\/span><\/div>\n<div  class='av-buildercomment  av-blog-meta-html-info-disabled av-blog-meta-tag-disabled  '><\/div>\n","protected":false},"excerpt":{"rendered":"","protected":false},"author":1,"featured_media":24173,"comment_status":"open","ping_status":"open","sticky":false,"template":"","format":"standard","meta":{"footnotes":""},"categories":[41],"tags":[],"class_list":["post-24172","post","type-post","status-publish","format-standard","has-post-thumbnail","hentry","category-tecnologia"],"jetpack_featured_media_url":"https:\/\/radiorevelacionfm.cl\/wp-content\/uploads\/2022\/11\/whatsapp-image-2022-11-11-at-12-34-17-pm-1-1-1.jpeg","_links":{"self":[{"href":"https:\/\/radiorevelacionfm.cl\/index.php?rest_route=\/wp\/v2\/posts\/24172","targetHints":{"allow":["GET"]}}],"collection":[{"href":"https:\/\/radiorevelacionfm.cl\/index.php?rest_route=\/wp\/v2\/posts"}],"about":[{"href":"https:\/\/radiorevelacionfm.cl\/index.php?rest_route=\/wp\/v2\/types\/post"}],"author":[{"embeddable":true,"href":"https:\/\/radiorevelacionfm.cl\/index.php?rest_route=\/wp\/v2\/users\/1"}],"replies":[{"embeddable":true,"href":"https:\/\/radiorevelacionfm.cl\/index.php?rest_route=%2Fwp%2Fv2%2Fcomments&post=24172"}],"version-history":[{"count":2,"href":"https:\/\/radiorevelacionfm.cl\/index.php?rest_route=\/wp\/v2\/posts\/24172\/revisions"}],"predecessor-version":[{"id":24305,"href":"https:\/\/radiorevelacionfm.cl\/index.php?rest_route=\/wp\/v2\/posts\/24172\/revisions\/24305"}],"wp:featuredmedia":[{"embeddable":true,"href":"https:\/\/radiorevelacionfm.cl\/index.php?rest_route=\/wp\/v2\/media\/24173"}],"wp:attachment":[{"href":"https:\/\/radiorevelacionfm.cl\/index.php?rest_route=%2Fwp%2Fv2%2Fmedia&parent=24172"}],"wp:term":[{"taxonomy":"category","embeddable":true,"href":"https:\/\/radiorevelacionfm.cl\/index.php?rest_route=%2Fwp%2Fv2%2Fcategories&post=24172"},{"taxonomy":"post_tag","embeddable":true,"href":"https:\/\/radiorevelacionfm.cl\/index.php?rest_route=%2Fwp%2Fv2%2Ftags&post=24172"}],"curies":[{"name":"wp","href":"https:\/\/api.w.org\/{rel}","templated":true}]}}