{"id":24165,"date":"2022-11-14T10:48:07","date_gmt":"2022-11-14T13:48:07","guid":{"rendered":"https:\/\/radiorevelacionfm.cl\/?p=24165"},"modified":"2022-11-14T10:48:07","modified_gmt":"2022-11-14T13:48:07","slug":"director-nacional-de-planeamiento-victor-perez-en-octubre-se-cumplio-compromiso-del-ministro-mop-de-presentar-plan-de-conectividad-mejoramiento-e-integracion-austral","status":"publish","type":"post","link":"https:\/\/radiorevelacionfm.cl\/?p=24165","title":{"rendered":"Director Nacional de Planeamiento, V\u00edctor P\u00e9rez: \u201cEn octubre se cumpli\u00f3 compromiso del ministro MOP de presentar plan de conectividad, mejoramiento e integraci\u00f3n austral\u201d"},"content":{"rendered":"<div class=\"flex_column av_one_full  flex_column_div av-zero-column-padding first  avia-builder-el-0  el_before_av_one_full  avia-builder-el-first  \" style='border-radius:0px; '><div  class='avia-image-container  av-styling-    avia-builder-el-1  avia-builder-el-no-sibling  avia-align-center '  itemprop=\"image\" itemscope=\"itemscope\" itemtype=\"https:\/\/schema.org\/ImageObject\"  ><div class='avia-image-container-inner'><div class='avia-image-overlay-wrap'><img decoding=\"async\" class='wp-image-24166 avia-img-lazy-loading-not-24166 avia_image' src=\"https:\/\/radiorevelacionfm.cl\/wp-content\/uploads\/2022\/11\/SEREMI-DIRPLAN-REGIONAL-DIRPLAN-NACIONAL1-1-1.jpg\" alt='' title='SEREMI-DIRPLAN-REGIONAL-DIRPLAN-NACIONAL1 (1) (1)' height=\"600\" width=\"1251\"  itemprop=\"thumbnailUrl\" srcset=\"https:\/\/radiorevelacionfm.cl\/wp-content\/uploads\/2022\/11\/SEREMI-DIRPLAN-REGIONAL-DIRPLAN-NACIONAL1-1-1.jpg 1251w, https:\/\/radiorevelacionfm.cl\/wp-content\/uploads\/2022\/11\/SEREMI-DIRPLAN-REGIONAL-DIRPLAN-NACIONAL1-1-1-300x144.jpg 300w, https:\/\/radiorevelacionfm.cl\/wp-content\/uploads\/2022\/11\/SEREMI-DIRPLAN-REGIONAL-DIRPLAN-NACIONAL1-1-1-1030x494.jpg 1030w, https:\/\/radiorevelacionfm.cl\/wp-content\/uploads\/2022\/11\/SEREMI-DIRPLAN-REGIONAL-DIRPLAN-NACIONAL1-1-1-768x368.jpg 768w, https:\/\/radiorevelacionfm.cl\/wp-content\/uploads\/2022\/11\/SEREMI-DIRPLAN-REGIONAL-DIRPLAN-NACIONAL1-1-1-705x338.jpg 705w, https:\/\/radiorevelacionfm.cl\/wp-content\/uploads\/2022\/11\/SEREMI-DIRPLAN-REGIONAL-DIRPLAN-NACIONAL1-1-1-600x288.jpg 600w\" sizes=\"(max-width: 1251px) 100vw, 1251px\" \/><\/div><\/div><\/div><\/div><div class=\"flex_column av_one_full  flex_column_div av-zero-column-padding first  avia-builder-el-2  el_after_av_one_full  el_before_av_one_full  column-top-margin\" style='border-radius:0px; '><section class=\"av_textblock_section \"  itemscope=\"itemscope\" itemtype=\"https:\/\/schema.org\/BlogPosting\" itemprop=\"blogPost\" ><div class='avia_textblock  '   itemprop=\"text\" ><p style=\"text-align: center;\"><strong><span style=\"font-size: 18pt;\">Director Nacional de Planeamiento, V\u00edctor P\u00e9rez: \u201cEn octubre se cumpli\u00f3 compromiso del ministro MOP de presentar plan de conectividad, mejoramiento e integraci\u00f3n austral\u201d<\/span><\/strong><\/p>\n<div id=\"gtx-trans\" style=\"position: absolute; left: -50px; top: 4.31534px;\">\n<div class=\"gtx-trans-icon\"><\/div>\n<\/div>\n<\/div><\/section><\/div><div class=\"flex_column av_one_full  flex_column_div av-zero-column-padding first  avia-builder-el-4  el_after_av_one_full  el_before_av_hr  column-top-margin\" style='border-radius:0px; '><section class=\"av_textblock_section \"  itemscope=\"itemscope\" itemtype=\"https:\/\/schema.org\/BlogPosting\" itemprop=\"blogPost\" ><div class='avia_textblock  '   itemprop=\"text\" ><p style=\"text-align: justify;\">Una intensa agenda de actividades realiz\u00f3 en la regi\u00f3n el Director Nacional de Planeamiento del Ministerio de Obras P\u00fablicas V\u00edctor P\u00e9rez Guti\u00e9rrez, quien vino a la regi\u00f3n de Ays\u00e9n a trabajar con el equipo regional en el \u201cPlan de Conectividad, Mejoramiento e Integraci\u00f3n Austral\u201d comprometido por el Ministro de Obras P\u00fablicas Juan Carlos Garc\u00eda.<\/p>\n<p style=\"text-align: justify;\">Consultado al respecto, V\u00edctor P\u00e9rez se\u00f1al\u00f3 \u201cel ministro Garc\u00eda se comprometi\u00f3 con la regi\u00f3n de trabajar en un Plan de Conectividad en un plazo de 60 d\u00edas. Ha sido muy importante y as\u00ed se lo estamos manifestando al Delegado Presidencial, Regional Rodrigo Araya Morales, que el ministro Garc\u00eda no s\u00f3lo ha cumplido con el plazo, sino que adem\u00e1s se adelant\u00f3 porque esto ya fue anunciado a los actores regionales. El Gobierno Regional, Consejeros Regionales y otros actores fueron invitados a la presentaci\u00f3n, y se adelant\u00f3 15 o 20 d\u00edas. En una segunda etapa, nosotros hemos venido a recoger todos los elementos que plantea el Gobierno Regional y el Delegado Presidencial Regional afinando la cartera de proyectos y otros elementos para poder trabajar, y contarles los avances. Prontamente nos reuniremos con otros actores regionales, parlamentarios y representantes. Ayer nos reunimos con la Gobernadora Regional para refrendar el compromiso que tiene el Ministerio de Obras P\u00fablicas con el Plan de Conectividad de esta regi\u00f3n y hoy nos reunimos con el Senador David Sandoval\u201d.<\/p>\n<p style=\"text-align: justify;\">\u201cPara este Plan, lo que nos planteaba la Subsecretaria de Desarrollo Social Paula Poblete son los objetivos de Desarrollo Sostenible, donde el objetivo n\u00famero 17 era establecer alianzas con los distintos actores de las regiones y de los territorios, lo que es esencial para reforzar las acciones sobre las regiones, las zonas australes y las zonas de rezago que hay en este pa\u00eds. No hay que olvidar que este Plan cumple los objetivos 9, 11 y 17 de Desarrollo Sostenible, los cuales el gobierno hace suyos. Nosotros entendemos que ir trabajando en estas acciones es pertinente, va a dar mayor fortaleza a los territorios y van a tener mayor arraigo los instrumentos con que queremos ir a resolver las zonas de rezago del pa\u00eds\u201d, agreg\u00f3 El Director Nacional de Planeamiento.<\/p>\n<p style=\"text-align: justify;\">Por su parte, el Secretario Regional Ministerial de Obras P\u00fablicas Patricio Sanhueza Ulloa destac\u00f3: \u201chemos dado cuenta al Delegado Presidencial Regional de todos los avances que tenemos en torno al Plan, que presentamos el d\u00eda 29 de octubre en donde tuvimos la concurrencia de tres de los diez Alcaldes, Consejeros Regionales, Concejales y comunidad. Adem\u00e1s, en esta ocasi\u00f3n tambi\u00e9n estuvo y present\u00f3 una propuesta el presidente de la AREMU, el Alcalde Marcelo Santana. Posteriormente, hicimos la presentaci\u00f3n a la Comisi\u00f3n de Infraestructura y Transporte del Consejo Regional de Ays\u00e9n, y nos encontramos a la espera de las propuestas que salgan del seno del Consejo, ya sea del Plenario o de la Comisi\u00f3n; y adem\u00e1s, \u00a0tuvimos la visita de V\u00edctor P\u00e9rez, que es el Director Nacional de Planeamiento del MOP que nos ha venido a apoyar en este proceso que trae tambi\u00e9n la mirada y la propuesta desde el nivel central, as\u00ed que el Delegado Rodrigo Araya qued\u00f3 conforme con lo que hemos hecho y nos ha entregado algunas propuestas que vamos a incorporar al trabajo que viene los pr\u00f3ximos d\u00edas, hasta tener la versi\u00f3n definitiva del Plan. Hoy son del orden de 50 iniciativas incluidas en el Plan con un presupuesto que supera los $428 mil millones\u201d.<\/p>\n<p style=\"text-align: justify;\">En la oportunidad, el Delegado Presidencial Regional Rodrigo Araya Morales, manifest\u00f3 tras la reuni\u00f3n de trabajo con el Seremi de Obras P\u00fablicas, Patricio Sanhueza y el Director Nacional de Planeamiento V\u00edctor P\u00e9rez, que fue una reuni\u00f3n muy importante, \u201cratifica muy bien lo que estamos haciendo en relaci\u00f3n a la implementaci\u00f3n de la planificaci\u00f3n de obras, pero tambi\u00e9n en relaci\u00f3n a las problem\u00e1ticas que hemos tenido y que han sido de conocimiento p\u00fablico durante el presente a\u00f1o. Sin embargo, tambi\u00e9n destacamos que el Plan de Conectividad que comprometi\u00f3 el Ministerio de Obras P\u00fablicas y que a fines de octubre fue presentado y en donde invitamos a parlamentarios y autoridades locales, entre otros se puso en relieve todas las inversiones que se van a realizar en los pr\u00f3ximos a\u00f1os. Est\u00e1 caminando, est\u00e1 marchando y seguimos atentos a informar a la comunidad de las pr\u00f3ximas inversiones y esperamos mantener esta relaci\u00f3n de trabajo que es lo que se necesita para lograr justamente que la inversi\u00f3n p\u00fablica, valga la redundancia, es tan importante en nuestra regi\u00f3n, se mantenga en forma continua. Por lo tanto, ha sido una reuni\u00f3n muy provechosa y esperamos que ese trabajo mancomunado se mantenga por mucho tiempo\u201d.<\/p>\n<\/div><\/section><\/div><div  style='height:50px' class='hr hr-invisible   avia-builder-el-6  el_after_av_one_full  el_before_av_social_share '><span class='hr-inner ' ><span class='hr-inner-style'><\/span><\/span><\/div><\/p>\n<div  class='av-social-sharing-box  avia-builder-el-7  el_after_av_hr  el_before_av_hr  '><div class='av-share-box'><h5 class='av-share-link-description av-no-toc '>Compartir esta noticia<\/h5><ul class='av-share-box-list noLightbox'><li class='av-share-link av-social-link-facebook' ><a target=\"_blank\" aria-label=\"Compartir en Facebook\" href='https:\/\/www.facebook.com\/sharer.php?u=https:\/\/radiorevelacionfm.cl\/?p=24165&#038;t=Director%20Nacional%20de%20Planeamiento%2C%20V%C3%ADctor%20P%C3%A9rez%3A%20%E2%80%9CEn%20octubre%20se%20cumpli%C3%B3%20compromiso%20del%20ministro%20MOP%20de%20presentar%20plan%20de%20conectividad%2C%20mejoramiento%20e%20integraci%C3%B3n%20austral%E2%80%9D' aria-hidden='false' data-av_icon='\ue8f3' data-av_iconfont='entypo-fontello' title='' data-avia-related-tooltip='Compartir en Facebook' rel=\"noopener\"><span class='avia_hidden_link_text'>Compartir en Facebook<\/span><\/a><\/li><li class='av-share-link av-social-link-twitter' ><a target=\"_blank\" aria-label=\"Compartir en Twitter\" href='https:\/\/twitter.com\/share?text=Director%20Nacional%20de%20Planeamiento%2C%20V%C3%ADctor%20P%C3%A9rez%3A%20%E2%80%9CEn%20octubre%20se%20cumpli%C3%B3%20compromiso%20del%20ministro%20MOP%20de%20presentar%20plan%20de%20conectividad%2C%20mejoramiento%20e%20integraci%C3%B3n%20austral%E2%80%9D&#038;url=https:\/\/radiorevelacionfm.cl\/?p=24165' aria-hidden='false' data-av_icon='\ue8f1' data-av_iconfont='entypo-fontello' title='' data-avia-related-tooltip='Compartir en Twitter' rel=\"noopener\"><span class='avia_hidden_link_text'>Compartir en Twitter<\/span><\/a><\/li><li class='av-share-link av-social-link-whatsapp' ><a target=\"_blank\" aria-label=\"Compartir en Whatsapp\" href='https:\/\/api.whatsapp.com\/send?text=https:\/\/radiorevelacionfm.cl\/?p=24165' aria-hidden='false' data-av_icon='\uf232' data-av_iconfont='entypo-fontello' title='' data-avia-related-tooltip='Compartir en Whatsapp' rel=\"noopener\"><span class='avia_hidden_link_text'>Compartir en Whatsapp<\/span><\/a><\/li><li class='av-share-link av-social-link-linkedin' ><a target=\"_blank\" aria-label=\"Compartir en LinkedIn\" href='https:\/\/linkedin.com\/shareArticle?mini=true&#038;title=Director%20Nacional%20de%20Planeamiento%2C%20V%C3%ADctor%20P%C3%A9rez%3A%20%E2%80%9CEn%20octubre%20se%20cumpli%C3%B3%20compromiso%20del%20ministro%20MOP%20de%20presentar%20plan%20de%20conectividad%2C%20mejoramiento%20e%20integraci%C3%B3n%20austral%E2%80%9D&#038;url=https:\/\/radiorevelacionfm.cl\/?p=24165' aria-hidden='false' data-av_icon='\ue8fc' data-av_iconfont='entypo-fontello' title='' data-avia-related-tooltip='Compartir en LinkedIn' rel=\"noopener\"><span class='avia_hidden_link_text'>Compartir en LinkedIn<\/span><\/a><\/li><li class='av-share-link av-social-link-mail' ><a  aria-label=\"Compartir por correo\" href='mailto:?subject=Director%20Nacional%20de%20Planeamiento%2C%20V%C3%ADctor%20P%C3%A9rez%3A%20%E2%80%9CEn%20octubre%20se%20cumpli%C3%B3%20compromiso%20del%20ministro%20MOP%20de%20presentar%20plan%20de%20conectividad%2C%20mejoramiento%20e%20integraci%C3%B3n%20austral%E2%80%9D&#038;body=https:\/\/radiorevelacionfm.cl\/?p=24165' aria-hidden='false' data-av_icon='\ue805' data-av_iconfont='entypo-fontello' title='' data-avia-related-tooltip='Compartir por correo'><span class='avia_hidden_link_text'>Compartir por correo<\/span><\/a><\/li><\/ul><\/div><\/div>\n<div  style='height:50px' class='hr hr-invisible   avia-builder-el-8  el_after_av_social_share  el_before_av_comments_list '><span class='hr-inner ' ><span class='hr-inner-style'><\/span><\/span><\/div>\n<div  class='av-buildercomment  av-blog-meta-html-info-disabled av-blog-meta-tag-disabled  '><\/div>\n","protected":false},"excerpt":{"rendered":"","protected":false},"author":1,"featured_media":24166,"comment_status":"open","ping_status":"open","sticky":false,"template":"","format":"standard","meta":{"footnotes":""},"categories":[38],"tags":[],"class_list":["post-24165","post","type-post","status-publish","format-standard","has-post-thumbnail","hentry","category-regional"],"jetpack_featured_media_url":"https:\/\/radiorevelacionfm.cl\/wp-content\/uploads\/2022\/11\/SEREMI-DIRPLAN-REGIONAL-DIRPLAN-NACIONAL1-1-1.jpg","_links":{"self":[{"href":"https:\/\/radiorevelacionfm.cl\/index.php?rest_route=\/wp\/v2\/posts\/24165","targetHints":{"allow":["GET"]}}],"collection":[{"href":"https:\/\/radiorevelacionfm.cl\/index.php?rest_route=\/wp\/v2\/posts"}],"about":[{"href":"https:\/\/radiorevelacionfm.cl\/index.php?rest_route=\/wp\/v2\/types\/post"}],"author":[{"embeddable":true,"href":"https:\/\/radiorevelacionfm.cl\/index.php?rest_route=\/wp\/v2\/users\/1"}],"replies":[{"embeddable":true,"href":"https:\/\/radiorevelacionfm.cl\/index.php?rest_route=%2Fwp%2Fv2%2Fcomments&post=24165"}],"version-history":[{"count":2,"href":"https:\/\/radiorevelacionfm.cl\/index.php?rest_route=\/wp\/v2\/posts\/24165\/revisions"}],"predecessor-version":[{"id":24168,"href":"https:\/\/radiorevelacionfm.cl\/index.php?rest_route=\/wp\/v2\/posts\/24165\/revisions\/24168"}],"wp:featuredmedia":[{"embeddable":true,"href":"https:\/\/radiorevelacionfm.cl\/index.php?rest_route=\/wp\/v2\/media\/24166"}],"wp:attachment":[{"href":"https:\/\/radiorevelacionfm.cl\/index.php?rest_route=%2Fwp%2Fv2%2Fmedia&parent=24165"}],"wp:term":[{"taxonomy":"category","embeddable":true,"href":"https:\/\/radiorevelacionfm.cl\/index.php?rest_route=%2Fwp%2Fv2%2Fcategories&post=24165"},{"taxonomy":"post_tag","embeddable":true,"href":"https:\/\/radiorevelacionfm.cl\/index.php?rest_route=%2Fwp%2Fv2%2Ftags&post=24165"}],"curies":[{"name":"wp","href":"https:\/\/api.w.org\/{rel}","templated":true}]}}