{"id":24161,"date":"2022-11-14T10:32:06","date_gmt":"2022-11-14T13:32:06","guid":{"rendered":"https:\/\/radiorevelacionfm.cl\/?p=24161"},"modified":"2022-11-14T10:32:06","modified_gmt":"2022-11-14T13:32:06","slug":"en-raul-marin-balmaceda-capacitan-a-vecinas-y-vecinos-en-ruta-de-patrimonio-cultural","status":"publish","type":"post","link":"https:\/\/radiorevelacionfm.cl\/?p=24161","title":{"rendered":"En Ra\u00fal Mar\u00edn Balmaceda capacitan a vecinas y vecinos en Ruta de Patrimonio Cultural"},"content":{"rendered":"<div class=\"flex_column av_one_full  flex_column_div av-zero-column-padding first  avia-builder-el-0  el_before_av_one_full  avia-builder-el-first  \" style='border-radius:0px; '><div  class='avia-image-container  av-styling-    avia-builder-el-1  avia-builder-el-no-sibling  avia-align-center '  itemprop=\"image\" itemscope=\"itemscope\" itemtype=\"https:\/\/schema.org\/ImageObject\"  ><div class='avia-image-container-inner'><div class='avia-image-overlay-wrap'><img decoding=\"async\" class='wp-image-24162 avia-img-lazy-loading-not-24162 avia_image' src=\"https:\/\/radiorevelacionfm.cl\/wp-content\/uploads\/2022\/11\/en-terreno-1_optimized-1.jpeg\" alt='' title='en-terreno-(1)_optimized (1)' height=\"600\" width=\"1067\"  itemprop=\"thumbnailUrl\" srcset=\"https:\/\/radiorevelacionfm.cl\/wp-content\/uploads\/2022\/11\/en-terreno-1_optimized-1.jpeg 1067w, https:\/\/radiorevelacionfm.cl\/wp-content\/uploads\/2022\/11\/en-terreno-1_optimized-1-300x169.jpeg 300w, https:\/\/radiorevelacionfm.cl\/wp-content\/uploads\/2022\/11\/en-terreno-1_optimized-1-1030x579.jpeg 1030w, https:\/\/radiorevelacionfm.cl\/wp-content\/uploads\/2022\/11\/en-terreno-1_optimized-1-768x432.jpeg 768w, https:\/\/radiorevelacionfm.cl\/wp-content\/uploads\/2022\/11\/en-terreno-1_optimized-1-705x396.jpeg 705w, https:\/\/radiorevelacionfm.cl\/wp-content\/uploads\/2022\/11\/en-terreno-1_optimized-1-600x337.jpeg 600w\" sizes=\"(max-width: 1067px) 100vw, 1067px\" \/><\/div><\/div><\/div><\/div><div class=\"flex_column av_one_full  flex_column_div av-zero-column-padding first  avia-builder-el-2  el_after_av_one_full  el_before_av_one_full  column-top-margin\" style='border-radius:0px; '><section class=\"av_textblock_section \"  itemscope=\"itemscope\" itemtype=\"https:\/\/schema.org\/BlogPosting\" itemprop=\"blogPost\" ><div class='avia_textblock  '   itemprop=\"text\" ><p style=\"text-align: center;\"><strong><span style=\"font-size: 18pt;\">En Ra\u00fal Mar\u00edn Balmaceda capacitan a vecinas y vecinos en Ruta de Patrimonio Cultural<\/span><\/strong><\/p>\n<div id=\"gtx-trans\" style=\"position: absolute; left: -50px; top: 4.31534px;\">\n<div class=\"gtx-trans-icon\"><\/div>\n<\/div>\n<\/div><\/section><\/div><div class=\"flex_column av_one_full  flex_column_div av-zero-column-padding first  avia-builder-el-4  el_after_av_one_full  el_before_av_hr  column-top-margin\" style='border-radius:0px; '><section class=\"av_textblock_section \"  itemscope=\"itemscope\" itemtype=\"https:\/\/schema.org\/BlogPosting\" itemprop=\"blogPost\" ><div class='avia_textblock  '   itemprop=\"text\" ><p style=\"text-align: justify;\">\u201cEste proyecto es parte de la l\u00ednea de trabajo que tenemos como organizaci\u00f3n cultural \u201cMujer Austral\u201d compuesta por mujeres de la localidad, con la que buscamos fortalecer la salvaguarda del patrimonio local, en este\u00a0 caso esperamos consolidar la Ruta Patrimonial, como fortalecer el capital humano local\u00a0 desde la mediaci\u00f3n patrimonial que por un lado permite acompa\u00f1ar un recorrido de la ruta por un relato y por otro lado genera vinculaci\u00f3n entre la comunidad, el entorno y el patrimonio de manera significativa\u201d, nos cuenta la soci\u00f3loga, integrante de la organizaci\u00f3n y vecina de la localidad, Nathalie Brito Vergara .<\/p>\n<p style=\"text-align: justify;\">Respecto a las jornadas de capacitaci\u00f3n de la ruta la geof\u00edsica y vecina Amanda Valencia coment\u00f3. \u201cLa capacitaci\u00f3n para ser mediadores de la Ruta Patrimonial fue una experiencia enriquecedora. Ya que si bien, seremos nosotros los \u201cexpertos locales\u201d que guiar\u00e1n a los visitantes, hab\u00eda mucha historia de nuestra localidad desconocida al menos para m\u00ed. Por lo que, adem\u00e1s, del conocimiento t\u00e9cnico hubo mucho, pero mucho aprendizaje. La creaci\u00f3n de esta ruta me parece s\u00faper importante y oportuna, ya que el trabajo llevado a cabo, como conversatorios, recolecci\u00f3n de informaci\u00f3n, historias y experiencias quedar\u00e1 plasmado en las calles en sitios que uno frecuenta todo el tiempo, es seguir aprendiendo constantemente\u201d. \u00a0Coment\u00f3<\/p>\n<p style=\"text-align: justify;\">Por su parte la t\u00e9cnico en educaci\u00f3n parvularia de Jard\u00edn Cuncunita de la localidad, Jeanet Vargas\u00a0enfatiz\u00f3 \u201c, para la educaci\u00f3n inicial es de gran importancia la mediaci\u00f3n patrimonial ya que de esta manera podemos apreciar las diversas formas de vida de las comunidades, mediante documentaci\u00f3n gr\u00e1fica, audiovisual y f\u00edsica como son las estaciones patrimoniales inauguradas recientemente. De esta forma dem\u00e1s, podemos comunicar algunos relatos sociales sobre hechos significativos del pasado de nuestra comunidad. Tambi\u00e9n reconocer diversas acciones para el cuidado del patrimonio cultural y natural de nuestra isla. Una ni\u00f1a o un ni\u00f1o que reconoce su cultura ser\u00e1 un adulto \u00edntegro y m\u00e1s responsable con su comunidad\u201d.<\/p>\n<p style=\"text-align: justify;\">\u201cEste es un proyecto que inici\u00f3 hace ya un buen rato, en octubre de 2021 y est\u00e1 viendo su feliz t\u00e9rmino ahora en noviembre de 2022. Como Museo pensamos que este proyecto calza muy bien con los objetivos de protecci\u00f3n y puesta en valor de nuestro patrimonio regional, dado que en este caso puntual se desarroll\u00f3 una ruta patrimonial donde se entren\u00f3 a vecina y vecinos que estuvieran interesados en capacitarse, para que ellos pudieran ser los mediadores de esta ruta, es decir, se estableci\u00f3 una puesta en valor mediante el conocimiento, apropiaci\u00f3n local y tambi\u00e9n la dinamiza. Hay elementos bien interesantes como la generaci\u00f3n de un kit patrimonial que les apoye con todo lo que es este relato y, adem\u00e1s, como Museo destacamos que una iniciativa como esta, tan concreta y modular puede ser perfectamente replicable por gente de otras latitudes de nuestra regi\u00f3n, destac\u00f3 el Director del Museo Regional de Ays\u00e9n, Gustavo Saldivia.<\/p>\n<p style=\"text-align: justify;\">Para conocer m\u00e1s de esta iniciativa est\u00e1 disponible el siguiente link en el Canal de Youtube, Mujer Austral: <a href=\"https:\/\/youtu.be\/XGM6Ip11OAE\">https:\/\/youtu.be\/XGM6Ip11OAE<\/a>, adem\u00e1s de la p\u00e1gina de Instagram del mismo nombre.<\/p>\n<p style=\"text-align: justify;\">Esta iniciativa de \u00abEducaci\u00f3n Patrimonial en Pto. Ra\u00fal Mar\u00edn Balmaceda\u00bb es un proyecto financiado por el Fondo del Patrimonio Cultural 2020 del Ministerio de las Culturas, las Artes y el Patrimonio.<\/p>\n<\/div><\/section><\/div><div  style='height:50px' class='hr hr-invisible   avia-builder-el-6  el_after_av_one_full  el_before_av_social_share '><span class='hr-inner ' ><span class='hr-inner-style'><\/span><\/span><\/div><\/p>\n<div  class='av-social-sharing-box  avia-builder-el-7  el_after_av_hr  el_before_av_hr  '><div class='av-share-box'><h5 class='av-share-link-description av-no-toc '>Compartir esta noticia<\/h5><ul class='av-share-box-list noLightbox'><li class='av-share-link av-social-link-facebook' ><a target=\"_blank\" aria-label=\"Compartir en Facebook\" href='https:\/\/www.facebook.com\/sharer.php?u=https:\/\/radiorevelacionfm.cl\/?p=24161&#038;t=En%20Ra%C3%BAl%20Mar%C3%ADn%20Balmaceda%20capacitan%20a%20vecinas%20y%20vecinos%20en%20Ruta%20de%20Patrimonio%20Cultural' aria-hidden='false' data-av_icon='\ue8f3' data-av_iconfont='entypo-fontello' title='' data-avia-related-tooltip='Compartir en Facebook' rel=\"noopener\"><span class='avia_hidden_link_text'>Compartir en Facebook<\/span><\/a><\/li><li class='av-share-link av-social-link-twitter' ><a target=\"_blank\" aria-label=\"Compartir en Twitter\" href='https:\/\/twitter.com\/share?text=En%20Ra%C3%BAl%20Mar%C3%ADn%20Balmaceda%20capacitan%20a%20vecinas%20y%20vecinos%20en%20Ruta%20de%20Patrimonio%20Cultural&#038;url=https:\/\/radiorevelacionfm.cl\/?p=24161' aria-hidden='false' data-av_icon='\ue8f1' data-av_iconfont='entypo-fontello' title='' data-avia-related-tooltip='Compartir en Twitter' rel=\"noopener\"><span class='avia_hidden_link_text'>Compartir en Twitter<\/span><\/a><\/li><li class='av-share-link av-social-link-whatsapp' ><a target=\"_blank\" aria-label=\"Compartir en Whatsapp\" href='https:\/\/api.whatsapp.com\/send?text=https:\/\/radiorevelacionfm.cl\/?p=24161' aria-hidden='false' data-av_icon='\uf232' data-av_iconfont='entypo-fontello' title='' data-avia-related-tooltip='Compartir en Whatsapp' rel=\"noopener\"><span class='avia_hidden_link_text'>Compartir en Whatsapp<\/span><\/a><\/li><li class='av-share-link av-social-link-linkedin' ><a target=\"_blank\" aria-label=\"Compartir en LinkedIn\" href='https:\/\/linkedin.com\/shareArticle?mini=true&#038;title=En%20Ra%C3%BAl%20Mar%C3%ADn%20Balmaceda%20capacitan%20a%20vecinas%20y%20vecinos%20en%20Ruta%20de%20Patrimonio%20Cultural&#038;url=https:\/\/radiorevelacionfm.cl\/?p=24161' aria-hidden='false' data-av_icon='\ue8fc' data-av_iconfont='entypo-fontello' title='' data-avia-related-tooltip='Compartir en LinkedIn' rel=\"noopener\"><span class='avia_hidden_link_text'>Compartir en LinkedIn<\/span><\/a><\/li><li class='av-share-link av-social-link-mail' ><a  aria-label=\"Compartir por correo\" href='mailto:?subject=En%20Ra%C3%BAl%20Mar%C3%ADn%20Balmaceda%20capacitan%20a%20vecinas%20y%20vecinos%20en%20Ruta%20de%20Patrimonio%20Cultural&#038;body=https:\/\/radiorevelacionfm.cl\/?p=24161' aria-hidden='false' data-av_icon='\ue805' data-av_iconfont='entypo-fontello' title='' data-avia-related-tooltip='Compartir por correo'><span class='avia_hidden_link_text'>Compartir por correo<\/span><\/a><\/li><\/ul><\/div><\/div>\n<div  style='height:50px' class='hr hr-invisible   avia-builder-el-8  el_after_av_social_share  el_before_av_comments_list '><span class='hr-inner ' ><span class='hr-inner-style'><\/span><\/span><\/div>\n<div  class='av-buildercomment  av-blog-meta-html-info-disabled av-blog-meta-tag-disabled  '><\/div>\n","protected":false},"excerpt":{"rendered":"","protected":false},"author":1,"featured_media":24162,"comment_status":"open","ping_status":"open","sticky":false,"template":"","format":"standard","meta":{"footnotes":""},"categories":[52],"tags":[],"class_list":["post-24161","post","type-post","status-publish","format-standard","has-post-thumbnail","hentry","category-cultura"],"jetpack_featured_media_url":"https:\/\/radiorevelacionfm.cl\/wp-content\/uploads\/2022\/11\/en-terreno-1_optimized-1.jpeg","_links":{"self":[{"href":"https:\/\/radiorevelacionfm.cl\/index.php?rest_route=\/wp\/v2\/posts\/24161","targetHints":{"allow":["GET"]}}],"collection":[{"href":"https:\/\/radiorevelacionfm.cl\/index.php?rest_route=\/wp\/v2\/posts"}],"about":[{"href":"https:\/\/radiorevelacionfm.cl\/index.php?rest_route=\/wp\/v2\/types\/post"}],"author":[{"embeddable":true,"href":"https:\/\/radiorevelacionfm.cl\/index.php?rest_route=\/wp\/v2\/users\/1"}],"replies":[{"embeddable":true,"href":"https:\/\/radiorevelacionfm.cl\/index.php?rest_route=%2Fwp%2Fv2%2Fcomments&post=24161"}],"version-history":[{"count":2,"href":"https:\/\/radiorevelacionfm.cl\/index.php?rest_route=\/wp\/v2\/posts\/24161\/revisions"}],"predecessor-version":[{"id":24164,"href":"https:\/\/radiorevelacionfm.cl\/index.php?rest_route=\/wp\/v2\/posts\/24161\/revisions\/24164"}],"wp:featuredmedia":[{"embeddable":true,"href":"https:\/\/radiorevelacionfm.cl\/index.php?rest_route=\/wp\/v2\/media\/24162"}],"wp:attachment":[{"href":"https:\/\/radiorevelacionfm.cl\/index.php?rest_route=%2Fwp%2Fv2%2Fmedia&parent=24161"}],"wp:term":[{"taxonomy":"category","embeddable":true,"href":"https:\/\/radiorevelacionfm.cl\/index.php?rest_route=%2Fwp%2Fv2%2Fcategories&post=24161"},{"taxonomy":"post_tag","embeddable":true,"href":"https:\/\/radiorevelacionfm.cl\/index.php?rest_route=%2Fwp%2Fv2%2Ftags&post=24161"}],"curies":[{"name":"wp","href":"https:\/\/api.w.org\/{rel}","templated":true}]}}