{"id":24157,"date":"2022-11-14T09:33:55","date_gmt":"2022-11-14T12:33:55","guid":{"rendered":"https:\/\/radiorevelacionfm.cl\/?p=24157"},"modified":"2022-11-14T09:33:55","modified_gmt":"2022-11-14T12:33:55","slug":"se-inicio-postulacion-individual-al-fondo-solidario-de-eleccion-de-vivienda","status":"publish","type":"post","link":"https:\/\/radiorevelacionfm.cl\/?p=24157","title":{"rendered":"Se inici\u00f3 postulaci\u00f3n individual al Fondo Solidario de Elecci\u00f3n de Vivienda"},"content":{"rendered":"<div class=\"flex_column av_one_full  flex_column_div av-zero-column-padding first  avia-builder-el-0  el_before_av_one_full  avia-builder-el-first  \" style='border-radius:0px; '><div  class='avia-image-container  av-styling-    avia-builder-el-1  avia-builder-el-no-sibling  avia-align-center '  itemprop=\"image\" itemscope=\"itemscope\" itemtype=\"https:\/\/schema.org\/ImageObject\"  ><div class='avia-image-container-inner'><div class='avia-image-overlay-wrap'><img decoding=\"async\" class='wp-image-24158 avia-img-lazy-loading-not-24158 avia_image' src=\"https:\/\/radiorevelacionfm.cl\/wp-content\/uploads\/2022\/11\/105-viiendas-archivo-coyhaique-1_optimized-1.jpg\" alt='' title='105-viiendas-(archivo)-coyhaique-(1)_optimized (1)' height=\"600\" width=\"1077\"  itemprop=\"thumbnailUrl\" srcset=\"https:\/\/radiorevelacionfm.cl\/wp-content\/uploads\/2022\/11\/105-viiendas-archivo-coyhaique-1_optimized-1.jpg 1077w, https:\/\/radiorevelacionfm.cl\/wp-content\/uploads\/2022\/11\/105-viiendas-archivo-coyhaique-1_optimized-1-300x167.jpg 300w, https:\/\/radiorevelacionfm.cl\/wp-content\/uploads\/2022\/11\/105-viiendas-archivo-coyhaique-1_optimized-1-1030x574.jpg 1030w, https:\/\/radiorevelacionfm.cl\/wp-content\/uploads\/2022\/11\/105-viiendas-archivo-coyhaique-1_optimized-1-768x428.jpg 768w, https:\/\/radiorevelacionfm.cl\/wp-content\/uploads\/2022\/11\/105-viiendas-archivo-coyhaique-1_optimized-1-705x393.jpg 705w, https:\/\/radiorevelacionfm.cl\/wp-content\/uploads\/2022\/11\/105-viiendas-archivo-coyhaique-1_optimized-1-600x334.jpg 600w\" sizes=\"(max-width: 1077px) 100vw, 1077px\" \/><\/div><\/div><\/div><\/div><div class=\"flex_column av_one_full  flex_column_div av-zero-column-padding first  avia-builder-el-2  el_after_av_one_full  el_before_av_one_full  column-top-margin\" style='border-radius:0px; '><section class=\"av_textblock_section \"  itemscope=\"itemscope\" itemtype=\"https:\/\/schema.org\/BlogPosting\" itemprop=\"blogPost\" ><div class='avia_textblock  '   itemprop=\"text\" ><p style=\"text-align: center;\"><span style=\"font-size: 18pt;\"><strong>Se inici\u00f3 postulaci\u00f3n individual al Fondo Solidario de Elecci\u00f3n de Vivienda<\/strong><\/span><\/p>\n<div id=\"gtx-trans\" style=\"position: absolute; left: -50px; top: 4.31534px;\">\n<div class=\"gtx-trans-icon\"><\/div>\n<\/div>\n<\/div><\/section><\/div><div class=\"flex_column av_one_full  flex_column_div av-zero-column-padding first  avia-builder-el-4  el_after_av_one_full  el_before_av_hr  column-top-margin\" style='border-radius:0px; '><section class=\"av_textblock_section \"  itemscope=\"itemscope\" itemtype=\"https:\/\/schema.org\/BlogPosting\" itemprop=\"blogPost\" ><div class='avia_textblock  '   itemprop=\"text\" ><p style=\"text-align: justify;\">Tal como se anunci\u00f3 a trav\u00e9s de las plataformas digitales del Ministerio de Vivienda y Urbanismo, la Seremi de la regi\u00f3n de Ays\u00e9n, Paulina Ruz Delf\u00edn, record\u00f3 a la comunidad que\u00a0este lunes se abri\u00f3 el periodo de postulaci\u00f3n al \u201cLlamado Individual de Postulaci\u00f3n al\u00a0Fondo Solidario de Elecci\u00f3n de Vivienda DS 49\u201d.<\/p>\n<p style=\"text-align: justify;\">Este subsidio est\u00e1 destinado a familias sin vivienda y que viven en situaci\u00f3n de vulnerabilidad social, pues no se necesita cr\u00e9dito hipotecario. En ese sentido explic\u00f3 la autoridad sectorial que se trata de un beneficio que permite adquirir una vivienda construida, nueva o usada, que se encuentre disponible en alguna ciudad a lo largo del pa\u00eds.<\/p>\n<p style=\"text-align: justify;\">Precis\u00f3 la Seremi Paulina Ruz que, en forma especial, en este llamado se habilitaron dos fechas para la postulaci\u00f3n, pero a nuestra regi\u00f3n le corresponde s\u00f3lo el periodo que va entre el 14 y el 21 de noviembre, para lo cual los interesados deben tener clave \u00fanica y hacer el tr\u00e1mite en la p\u00e1gina web del Ministerio de Vivienda <a href=\"http:\/\/www.minvu.cl\">www.minvu.cl<\/a>, en las fecha antes se\u00f1aladas. \u201cHacemos un llamado a nuestras familias interesadas, a estar informados y postular en las fechas indicadas, o sea hasta el pr\u00f3ximo lunes 14 de noviembre, a este beneficio estatal que los ayuda a obtener su soluci\u00f3n habitacional definitiva. Ante cualquier duda pueden llamar o ir a las Oficinas de Informaciones del Serviu, tanto en Coyhaique como en Puerto Ays\u00e9n y Cochrane, donde se les prestar\u00e1 toda la asesor\u00eda que sea necesaria para que concreten el tr\u00e1mite\u201d, asegur\u00f3.<\/p>\n<p style=\"text-align: justify;\"><strong>Fechas<\/strong><\/p>\n<p style=\"text-align: justify;\"><strong>Primera fecha:<\/strong>\u00a0Desde las 08:00 horas del 14 de noviembre hasta las 18:00 horas del 21 de noviembre del 2022. Regiones que postulan: Arica y Parinacota, Tarapac\u00e1, Antofagasta, Atacama, Coquimbo, O\u2019Higgins, Maule, \u00d1uble, La Araucan\u00eda, Los R\u00edos, Los Lagos<strong>, Ays\u00e9n<\/strong> y Magallanes.<\/p>\n<p style=\"text-align: justify;\"><strong>Segunda fecha:<\/strong>\u00a0Desde las 08:00 horas del 17 de noviembre hasta las 18:00 horas del 24 de noviembre del 2022. Regiones que postulan: Valpara\u00edso, Metropolitana y Biob\u00edo.<\/p>\n<p style=\"text-align: justify;\">Es muy importante saber que los interesados deben contar con <strong>Clave \u00danica<\/strong>, ya que todas las postulaciones se realizar\u00e1n de manera online a trav\u00e9s de la p\u00e1gina web del Ministerio de Vivienda, www.minvu.cl.<\/p>\n<p style=\"text-align: justify;\"><strong>Requisitos para postular<\/strong><strong>\u00a0<\/strong><\/p>\n<p style=\"text-align: justify;\">-Tener m\u00ednimo 18 a\u00f1os.<\/p>\n<p style=\"text-align: justify;\">-Contar con C\u00e9dula Nacional de Identidad Vigente. (Las personas extranjeras deben presentar C\u00e9dula de Identidad para Extranjeros en que conste su residencia definitiva.<\/p>\n<p style=\"text-align: justify;\">-Estar inscrito en el Registro Social de Hogares (RSH). Y no superar el tramo de calificaci\u00f3n socioecon\u00f3mica del 40% m\u00e1s vulnerable de la poblaci\u00f3n.<\/p>\n<p style=\"text-align: justify;\">-Acreditar en el RSH un grupo familiar.<\/p>\n<p style=\"text-align: justify;\">-Tener una cuenta de ahorro para la vivienda con un ahorro m\u00ednimo de 10 UF, a m\u00e1s tardar a m\u00e1s tardar el 28 de octubre de 2022 y hasta las 14:00 horas.<\/p>\n<\/div><\/section><\/div><div  style='height:50px' class='hr hr-invisible   avia-builder-el-6  el_after_av_one_full  el_before_av_social_share '><span class='hr-inner ' ><span class='hr-inner-style'><\/span><\/span><\/div><\/p>\n<div  class='av-social-sharing-box  avia-builder-el-7  el_after_av_hr  el_before_av_hr  '><div class='av-share-box'><h5 class='av-share-link-description av-no-toc '>Compartir esta noticia<\/h5><ul class='av-share-box-list noLightbox'><li class='av-share-link av-social-link-facebook' ><a target=\"_blank\" aria-label=\"Compartir en Facebook\" href='https:\/\/www.facebook.com\/sharer.php?u=https:\/\/radiorevelacionfm.cl\/?p=24157&#038;t=Se%20inici%C3%B3%20postulaci%C3%B3n%20individual%20al%20Fondo%20Solidario%20de%20Elecci%C3%B3n%20de%20Vivienda' aria-hidden='false' data-av_icon='\ue8f3' data-av_iconfont='entypo-fontello' title='' data-avia-related-tooltip='Compartir en Facebook' rel=\"noopener\"><span class='avia_hidden_link_text'>Compartir en Facebook<\/span><\/a><\/li><li class='av-share-link av-social-link-twitter' ><a target=\"_blank\" aria-label=\"Compartir en Twitter\" href='https:\/\/twitter.com\/share?text=Se%20inici%C3%B3%20postulaci%C3%B3n%20individual%20al%20Fondo%20Solidario%20de%20Elecci%C3%B3n%20de%20Vivienda&#038;url=https:\/\/radiorevelacionfm.cl\/?p=24157' aria-hidden='false' data-av_icon='\ue8f1' data-av_iconfont='entypo-fontello' title='' data-avia-related-tooltip='Compartir en Twitter' rel=\"noopener\"><span class='avia_hidden_link_text'>Compartir en Twitter<\/span><\/a><\/li><li class='av-share-link av-social-link-whatsapp' ><a target=\"_blank\" aria-label=\"Compartir en Whatsapp\" href='https:\/\/api.whatsapp.com\/send?text=https:\/\/radiorevelacionfm.cl\/?p=24157' aria-hidden='false' data-av_icon='\uf232' data-av_iconfont='entypo-fontello' title='' data-avia-related-tooltip='Compartir en Whatsapp' rel=\"noopener\"><span class='avia_hidden_link_text'>Compartir en Whatsapp<\/span><\/a><\/li><li class='av-share-link av-social-link-linkedin' ><a target=\"_blank\" aria-label=\"Compartir en LinkedIn\" href='https:\/\/linkedin.com\/shareArticle?mini=true&#038;title=Se%20inici%C3%B3%20postulaci%C3%B3n%20individual%20al%20Fondo%20Solidario%20de%20Elecci%C3%B3n%20de%20Vivienda&#038;url=https:\/\/radiorevelacionfm.cl\/?p=24157' aria-hidden='false' data-av_icon='\ue8fc' data-av_iconfont='entypo-fontello' title='' data-avia-related-tooltip='Compartir en LinkedIn' rel=\"noopener\"><span class='avia_hidden_link_text'>Compartir en LinkedIn<\/span><\/a><\/li><li class='av-share-link av-social-link-mail' ><a  aria-label=\"Compartir por correo\" href='mailto:?subject=Se%20inici%C3%B3%20postulaci%C3%B3n%20individual%20al%20Fondo%20Solidario%20de%20Elecci%C3%B3n%20de%20Vivienda&#038;body=https:\/\/radiorevelacionfm.cl\/?p=24157' aria-hidden='false' data-av_icon='\ue805' data-av_iconfont='entypo-fontello' title='' data-avia-related-tooltip='Compartir por correo'><span class='avia_hidden_link_text'>Compartir por correo<\/span><\/a><\/li><\/ul><\/div><\/div>\n<div  style='height:50px' class='hr hr-invisible   avia-builder-el-8  el_after_av_social_share  el_before_av_comments_list '><span class='hr-inner ' ><span class='hr-inner-style'><\/span><\/span><\/div>\n<div  class='av-buildercomment  av-blog-meta-html-info-disabled av-blog-meta-tag-disabled  '><\/div>\n","protected":false},"excerpt":{"rendered":"","protected":false},"author":1,"featured_media":24158,"comment_status":"open","ping_status":"open","sticky":false,"template":"","format":"standard","meta":{"footnotes":""},"categories":[57],"tags":[],"class_list":["post-24157","post","type-post","status-publish","format-standard","has-post-thumbnail","hentry","category-vivienda"],"jetpack_featured_media_url":"https:\/\/radiorevelacionfm.cl\/wp-content\/uploads\/2022\/11\/105-viiendas-archivo-coyhaique-1_optimized-1.jpg","_links":{"self":[{"href":"https:\/\/radiorevelacionfm.cl\/index.php?rest_route=\/wp\/v2\/posts\/24157","targetHints":{"allow":["GET"]}}],"collection":[{"href":"https:\/\/radiorevelacionfm.cl\/index.php?rest_route=\/wp\/v2\/posts"}],"about":[{"href":"https:\/\/radiorevelacionfm.cl\/index.php?rest_route=\/wp\/v2\/types\/post"}],"author":[{"embeddable":true,"href":"https:\/\/radiorevelacionfm.cl\/index.php?rest_route=\/wp\/v2\/users\/1"}],"replies":[{"embeddable":true,"href":"https:\/\/radiorevelacionfm.cl\/index.php?rest_route=%2Fwp%2Fv2%2Fcomments&post=24157"}],"version-history":[{"count":2,"href":"https:\/\/radiorevelacionfm.cl\/index.php?rest_route=\/wp\/v2\/posts\/24157\/revisions"}],"predecessor-version":[{"id":24160,"href":"https:\/\/radiorevelacionfm.cl\/index.php?rest_route=\/wp\/v2\/posts\/24157\/revisions\/24160"}],"wp:featuredmedia":[{"embeddable":true,"href":"https:\/\/radiorevelacionfm.cl\/index.php?rest_route=\/wp\/v2\/media\/24158"}],"wp:attachment":[{"href":"https:\/\/radiorevelacionfm.cl\/index.php?rest_route=%2Fwp%2Fv2%2Fmedia&parent=24157"}],"wp:term":[{"taxonomy":"category","embeddable":true,"href":"https:\/\/radiorevelacionfm.cl\/index.php?rest_route=%2Fwp%2Fv2%2Fcategories&post=24157"},{"taxonomy":"post_tag","embeddable":true,"href":"https:\/\/radiorevelacionfm.cl\/index.php?rest_route=%2Fwp%2Fv2%2Ftags&post=24157"}],"curies":[{"name":"wp","href":"https:\/\/api.w.org\/{rel}","templated":true}]}}