{"id":2415,"date":"2021-02-05T13:12:30","date_gmt":"2021-02-05T16:12:30","guid":{"rendered":"https:\/\/radiorevelacionfm.cl\/?p=2415"},"modified":"2021-02-05T13:35:20","modified_gmt":"2021-02-05T16:35:20","slug":"paula-narvaez-candidata-presidencial-ps-viviana-tiene-capacidad-para-lograr-que-la-nueva-constitucion-reconozca-a-la-region-de-aysen-su-condicion-de-territorio-especial","status":"publish","type":"post","link":"https:\/\/radiorevelacionfm.cl\/?p=2415","title":{"rendered":"Paula Narv\u00e1ez candidata presidencial PS: \u201cViviana Betancourt tiene capacidad para lograr que la nueva Constituci\u00f3n reconozca a la Regi\u00f3n de Ays\u00e9n su condici\u00f3n de Territorio Especial\u00bb"},"content":{"rendered":"<div class=\"flex_column av_one_full  flex_column_div av-zero-column-padding first  avia-builder-el-0  el_before_av_one_full  avia-builder-el-first  \" style='border-radius:0px; '><div  class='avia-image-container  av-styling-    avia-builder-el-1  avia-builder-el-no-sibling  avia-align-center '  itemprop=\"image\" itemscope=\"itemscope\" itemtype=\"https:\/\/schema.org\/ImageObject\"  ><div class='avia-image-container-inner'><div class='avia-image-overlay-wrap'><img decoding=\"async\" class='wp-image-0 avia-img-lazy-loading-not-0 avia_image' src=\"https:\/\/radiorevelacionfm.cl\/wp-content\/uploads\/2021\/02\/paula-narvaez1.png\" alt='' title=''   itemprop=\"thumbnailUrl\"  \/><\/div><\/div><\/div><\/div>\n<div class=\"flex_column av_one_full  flex_column_div av-zero-column-padding first  avia-builder-el-2  el_after_av_one_full  el_before_av_one_full  column-top-margin\" style='border-radius:0px; '><section class=\"av_textblock_section \"  itemscope=\"itemscope\" itemtype=\"https:\/\/schema.org\/BlogPosting\" itemprop=\"blogPost\" ><div class='avia_textblock  '   itemprop=\"text\" ><p style=\"text-align: center;\"><span style=\"font-size: 18pt;\"><strong>Paula Narv\u00e1ez candidata presidencial PS: \u201cViviana Betancourt tiene capacidad para lograr que la nueva Constituci\u00f3n reconozca a la Regi\u00f3n de Ays\u00e9n su condici\u00f3n de Territorio Especial\u00bb<\/strong><\/span><\/p>\n<div id=\"gtx-trans\" style=\"position: absolute; left: -50px; top: 4.31534px;\">\n<div class=\"gtx-trans-icon\"><\/div>\n<\/div>\n<\/div><\/section><\/div><div class=\"flex_column av_one_full  flex_column_div av-zero-column-padding first  avia-builder-el-4  el_after_av_one_full  el_before_av_hr  column-top-margin\" style='border-radius:0px; '><section class=\"av_textblock_section \"  itemscope=\"itemscope\" itemtype=\"https:\/\/schema.org\/BlogPosting\" itemprop=\"blogPost\" ><div class='avia_textblock  '   itemprop=\"text\" ><p style=\"text-align: justify;\">A trav\u00e9s de un video, la candidata presidencial del Partido Socialista de Chile, Paula Narv\u00e1ez Ojeda, brind\u00f3 su respaldo a la Viviana Betancourt Gallegos en su candidatura a Convencional Constituyente por la Regi\u00f3n de Ays\u00e9n.<\/p>\n<p style=\"text-align: justify;\">\u201cConozco a Viviana Betancourt, trabajamos juntas en los dos gobiernos de la Presidenta Bachelet, por eso s\u00e9 que adem\u00e1s de Chile, le interesa mucho lo que pasa en Ays\u00e9n\u201d, comienza se\u00f1alando la psic\u00f3loga y ex ministra de Gobierno.<\/p>\n<p style=\"text-align: justify;\">Narv\u00e1ez respald\u00f3 el conocimiento y capacidad de la candidata del Distrito 27 \u201cpara lograr que la nueva Constituci\u00f3n le reconozca a la Regi\u00f3n de Ays\u00e9n la condici\u00f3n de \u2018territorio especial\u2019, con todos los cambios favorables que traer\u00e1 para sus habitantes\u201d.<\/p>\n<p style=\"text-align: justify;\">Viviana Betancourt es abogada laboral y en su trayectoria se ha desempe\u00f1ado como Secretaria Ejecutiva del Gobierno Regional de Ays\u00e9n, Intendenta de Ays\u00e9n, asesora en el Congreso Nacional y profesional de Subdere para avanzar en la nueva figura del Gobernador Regional, por lo que ahora pone a disposici\u00f3n de la regi\u00f3n el conocimiento para para redactar la nueva Constituci\u00f3n de Chile.<\/p>\n<\/div><\/section><\/div><\/p>\n<div  style='height:50px' class='hr hr-invisible   avia-builder-el-6  el_after_av_one_full  el_before_av_social_share '><span class='hr-inner ' ><span class='hr-inner-style'><\/span><\/span><\/div>\n<div  class='av-social-sharing-box  avia-builder-el-7  el_after_av_hr  el_before_av_hr  '><div class='av-share-box'><h5 class='av-share-link-description av-no-toc '>Compartir esta noticia<\/h5><ul class='av-share-box-list noLightbox'><li class='av-share-link av-social-link-facebook' ><a target=\"_blank\" aria-label=\"Compartir en Facebook\" href='https:\/\/www.facebook.com\/sharer.php?u=https:\/\/radiorevelacionfm.cl\/?p=2415&#038;t=Paula%20Narv%C3%A1ez%20candidata%20presidencial%20PS%3A%20%E2%80%9CViviana%20Betancourt%20tiene%20capacidad%20para%20lograr%20que%20la%20nueva%20Constituci%C3%B3n%20reconozca%20a%20la%20Regi%C3%B3n%20de%20Ays%C3%A9n%20su%20condici%C3%B3n%20de%20Territorio%20Especial%C2%BB' aria-hidden='false' data-av_icon='\ue8f3' data-av_iconfont='entypo-fontello' title='' data-avia-related-tooltip='Compartir en Facebook' rel=\"noopener\"><span class='avia_hidden_link_text'>Compartir en Facebook<\/span><\/a><\/li><li class='av-share-link av-social-link-twitter' ><a target=\"_blank\" aria-label=\"Compartir en Twitter\" href='https:\/\/twitter.com\/share?text=Paula%20Narv%C3%A1ez%20candidata%20presidencial%20PS%3A%20%E2%80%9CViviana%20Betancourt%20tiene%20capacidad%20para%20lograr%20que%20la%20nueva%20Constituci%C3%B3n%20reconozca%20a%20la%20Regi%C3%B3n%20de%20Ays%C3%A9n%20su%20condici%C3%B3n%20de%20Territorio%20Especial%C2%BB&#038;url=https:\/\/radiorevelacionfm.cl\/?p=2415' aria-hidden='false' data-av_icon='\ue8f1' data-av_iconfont='entypo-fontello' title='' data-avia-related-tooltip='Compartir en Twitter' rel=\"noopener\"><span class='avia_hidden_link_text'>Compartir en Twitter<\/span><\/a><\/li><li class='av-share-link av-social-link-whatsapp' ><a target=\"_blank\" aria-label=\"Compartir en Whatsapp\" href='https:\/\/api.whatsapp.com\/send?text=https:\/\/radiorevelacionfm.cl\/?p=2415' aria-hidden='false' data-av_icon='\uf232' data-av_iconfont='entypo-fontello' title='' data-avia-related-tooltip='Compartir en Whatsapp' rel=\"noopener\"><span class='avia_hidden_link_text'>Compartir en Whatsapp<\/span><\/a><\/li><li class='av-share-link av-social-link-linkedin' ><a target=\"_blank\" aria-label=\"Compartir en LinkedIn\" href='https:\/\/linkedin.com\/shareArticle?mini=true&#038;title=Paula%20Narv%C3%A1ez%20candidata%20presidencial%20PS%3A%20%E2%80%9CViviana%20Betancourt%20tiene%20capacidad%20para%20lograr%20que%20la%20nueva%20Constituci%C3%B3n%20reconozca%20a%20la%20Regi%C3%B3n%20de%20Ays%C3%A9n%20su%20condici%C3%B3n%20de%20Territorio%20Especial%C2%BB&#038;url=https:\/\/radiorevelacionfm.cl\/?p=2415' aria-hidden='false' data-av_icon='\ue8fc' data-av_iconfont='entypo-fontello' title='' data-avia-related-tooltip='Compartir en LinkedIn' rel=\"noopener\"><span class='avia_hidden_link_text'>Compartir en LinkedIn<\/span><\/a><\/li><li class='av-share-link av-social-link-mail' ><a  aria-label=\"Compartir por correo\" href='mailto:?subject=Paula%20Narv%C3%A1ez%20candidata%20presidencial%20PS%3A%20%E2%80%9CViviana%20Betancourt%20tiene%20capacidad%20para%20lograr%20que%20la%20nueva%20Constituci%C3%B3n%20reconozca%20a%20la%20Regi%C3%B3n%20de%20Ays%C3%A9n%20su%20condici%C3%B3n%20de%20Territorio%20Especial%C2%BB&#038;body=https:\/\/radiorevelacionfm.cl\/?p=2415' aria-hidden='false' data-av_icon='\ue805' data-av_iconfont='entypo-fontello' title='' data-avia-related-tooltip='Compartir por correo'><span class='avia_hidden_link_text'>Compartir por correo<\/span><\/a><\/li><\/ul><\/div><\/div>\n<div  style='height:50px' class='hr hr-invisible   avia-builder-el-8  el_after_av_social_share  el_before_av_comments_list '><span class='hr-inner ' ><span class='hr-inner-style'><\/span><\/span><\/div>\n<div  class='av-buildercomment  av-blog-meta-html-info-disabled av-blog-meta-tag-disabled  '><\/div>\n","protected":false},"excerpt":{"rendered":"","protected":false},"author":1,"featured_media":0,"comment_status":"open","ping_status":"open","sticky":false,"template":"","format":"standard","meta":{"footnotes":""},"categories":[35],"tags":[],"class_list":["post-2415","post","type-post","status-publish","format-standard","hentry","category-politica"],"jetpack_featured_media_url":"","_links":{"self":[{"href":"https:\/\/radiorevelacionfm.cl\/index.php?rest_route=\/wp\/v2\/posts\/2415","targetHints":{"allow":["GET"]}}],"collection":[{"href":"https:\/\/radiorevelacionfm.cl\/index.php?rest_route=\/wp\/v2\/posts"}],"about":[{"href":"https:\/\/radiorevelacionfm.cl\/index.php?rest_route=\/wp\/v2\/types\/post"}],"author":[{"embeddable":true,"href":"https:\/\/radiorevelacionfm.cl\/index.php?rest_route=\/wp\/v2\/users\/1"}],"replies":[{"embeddable":true,"href":"https:\/\/radiorevelacionfm.cl\/index.php?rest_route=%2Fwp%2Fv2%2Fcomments&post=2415"}],"version-history":[{"count":4,"href":"https:\/\/radiorevelacionfm.cl\/index.php?rest_route=\/wp\/v2\/posts\/2415\/revisions"}],"predecessor-version":[{"id":2421,"href":"https:\/\/radiorevelacionfm.cl\/index.php?rest_route=\/wp\/v2\/posts\/2415\/revisions\/2421"}],"wp:attachment":[{"href":"https:\/\/radiorevelacionfm.cl\/index.php?rest_route=%2Fwp%2Fv2%2Fmedia&parent=2415"}],"wp:term":[{"taxonomy":"category","embeddable":true,"href":"https:\/\/radiorevelacionfm.cl\/index.php?rest_route=%2Fwp%2Fv2%2Fcategories&post=2415"},{"taxonomy":"post_tag","embeddable":true,"href":"https:\/\/radiorevelacionfm.cl\/index.php?rest_route=%2Fwp%2Fv2%2Ftags&post=2415"}],"curies":[{"name":"wp","href":"https:\/\/api.w.org\/{rel}","templated":true}]}}