{"id":24141,"date":"2022-11-14T15:51:37","date_gmt":"2022-11-14T18:51:37","guid":{"rendered":"https:\/\/radiorevelacionfm.cl\/?p=24141"},"modified":"2022-11-14T15:51:37","modified_gmt":"2022-11-14T18:51:37","slug":"camara-chilena-de-la-construccion-enfatiza-en-medidas-para-reactivar-la-industria-y-destrabar-nudos-criticos","status":"publish","type":"post","link":"https:\/\/radiorevelacionfm.cl\/?p=24141","title":{"rendered":"C\u00e1mara Chilena de la Construcci\u00f3n enfatiza en medidas para reactivar la industria y destrabar nudos cr\u00edticos"},"content":{"rendered":"<div class=\"flex_column av_one_full  flex_column_div av-zero-column-padding first  avia-builder-el-0  el_before_av_one_full  avia-builder-el-first  \" style='border-radius:0px; '><div  class='avia-image-container  av-styling-    avia-builder-el-1  avia-builder-el-no-sibling  avia-align-center '  itemprop=\"image\" itemscope=\"itemscope\" itemtype=\"https:\/\/schema.org\/ImageObject\"  ><div class='avia-image-container-inner'><div class='avia-image-overlay-wrap'><img decoding=\"async\" class='wp-image-24142 avia-img-lazy-loading-not-24142 avia_image' src=\"https:\/\/radiorevelacionfm.cl\/wp-content\/uploads\/2022\/11\/Alert_CChC-1-1.jpeg\" alt='' title='Alert_CChC (1) (1)' height=\"600\" width=\"834\"  itemprop=\"thumbnailUrl\" srcset=\"https:\/\/radiorevelacionfm.cl\/wp-content\/uploads\/2022\/11\/Alert_CChC-1-1.jpeg 834w, https:\/\/radiorevelacionfm.cl\/wp-content\/uploads\/2022\/11\/Alert_CChC-1-1-300x216.jpeg 300w, https:\/\/radiorevelacionfm.cl\/wp-content\/uploads\/2022\/11\/Alert_CChC-1-1-768x553.jpeg 768w, https:\/\/radiorevelacionfm.cl\/wp-content\/uploads\/2022\/11\/Alert_CChC-1-1-705x507.jpeg 705w, https:\/\/radiorevelacionfm.cl\/wp-content\/uploads\/2022\/11\/Alert_CChC-1-1-600x432.jpeg 600w\" sizes=\"(max-width: 834px) 100vw, 834px\" \/><\/div><\/div><\/div><\/div><div class=\"flex_column av_one_full  flex_column_div av-zero-column-padding first  avia-builder-el-2  el_after_av_one_full  el_before_av_one_full  column-top-margin\" style='border-radius:0px; '><section class=\"av_textblock_section \"  itemscope=\"itemscope\" itemtype=\"https:\/\/schema.org\/BlogPosting\" itemprop=\"blogPost\" ><div class='avia_textblock  '   itemprop=\"text\" ><p style=\"text-align: center;\"><span style=\"font-size: 18pt;\"><b>C\u00e1mara Chilena de la Construcci\u00f3n enfatiza en medidas para reactivar la industria y destrabar nudos cr\u00edticos<\/b><\/span><\/p>\n<div id=\"gtx-trans\" style=\"position: absolute; left: -50px; top: 4.31534px;\">\n<div class=\"gtx-trans-icon\"><\/div>\n<\/div>\n<\/div><\/section><\/div><div class=\"flex_column av_one_full  flex_column_div av-zero-column-padding first  avia-builder-el-4  el_after_av_one_full  el_before_av_hr  column-top-margin\" style='border-radius:0px; '><section class=\"av_textblock_section \"  itemscope=\"itemscope\" itemtype=\"https:\/\/schema.org\/BlogPosting\" itemprop=\"blogPost\" ><div class='avia_textblock  '   itemprop=\"text\" ><p style=\"text-align: justify;\">Con el prop\u00f3sito de contribuir a impulsar la inversi\u00f3n, para lograr reactivar la actividad de la industria, la generaci\u00f3n de empleos y econom\u00eda regional, la C\u00e1mara Chilena de la Construcci\u00f3n (CChC), realiz\u00f3 un diagn\u00f3stico de las trabas administrativas que a\u00fan enfrentan los proyectos de construcci\u00f3n, tanto para ser autorizados como durante sus etapas de desarrollo. Entregando recomendaciones que apuntan a dar celeridad a estos procesos y con ello tambi\u00e9n a la ejecuci\u00f3n de obras.<\/p>\n<p>Al respecto, la presidenta regional de la C\u00e1mara Chilena de la Construcci\u00f3n, Alejandra Alert Rivas, manifest\u00f3 que \u201cdesde nuestro gremio valoramos el trabajo realizado con las autoridades tanto a nivel nacional como regional, de gobierno y tambi\u00e9n los parlamentarios, dado que hemos tenido la posibilidad de reunirnos en diversas instancias y ser escuchados, con el objetivo de encontrar soluciones a las dificultades que contin\u00faan afectando a la industria de la construcci\u00f3n\u201d.<\/p>\n<p>En esa l\u00ednea, agreg\u00f3 que \u201ca pesar de generar un trabajo conjunto p\u00fablico-privado, la urgencia de poner en pr\u00e1ctica las soluciones propuestas por la autoridad no es la esperada. Hoy se requiere que las soluciones sean eficientes y concretas, ya que cada d\u00eda aumenta el problema. Cabe destacar, que no s\u00f3lo hay desfinanciamiento de los proyectos en ejecuci\u00f3n, sino que adem\u00e1s no se est\u00e1 considerando que los nuevos proyectos o iniciativas son y ser\u00e1n m\u00e1s caras que hace dos a\u00f1os atr\u00e1s. Se debe asumir, por lo tanto, que este cambio de escenario econ\u00f3mico, financiero y social debe ser internalizado y proyectarse a las futuras inversiones y no solo ahora, de manera de salvavidas\u201d.<\/p>\n<p>\u201cEn nuestra Regi\u00f3n de Ays\u00e9n, urge reactivar las obras de construcci\u00f3n, dado que junto con la generaci\u00f3n de empleos que traen consigo, tambi\u00e9n otorgan movilidad a nuestras econom\u00edas locales. Por ello, creemos que el Estado debe generar una actualizaci\u00f3n en el trato para los proyectos de construcci\u00f3n, de lo contrario, las iniciativas privadas ser\u00e1n cada vez menos y, las iniciativas p\u00fablicas, m\u00e1s caras, sobre todo en un territorio como el nuestro, austral y aislado\u201d, afirm\u00f3 Alejandra Alert.<\/p>\n<p><b>\u201cNUDOS CR\u00cdTICOS\u201d<\/b><\/p>\n<p>En su an\u00e1lisis, desde la CChC plantean que las trabas o nudos cr\u00edticos, est\u00e1n en diferentes etapas de los proyectos -dependiendo de la obra-, tales como; la planificaci\u00f3n, el dise\u00f1o, la adjudicaci\u00f3n, y los permisos, debiendo enfrentar retrasos, mayores costos, controversias y en ocasiones la judicializaci\u00f3n.<\/p>\n<p>En virtud de lo anterior, es que la C\u00e1mara Chilena de la Construcci\u00f3n ha propuesto una serie de recomendaciones, a corto y largo plazo, en materia de edificaci\u00f3n e infraestructura p\u00fablica, con miras a la reactivaci\u00f3n de la industria local.<\/p>\n<p>Algunas de estas son; la aplicabilidad de los reajustes presupuestarios a los contratos p\u00fablicos que se est\u00e1n ejecutando en la regi\u00f3n y la actualizaci\u00f3n de los presupuestos de futuros proyectos; la disminuci\u00f3n de los tiempos de obtenci\u00f3n de permisos de edificaci\u00f3n en las Direcciones de Obras Municipales en paralelo a la nueva exigencia IMIV (Informe de Mitigaci\u00f3n Impacto Vial); la generaci\u00f3n de una cartera de proyectos de obras menores en materia de infraestructura, modificaciones al registro de contratistas y reglamento del MOP. Adem\u00e1s de dar prioridad a la Agenda Pro Inversi\u00f3n, para destrabar los proyectos en ejecuci\u00f3n y las pr\u00f3ximas licitaciones.<\/p>\n<p>Al respecto, la presidenta de la CChC, Alejandra Alert, detall\u00f3 que \u201cestas recomendaciones que han sido presentadas a nivel nacional, recogen lo que hemos venido planteando a nuestras autoridades regionales, que han sido propuestas serias y concretas, canalizadas con nuestros comit\u00e9s, grupos de trabajo y comisiones gremiales. Sabemos que el escenario a lograr, para concretar la reactivaci\u00f3n econ\u00f3mica, debemos generarlo en conjunto, privados y p\u00fablicos, esto es tambi\u00e9n una oportunidad para apuntar a una modernizaci\u00f3n del Estado y del quehacer privado\u201d.<\/p>\n<p>Finalmente, la presidenta del gremio de la construcci\u00f3n, manifest\u00f3 que \u201cnecesitamos que la agenda pro inversi\u00f3n con la celeridad que se requiere, y el trabajo que se est\u00e1 realizando a trav\u00e9s de mesas permanentes con el MOP, MINVU y SERVIU, en nuestra regi\u00f3n y tambi\u00e9n a trav\u00e9s de nuestras instancias gremiales nacionales, sean de mayor agilidad y eficiencia. Recientemente, la Contralor\u00eda, tom\u00f3 raz\u00f3n de un decreto que permite un reajuste polin\u00f3mico en contratos que se encuentran vigentes con el MOP y que no ten\u00edan posibilidad de reajuste, siendo un importante paso\u201d.<\/p>\n<p>\u201cEntendemos que este es un desaf\u00edo mayor, que implica avanzar hacia cambios culturales en el Estado y en las empresas, pero el resultado nos beneficiar\u00e1 a todos\u201d, concluy\u00f3 Alert.<\/p>\n<\/div><\/section><\/div><div  style='height:50px' class='hr hr-invisible   avia-builder-el-6  el_after_av_one_full  el_before_av_social_share '><span class='hr-inner ' ><span class='hr-inner-style'><\/span><\/span><\/div><\/p>\n<div  class='av-social-sharing-box  avia-builder-el-7  el_after_av_hr  el_before_av_hr  '><div class='av-share-box'><h5 class='av-share-link-description av-no-toc '>Compartir esta noticia<\/h5><ul class='av-share-box-list noLightbox'><li class='av-share-link av-social-link-facebook' ><a target=\"_blank\" aria-label=\"Compartir en Facebook\" href='https:\/\/www.facebook.com\/sharer.php?u=https:\/\/radiorevelacionfm.cl\/?p=24141&#038;t=C%C3%A1mara%20Chilena%20de%20la%20Construcci%C3%B3n%20enfatiza%20en%20medidas%20para%20reactivar%20la%20industria%20y%20destrabar%20nudos%20cr%C3%ADticos' aria-hidden='false' data-av_icon='\ue8f3' data-av_iconfont='entypo-fontello' title='' data-avia-related-tooltip='Compartir en Facebook' rel=\"noopener\"><span class='avia_hidden_link_text'>Compartir en Facebook<\/span><\/a><\/li><li class='av-share-link av-social-link-twitter' ><a target=\"_blank\" aria-label=\"Compartir en Twitter\" href='https:\/\/twitter.com\/share?text=C%C3%A1mara%20Chilena%20de%20la%20Construcci%C3%B3n%20enfatiza%20en%20medidas%20para%20reactivar%20la%20industria%20y%20destrabar%20nudos%20cr%C3%ADticos&#038;url=https:\/\/radiorevelacionfm.cl\/?p=24141' aria-hidden='false' data-av_icon='\ue8f1' data-av_iconfont='entypo-fontello' title='' data-avia-related-tooltip='Compartir en Twitter' rel=\"noopener\"><span class='avia_hidden_link_text'>Compartir en Twitter<\/span><\/a><\/li><li class='av-share-link av-social-link-whatsapp' ><a target=\"_blank\" aria-label=\"Compartir en Whatsapp\" href='https:\/\/api.whatsapp.com\/send?text=https:\/\/radiorevelacionfm.cl\/?p=24141' aria-hidden='false' data-av_icon='\uf232' data-av_iconfont='entypo-fontello' title='' data-avia-related-tooltip='Compartir en Whatsapp' rel=\"noopener\"><span class='avia_hidden_link_text'>Compartir en Whatsapp<\/span><\/a><\/li><li class='av-share-link av-social-link-linkedin' ><a target=\"_blank\" aria-label=\"Compartir en LinkedIn\" href='https:\/\/linkedin.com\/shareArticle?mini=true&#038;title=C%C3%A1mara%20Chilena%20de%20la%20Construcci%C3%B3n%20enfatiza%20en%20medidas%20para%20reactivar%20la%20industria%20y%20destrabar%20nudos%20cr%C3%ADticos&#038;url=https:\/\/radiorevelacionfm.cl\/?p=24141' aria-hidden='false' data-av_icon='\ue8fc' data-av_iconfont='entypo-fontello' title='' data-avia-related-tooltip='Compartir en LinkedIn' rel=\"noopener\"><span class='avia_hidden_link_text'>Compartir en LinkedIn<\/span><\/a><\/li><li class='av-share-link av-social-link-mail' ><a  aria-label=\"Compartir por correo\" href='mailto:?subject=C%C3%A1mara%20Chilena%20de%20la%20Construcci%C3%B3n%20enfatiza%20en%20medidas%20para%20reactivar%20la%20industria%20y%20destrabar%20nudos%20cr%C3%ADticos&#038;body=https:\/\/radiorevelacionfm.cl\/?p=24141' aria-hidden='false' data-av_icon='\ue805' data-av_iconfont='entypo-fontello' title='' data-avia-related-tooltip='Compartir por correo'><span class='avia_hidden_link_text'>Compartir por correo<\/span><\/a><\/li><\/ul><\/div><\/div>\n<div  style='height:50px' class='hr hr-invisible   avia-builder-el-8  el_after_av_social_share  el_before_av_comments_list '><span class='hr-inner ' ><span class='hr-inner-style'><\/span><\/span><\/div>\n<div  class='av-buildercomment  av-blog-meta-html-info-disabled av-blog-meta-tag-disabled  '><\/div>\n","protected":false},"excerpt":{"rendered":"","protected":false},"author":1,"featured_media":24142,"comment_status":"open","ping_status":"open","sticky":false,"template":"","format":"standard","meta":{"footnotes":""},"categories":[38],"tags":[],"class_list":["post-24141","post","type-post","status-publish","format-standard","has-post-thumbnail","hentry","category-regional"],"jetpack_featured_media_url":"https:\/\/radiorevelacionfm.cl\/wp-content\/uploads\/2022\/11\/Alert_CChC-1-1.jpeg","_links":{"self":[{"href":"https:\/\/radiorevelacionfm.cl\/index.php?rest_route=\/wp\/v2\/posts\/24141","targetHints":{"allow":["GET"]}}],"collection":[{"href":"https:\/\/radiorevelacionfm.cl\/index.php?rest_route=\/wp\/v2\/posts"}],"about":[{"href":"https:\/\/radiorevelacionfm.cl\/index.php?rest_route=\/wp\/v2\/types\/post"}],"author":[{"embeddable":true,"href":"https:\/\/radiorevelacionfm.cl\/index.php?rest_route=\/wp\/v2\/users\/1"}],"replies":[{"embeddable":true,"href":"https:\/\/radiorevelacionfm.cl\/index.php?rest_route=%2Fwp%2Fv2%2Fcomments&post=24141"}],"version-history":[{"count":2,"href":"https:\/\/radiorevelacionfm.cl\/index.php?rest_route=\/wp\/v2\/posts\/24141\/revisions"}],"predecessor-version":[{"id":24196,"href":"https:\/\/radiorevelacionfm.cl\/index.php?rest_route=\/wp\/v2\/posts\/24141\/revisions\/24196"}],"wp:featuredmedia":[{"embeddable":true,"href":"https:\/\/radiorevelacionfm.cl\/index.php?rest_route=\/wp\/v2\/media\/24142"}],"wp:attachment":[{"href":"https:\/\/radiorevelacionfm.cl\/index.php?rest_route=%2Fwp%2Fv2%2Fmedia&parent=24141"}],"wp:term":[{"taxonomy":"category","embeddable":true,"href":"https:\/\/radiorevelacionfm.cl\/index.php?rest_route=%2Fwp%2Fv2%2Fcategories&post=24141"},{"taxonomy":"post_tag","embeddable":true,"href":"https:\/\/radiorevelacionfm.cl\/index.php?rest_route=%2Fwp%2Fv2%2Ftags&post=24141"}],"curies":[{"name":"wp","href":"https:\/\/api.w.org\/{rel}","templated":true}]}}