{"id":24127,"date":"2022-11-13T16:57:37","date_gmt":"2022-11-13T19:57:37","guid":{"rendered":"https:\/\/radiorevelacionfm.cl\/?p=24127"},"modified":"2022-11-13T16:57:37","modified_gmt":"2022-11-13T19:57:37","slug":"con-entrega-de-concentrado-refuerzan-apoyo-a-pequenos-agricultores-de-la-region","status":"publish","type":"post","link":"https:\/\/radiorevelacionfm.cl\/?p=24127","title":{"rendered":"Con entrega de concentrado refuerzan apoyo a peque\u00f1os agricultores de la regi\u00f3n"},"content":{"rendered":"<div class=\"flex_column av_one_full  flex_column_div av-zero-column-padding first  avia-builder-el-0  el_before_av_one_full  avia-builder-el-first  \" style='border-radius:0px; '><div  class='avia-image-container  av-styling-    avia-builder-el-1  avia-builder-el-no-sibling  avia-align-center '  itemprop=\"image\" itemscope=\"itemscope\" itemtype=\"https:\/\/schema.org\/ImageObject\"  ><div class='avia-image-container-inner'><div class='avia-image-overlay-wrap'><img decoding=\"async\" class='wp-image-24128 avia-img-lazy-loading-not-24128 avia_image' src=\"https:\/\/radiorevelacionfm.cl\/wp-content\/uploads\/2022\/11\/1z9a0263-1_optimized-1.jpg\" alt='' title='1z9a0263-(1)_optimized (1)' height=\"600\" width=\"966\"  itemprop=\"thumbnailUrl\" srcset=\"https:\/\/radiorevelacionfm.cl\/wp-content\/uploads\/2022\/11\/1z9a0263-1_optimized-1.jpg 966w, https:\/\/radiorevelacionfm.cl\/wp-content\/uploads\/2022\/11\/1z9a0263-1_optimized-1-300x186.jpg 300w, https:\/\/radiorevelacionfm.cl\/wp-content\/uploads\/2022\/11\/1z9a0263-1_optimized-1-768x477.jpg 768w, https:\/\/radiorevelacionfm.cl\/wp-content\/uploads\/2022\/11\/1z9a0263-1_optimized-1-705x438.jpg 705w, https:\/\/radiorevelacionfm.cl\/wp-content\/uploads\/2022\/11\/1z9a0263-1_optimized-1-600x373.jpg 600w\" sizes=\"(max-width: 966px) 100vw, 966px\" \/><\/div><\/div><\/div><\/div><div class=\"flex_column av_one_full  flex_column_div av-zero-column-padding first  avia-builder-el-2  el_after_av_one_full  el_before_av_one_full  column-top-margin\" style='border-radius:0px; '><section class=\"av_textblock_section \"  itemscope=\"itemscope\" itemtype=\"https:\/\/schema.org\/BlogPosting\" itemprop=\"blogPost\" ><div class='avia_textblock  '   itemprop=\"text\" ><p style=\"text-align: center;\"><span style=\"font-size: 18pt;\"><b>Con entrega de concentrado refuerzan apoyo a peque\u00f1os agricultores de la regi\u00f3n<\/b><\/span><\/p>\n<div id=\"gtx-trans\" style=\"position: absolute; left: -50px; top: 4.31534px;\">\n<div class=\"gtx-trans-icon\"><\/div>\n<\/div>\n<\/div><\/section><\/div><div class=\"flex_column av_one_full  flex_column_div av-zero-column-padding first  avia-builder-el-4  el_after_av_one_full  el_before_av_hr  column-top-margin\" style='border-radius:0px; '><section class=\"av_textblock_section \"  itemscope=\"itemscope\" itemtype=\"https:\/\/schema.org\/BlogPosting\" itemprop=\"blogPost\" ><div class='avia_textblock  '   itemprop=\"text\" ><p style=\"text-align: justify;\">Con un encuentro con peque\u00f1os campesinos\/as de sectores aleda\u00f1os a Seis Lagunas en la Comuna de Coyhaique, este viernes la Gobernadora Regional, Andrea Mac\u00edas Palma y el Seremi de Agricultura, Alan Espinoza Ortiz, acompa\u00f1aron el proceso de entrega de concentrado para productores y productoras en el marco del traspaso de Recursos desde el Gobierno Regional de Ays\u00e9n y su Consejo hacia la entidad.<\/p>\n<p style=\"text-align: justify;\">Fondos complementarios que suman $303.217.213 lo que ha permitido redoblar la entrega de apoyo a trav\u00e9s del programa Siembra Por Chile, impulsada por el Gobierno a trav\u00e9s del Ministerio de Agricultura.<\/p>\n<p style=\"text-align: justify;\">\u00abComo Gobierno Regional estamos absolutamente comprometidos con la agricultura familiar campesina. Sabemos que este a\u00f1o, particularmente con toda la sequ\u00eda que tuvimos en verano, con un invierno tan crudo, trajo un coletazo importante, sobre todo a los m\u00e1s peque\u00f1os. Si hay algo que tenemos que asegurar como territorio es nuestra soberan\u00eda alimentaria y para eso debemos fortalecer a nuestra agricultura campesina\u00bb, sostuvo la Gobernadora Regional.<\/p>\n<p style=\"text-align: justify;\">Cabe se\u00f1alar que en Ays\u00e9n se ejecutaron tres declaraciones de emergencia, dos de las cuales respondieron a los efectos de la nieve y escarcha prolongada (22 de julio y 10 de agosto). Tras lo cual, desde la Seremi de Agricultura, se prioriz\u00f3 el apoyo para 2.034 productores de nueve de las diez comunas con un monto de estimado para generar este apoyo de $631.217.213.<\/p>\n<p style=\"text-align: justify;\">En este sentido el Seremi de Agricultura, resalt\u00f3 que los fondos del Gobierno Regional permiten llegar a 1230 usuarios y no usuarios del Instituto de Desarrollo Agropecuario (INDAP) de la regi\u00f3n tras el catastro realizado por la cartera.<\/p>\n<p style=\"text-align: justify;\">\u00abEsto es lo que nosotros queremos manifestar como Ministerio de Agricultura, tiene que ver con una labor donde estamos todos. Es lo que venimos haciendo y hoy d\u00eda estamos apoyando ac\u00e1 a 20 productores y productoras de distintos lugares de Seis Lagunas, estamos llegando con concentrado animal pues queremos seguir trabajando por una mejor agricultura para nuestra regi\u00f3n de Ays\u00e9n\u00bb, sostuvo Alan Espinoza Ortiz.<\/p>\n<p style=\"text-align: justify;\">Por su parte Domingo Medina Catal\u00e1n, presidente del Comit\u00e9 Campesino de Seis Lagunas que re\u00fane alrededor de 15 campesinos\/as asociados desde hace unos de 30 a\u00f1os, destac\u00f3 este apoyo para afrontar de manera conjunta las problem\u00e1ticas que afectan al campesinado en la regi\u00f3n.<\/p>\n<p style=\"text-align: justify;\">\u00abAqu\u00ed hay un ejercicio grande de las autoridades para que nos vaya bien y yo creo que un buen momento. Porque resulta que, si uno le pega la vuelta en los campos, la gente se va quedando llena de canas, el joven ya no est\u00e1 muy apegado al campo y tienen toda la raz\u00f3n porque tienen que estudiar, porque la vida est\u00e1 m\u00e1s dura que antes. Los campos est\u00e1n subdividi\u00e9ndose y eso trae pobreza. En buen momento nos vienen a apoyar y yo creo que no va a ser la primera ni la \u00faltima\u00bb, subray\u00f3 el dirigente.<\/p>\n<p style=\"text-align: justify;\">De tal forma los recursos del Gobierno Regional han permitido llegar a los lugares m\u00e1s extremos de la regi\u00f3n, contemplando Tortel y Cisnes. Con entregas que contin\u00faan esta semana, partiendo en Lago Verde e intensificando el proceso en diversos sectores de la comuna de Coyhaique.<\/p>\n<\/div><\/section><\/div><div  style='height:50px' class='hr hr-invisible   avia-builder-el-6  el_after_av_one_full  el_before_av_social_share '><span class='hr-inner ' ><span class='hr-inner-style'><\/span><\/span><\/div><\/p>\n<div  class='av-social-sharing-box  avia-builder-el-7  el_after_av_hr  el_before_av_hr  '><div class='av-share-box'><h5 class='av-share-link-description av-no-toc '>Compartir esta noticia<\/h5><ul class='av-share-box-list noLightbox'><li class='av-share-link av-social-link-facebook' ><a target=\"_blank\" aria-label=\"Compartir en Facebook\" href='https:\/\/www.facebook.com\/sharer.php?u=https:\/\/radiorevelacionfm.cl\/?p=24127&#038;t=Con%20entrega%20de%20concentrado%20refuerzan%20apoyo%20a%20peque%C3%B1os%20agricultores%20de%20la%20regi%C3%B3n' aria-hidden='false' data-av_icon='\ue8f3' data-av_iconfont='entypo-fontello' title='' data-avia-related-tooltip='Compartir en Facebook' rel=\"noopener\"><span class='avia_hidden_link_text'>Compartir en Facebook<\/span><\/a><\/li><li class='av-share-link av-social-link-twitter' ><a target=\"_blank\" aria-label=\"Compartir en Twitter\" href='https:\/\/twitter.com\/share?text=Con%20entrega%20de%20concentrado%20refuerzan%20apoyo%20a%20peque%C3%B1os%20agricultores%20de%20la%20regi%C3%B3n&#038;url=https:\/\/radiorevelacionfm.cl\/?p=24127' aria-hidden='false' data-av_icon='\ue8f1' data-av_iconfont='entypo-fontello' title='' data-avia-related-tooltip='Compartir en Twitter' rel=\"noopener\"><span class='avia_hidden_link_text'>Compartir en Twitter<\/span><\/a><\/li><li class='av-share-link av-social-link-whatsapp' ><a target=\"_blank\" aria-label=\"Compartir en Whatsapp\" href='https:\/\/api.whatsapp.com\/send?text=https:\/\/radiorevelacionfm.cl\/?p=24127' aria-hidden='false' data-av_icon='\uf232' data-av_iconfont='entypo-fontello' title='' data-avia-related-tooltip='Compartir en Whatsapp' rel=\"noopener\"><span class='avia_hidden_link_text'>Compartir en Whatsapp<\/span><\/a><\/li><li class='av-share-link av-social-link-linkedin' ><a target=\"_blank\" aria-label=\"Compartir en LinkedIn\" href='https:\/\/linkedin.com\/shareArticle?mini=true&#038;title=Con%20entrega%20de%20concentrado%20refuerzan%20apoyo%20a%20peque%C3%B1os%20agricultores%20de%20la%20regi%C3%B3n&#038;url=https:\/\/radiorevelacionfm.cl\/?p=24127' aria-hidden='false' data-av_icon='\ue8fc' data-av_iconfont='entypo-fontello' title='' data-avia-related-tooltip='Compartir en LinkedIn' rel=\"noopener\"><span class='avia_hidden_link_text'>Compartir en LinkedIn<\/span><\/a><\/li><li class='av-share-link av-social-link-mail' ><a  aria-label=\"Compartir por correo\" href='mailto:?subject=Con%20entrega%20de%20concentrado%20refuerzan%20apoyo%20a%20peque%C3%B1os%20agricultores%20de%20la%20regi%C3%B3n&#038;body=https:\/\/radiorevelacionfm.cl\/?p=24127' aria-hidden='false' data-av_icon='\ue805' data-av_iconfont='entypo-fontello' title='' data-avia-related-tooltip='Compartir por correo'><span class='avia_hidden_link_text'>Compartir por correo<\/span><\/a><\/li><\/ul><\/div><\/div>\n<div  style='height:50px' class='hr hr-invisible   avia-builder-el-8  el_after_av_social_share  el_before_av_comments_list '><span class='hr-inner ' ><span class='hr-inner-style'><\/span><\/span><\/div>\n<div  class='av-buildercomment  av-blog-meta-html-info-disabled av-blog-meta-tag-disabled  '><\/div>\n","protected":false},"excerpt":{"rendered":"","protected":false},"author":1,"featured_media":24128,"comment_status":"open","ping_status":"open","sticky":false,"template":"","format":"standard","meta":{"footnotes":""},"categories":[58],"tags":[],"class_list":["post-24127","post","type-post","status-publish","format-standard","has-post-thumbnail","hentry","category-agricultura"],"jetpack_featured_media_url":"https:\/\/radiorevelacionfm.cl\/wp-content\/uploads\/2022\/11\/1z9a0263-1_optimized-1.jpg","_links":{"self":[{"href":"https:\/\/radiorevelacionfm.cl\/index.php?rest_route=\/wp\/v2\/posts\/24127","targetHints":{"allow":["GET"]}}],"collection":[{"href":"https:\/\/radiorevelacionfm.cl\/index.php?rest_route=\/wp\/v2\/posts"}],"about":[{"href":"https:\/\/radiorevelacionfm.cl\/index.php?rest_route=\/wp\/v2\/types\/post"}],"author":[{"embeddable":true,"href":"https:\/\/radiorevelacionfm.cl\/index.php?rest_route=\/wp\/v2\/users\/1"}],"replies":[{"embeddable":true,"href":"https:\/\/radiorevelacionfm.cl\/index.php?rest_route=%2Fwp%2Fv2%2Fcomments&post=24127"}],"version-history":[{"count":2,"href":"https:\/\/radiorevelacionfm.cl\/index.php?rest_route=\/wp\/v2\/posts\/24127\/revisions"}],"predecessor-version":[{"id":24140,"href":"https:\/\/radiorevelacionfm.cl\/index.php?rest_route=\/wp\/v2\/posts\/24127\/revisions\/24140"}],"wp:featuredmedia":[{"embeddable":true,"href":"https:\/\/radiorevelacionfm.cl\/index.php?rest_route=\/wp\/v2\/media\/24128"}],"wp:attachment":[{"href":"https:\/\/radiorevelacionfm.cl\/index.php?rest_route=%2Fwp%2Fv2%2Fmedia&parent=24127"}],"wp:term":[{"taxonomy":"category","embeddable":true,"href":"https:\/\/radiorevelacionfm.cl\/index.php?rest_route=%2Fwp%2Fv2%2Fcategories&post=24127"},{"taxonomy":"post_tag","embeddable":true,"href":"https:\/\/radiorevelacionfm.cl\/index.php?rest_route=%2Fwp%2Fv2%2Ftags&post=24127"}],"curies":[{"name":"wp","href":"https:\/\/api.w.org\/{rel}","templated":true}]}}