{"id":24123,"date":"2022-11-14T15:03:01","date_gmt":"2022-11-14T18:03:01","guid":{"rendered":"https:\/\/radiorevelacionfm.cl\/?p=24123"},"modified":"2022-11-14T15:03:01","modified_gmt":"2022-11-14T18:03:01","slug":"core-munoz-por-ejecucion-presupuestaria-claramente-la-estrategia-implementada-por-la-gobernadora-no-ha-resultado","status":"publish","type":"post","link":"https:\/\/radiorevelacionfm.cl\/?p=24123","title":{"rendered":"Core Mu\u00f1oz por ejecuci\u00f3n presupuestaria: \u201cClaramente la estrategia implementada por la Gobernadora no ha resultado\u201d"},"content":{"rendered":"<div class=\"flex_column av_one_full  flex_column_div av-zero-column-padding first  avia-builder-el-0  el_before_av_one_full  avia-builder-el-first  \" style='border-radius:0px; '><div  class='avia-image-container  av-styling-    avia-builder-el-1  avia-builder-el-no-sibling  avia-align-center '  itemprop=\"image\" itemscope=\"itemscope\" itemtype=\"https:\/\/schema.org\/ImageObject\"  ><div class='avia-image-container-inner'><div class='avia-image-overlay-wrap'><img decoding=\"async\" class='wp-image-24124 avia-img-lazy-loading-not-24124 avia_image' src=\"https:\/\/radiorevelacionfm.cl\/wp-content\/uploads\/2022\/11\/omar-munoz-3-1-1-1.jpg\" alt='' title='omar mu\u00f1oz (3-1) (1) (1)' height=\"600\" width=\"953\"  itemprop=\"thumbnailUrl\" srcset=\"https:\/\/radiorevelacionfm.cl\/wp-content\/uploads\/2022\/11\/omar-munoz-3-1-1-1.jpg 953w, https:\/\/radiorevelacionfm.cl\/wp-content\/uploads\/2022\/11\/omar-munoz-3-1-1-1-300x189.jpg 300w, https:\/\/radiorevelacionfm.cl\/wp-content\/uploads\/2022\/11\/omar-munoz-3-1-1-1-768x484.jpg 768w, https:\/\/radiorevelacionfm.cl\/wp-content\/uploads\/2022\/11\/omar-munoz-3-1-1-1-705x444.jpg 705w, https:\/\/radiorevelacionfm.cl\/wp-content\/uploads\/2022\/11\/omar-munoz-3-1-1-1-600x378.jpg 600w\" sizes=\"(max-width: 953px) 100vw, 953px\" \/><\/div><\/div><\/div><\/div>\n<div class=\"flex_column av_one_full  flex_column_div av-zero-column-padding first  avia-builder-el-2  el_after_av_one_full  el_before_av_one_full  column-top-margin\" style='border-radius:0px; '><section class=\"av_textblock_section \"  itemscope=\"itemscope\" itemtype=\"https:\/\/schema.org\/BlogPosting\" itemprop=\"blogPost\" ><div class='avia_textblock  '   itemprop=\"text\" ><p style=\"text-align: center;\"><strong><span style=\"font-size: 18pt;\">Core Mu\u00f1oz por ejecuci\u00f3n presupuestaria: \u201cClaramente la estrategia implementada por la Gobernadora no ha resultado\u201d <\/span><\/strong><\/p>\n<div id=\"gtx-trans\" style=\"position: absolute; left: -50px; top: 4.31534px;\">\n<div class=\"gtx-trans-icon\"><\/div>\n<\/div>\n<\/div><\/section><\/div><div class=\"flex_column av_one_full  flex_column_div av-zero-column-padding first  avia-builder-el-4  el_after_av_one_full  el_before_av_hr  column-top-margin\" style='border-radius:0px; '><section class=\"av_textblock_section \"  itemscope=\"itemscope\" itemtype=\"https:\/\/schema.org\/BlogPosting\" itemprop=\"blogPost\" ><div class='avia_textblock  '   itemprop=\"text\" ><p style=\"text-align: justify;\">En la \u00faltima sesi\u00f3n plenaria del Consejo Regional, el CORE Omar Mu\u00f1oz Sierra, presidente de la Comisi\u00f3n de Fomento Productivo e integrante de la comisi\u00f3n de Presupuestos e Inversiones, volvi\u00f3 a plantear su preocupaci\u00f3n por la gesti\u00f3n del Gobierno Regional de Ays\u00e9n.<\/p>\n<p style=\"text-align: justify;\">Al respecto, el representante de la Provincia de Coyhaique se refiri\u00f3 a las cifras oficiales de la Direcci\u00f3n de Presupuesto (DIPRES) al tercer trimestre del a\u00f1o -esto al 30 de septiembre de 2022- indicando que el promedio de ejecuci\u00f3n de los GORES del pa\u00eds llega al 42,6%, mientras que en Ays\u00e9n llega al 28,1%. \u201cTotaliza un gasto devengado acumulado de M$ 21.062.797, sobre un marco de evaluaci\u00f3n de M$ 74.910.987, pasando a ser el Gobierno Regional de peor desempe\u00f1o a nivel nacional\u201d, puntualiz\u00f3.<\/p>\n<p style=\"text-align: justify;\">En ese contexto, Mu\u00f1oz Sierra consult\u00f3 a la Gobernadora Andrea Mac\u00edas, sobre el avance del convenio para la transferencia de la Junta Nacional del Cuerpo de Bomberos del Consejo Regional. \u201cLo pregunto porque si seguimos con la tendencia natural lineal con los diversos factores constantes, llegaremos a una ejecuci\u00f3n anual del 37,5%, lo que implica ejecutar 28 mil millones de pesos, lo que resultar\u00eda catastr\u00f3fico para la regi\u00f3n, pues significar\u00eda perder m\u00e1s de 46 mil millones de pesos\u201d, expres\u00f3, agregando que \u201cla transferencia a la Junta Nacional del Cuerpo de Bomberos afectar\u00eda negativamente esa tendencia natural de mala ejecuci\u00f3n que llevamos y provocar\u00eda rescatar una interesante cantidad de recursos para la regi\u00f3n de Ays\u00e9n\u201d.<\/p>\n<p style=\"text-align: justify;\">La respuesta de la Gobernadora, se\u00f1al\u00f3 el consejero, es que en la \u00faltima visita a Santiago, el Director de la Junta Nacional del Cuerpo de Bomberos se encontraba en el extranjero, por lo cual se programar\u00e1 para una fecha futura, lo que ser\u00e1 informado al Consejo Regional.<\/p>\n<p style=\"text-align: justify;\">Por \u00faltimo, Omar Mu\u00f1oz expres\u00f3 su preocupaci\u00f3n, pues el GORE Ays\u00e9n pas\u00f3 a ser el \u00faltimo en ejecuci\u00f3n presupuestaria a nivel nacional. \u201cClaramente la estrategia implementada por la Gobernadora Regional no ha dado resultado. Ahora vamos \u00faltimo en la ejecuci\u00f3n presupuestaria a nivel nacional\u201d expres\u00f3.<\/p>\n<\/div><\/section><\/div><\/p>\n<div  style='height:50px' class='hr hr-invisible   avia-builder-el-6  el_after_av_one_full  el_before_av_social_share '><span class='hr-inner ' ><span class='hr-inner-style'><\/span><\/span><\/div>\n<div  class='av-social-sharing-box  avia-builder-el-7  el_after_av_hr  el_before_av_hr  '><div class='av-share-box'><h5 class='av-share-link-description av-no-toc '>Compartir esta noticia<\/h5><ul class='av-share-box-list noLightbox'><li class='av-share-link av-social-link-facebook' ><a target=\"_blank\" aria-label=\"Compartir en Facebook\" href='https:\/\/www.facebook.com\/sharer.php?u=https:\/\/radiorevelacionfm.cl\/?p=24123&#038;t=Core%20Mu%C3%B1oz%20por%20ejecuci%C3%B3n%20presupuestaria%3A%20%E2%80%9CClaramente%20la%20estrategia%20implementada%20por%20la%20Gobernadora%20no%20ha%20resultado%E2%80%9D' aria-hidden='false' data-av_icon='\ue8f3' data-av_iconfont='entypo-fontello' title='' data-avia-related-tooltip='Compartir en Facebook' rel=\"noopener\"><span class='avia_hidden_link_text'>Compartir en Facebook<\/span><\/a><\/li><li class='av-share-link av-social-link-twitter' ><a target=\"_blank\" aria-label=\"Compartir en Twitter\" href='https:\/\/twitter.com\/share?text=Core%20Mu%C3%B1oz%20por%20ejecuci%C3%B3n%20presupuestaria%3A%20%E2%80%9CClaramente%20la%20estrategia%20implementada%20por%20la%20Gobernadora%20no%20ha%20resultado%E2%80%9D&#038;url=https:\/\/radiorevelacionfm.cl\/?p=24123' aria-hidden='false' data-av_icon='\ue8f1' data-av_iconfont='entypo-fontello' title='' data-avia-related-tooltip='Compartir en Twitter' rel=\"noopener\"><span class='avia_hidden_link_text'>Compartir en Twitter<\/span><\/a><\/li><li class='av-share-link av-social-link-whatsapp' ><a target=\"_blank\" aria-label=\"Compartir en Whatsapp\" href='https:\/\/api.whatsapp.com\/send?text=https:\/\/radiorevelacionfm.cl\/?p=24123' aria-hidden='false' data-av_icon='\uf232' data-av_iconfont='entypo-fontello' title='' data-avia-related-tooltip='Compartir en Whatsapp' rel=\"noopener\"><span class='avia_hidden_link_text'>Compartir en Whatsapp<\/span><\/a><\/li><li class='av-share-link av-social-link-linkedin' ><a target=\"_blank\" aria-label=\"Compartir en LinkedIn\" href='https:\/\/linkedin.com\/shareArticle?mini=true&#038;title=Core%20Mu%C3%B1oz%20por%20ejecuci%C3%B3n%20presupuestaria%3A%20%E2%80%9CClaramente%20la%20estrategia%20implementada%20por%20la%20Gobernadora%20no%20ha%20resultado%E2%80%9D&#038;url=https:\/\/radiorevelacionfm.cl\/?p=24123' aria-hidden='false' data-av_icon='\ue8fc' data-av_iconfont='entypo-fontello' title='' data-avia-related-tooltip='Compartir en LinkedIn' rel=\"noopener\"><span class='avia_hidden_link_text'>Compartir en LinkedIn<\/span><\/a><\/li><li class='av-share-link av-social-link-mail' ><a  aria-label=\"Compartir por correo\" href='mailto:?subject=Core%20Mu%C3%B1oz%20por%20ejecuci%C3%B3n%20presupuestaria%3A%20%E2%80%9CClaramente%20la%20estrategia%20implementada%20por%20la%20Gobernadora%20no%20ha%20resultado%E2%80%9D&#038;body=https:\/\/radiorevelacionfm.cl\/?p=24123' aria-hidden='false' data-av_icon='\ue805' data-av_iconfont='entypo-fontello' title='' data-avia-related-tooltip='Compartir por correo'><span class='avia_hidden_link_text'>Compartir por correo<\/span><\/a><\/li><\/ul><\/div><\/div>\n<div  style='height:50px' class='hr hr-invisible   avia-builder-el-8  el_after_av_social_share  el_before_av_comments_list '><span class='hr-inner ' ><span class='hr-inner-style'><\/span><\/span><\/div>\n<div  class='av-buildercomment  av-blog-meta-html-info-disabled av-blog-meta-tag-disabled  '><\/div>\n","protected":false},"excerpt":{"rendered":"","protected":false},"author":1,"featured_media":24124,"comment_status":"open","ping_status":"open","sticky":false,"template":"","format":"standard","meta":{"footnotes":""},"categories":[38],"tags":[],"class_list":["post-24123","post","type-post","status-publish","format-standard","has-post-thumbnail","hentry","category-regional"],"jetpack_featured_media_url":"https:\/\/radiorevelacionfm.cl\/wp-content\/uploads\/2022\/11\/omar-munoz-3-1-1-1.jpg","_links":{"self":[{"href":"https:\/\/radiorevelacionfm.cl\/index.php?rest_route=\/wp\/v2\/posts\/24123","targetHints":{"allow":["GET"]}}],"collection":[{"href":"https:\/\/radiorevelacionfm.cl\/index.php?rest_route=\/wp\/v2\/posts"}],"about":[{"href":"https:\/\/radiorevelacionfm.cl\/index.php?rest_route=\/wp\/v2\/types\/post"}],"author":[{"embeddable":true,"href":"https:\/\/radiorevelacionfm.cl\/index.php?rest_route=\/wp\/v2\/users\/1"}],"replies":[{"embeddable":true,"href":"https:\/\/radiorevelacionfm.cl\/index.php?rest_route=%2Fwp%2Fv2%2Fcomments&post=24123"}],"version-history":[{"count":3,"href":"https:\/\/radiorevelacionfm.cl\/index.php?rest_route=\/wp\/v2\/posts\/24123\/revisions"}],"predecessor-version":[{"id":24187,"href":"https:\/\/radiorevelacionfm.cl\/index.php?rest_route=\/wp\/v2\/posts\/24123\/revisions\/24187"}],"wp:featuredmedia":[{"embeddable":true,"href":"https:\/\/radiorevelacionfm.cl\/index.php?rest_route=\/wp\/v2\/media\/24124"}],"wp:attachment":[{"href":"https:\/\/radiorevelacionfm.cl\/index.php?rest_route=%2Fwp%2Fv2%2Fmedia&parent=24123"}],"wp:term":[{"taxonomy":"category","embeddable":true,"href":"https:\/\/radiorevelacionfm.cl\/index.php?rest_route=%2Fwp%2Fv2%2Fcategories&post=24123"},{"taxonomy":"post_tag","embeddable":true,"href":"https:\/\/radiorevelacionfm.cl\/index.php?rest_route=%2Fwp%2Fv2%2Ftags&post=24123"}],"curies":[{"name":"wp","href":"https:\/\/api.w.org\/{rel}","templated":true}]}}