{"id":24120,"date":"2022-11-13T15:52:36","date_gmt":"2022-11-13T18:52:36","guid":{"rendered":"https:\/\/radiorevelacionfm.cl\/?p=24120"},"modified":"2022-11-13T15:52:36","modified_gmt":"2022-11-13T18:52:36","slug":"gestiones-entre-senadora-ordenes-y-trabajadoras-de-jardines-vtf-permiten-avanzar-en-nuevos-beneficios","status":"publish","type":"post","link":"https:\/\/radiorevelacionfm.cl\/?p=24120","title":{"rendered":"Gestiones entre senadora Ordenes y trabajadoras de jardines VTF permiten avanzar en nuevos beneficios"},"content":{"rendered":"<div class=\"flex_column av_one_full  flex_column_div av-zero-column-padding first  avia-builder-el-0  el_before_av_one_full  avia-builder-el-first  \" style='border-radius:0px; '><div  class='avia-image-container  av-styling-    avia-builder-el-1  avia-builder-el-no-sibling  avia-align-center '  itemprop=\"image\" itemscope=\"itemscope\" itemtype=\"https:\/\/schema.org\/ImageObject\"  ><div class='avia-image-container-inner'><div class='avia-image-overlay-wrap'><img decoding=\"async\" class='wp-image-24121 avia-img-lazy-loading-not-24121 avia_image' src=\"https:\/\/radiorevelacionfm.cl\/wp-content\/uploads\/2022\/11\/SENADORA-VTF-1-1.jpeg\" alt='' title='SENADORA VTF (1) (1)' height=\"600\" width=\"800\"  itemprop=\"thumbnailUrl\" srcset=\"https:\/\/radiorevelacionfm.cl\/wp-content\/uploads\/2022\/11\/SENADORA-VTF-1-1.jpeg 800w, https:\/\/radiorevelacionfm.cl\/wp-content\/uploads\/2022\/11\/SENADORA-VTF-1-1-300x225.jpeg 300w, https:\/\/radiorevelacionfm.cl\/wp-content\/uploads\/2022\/11\/SENADORA-VTF-1-1-768x576.jpeg 768w, https:\/\/radiorevelacionfm.cl\/wp-content\/uploads\/2022\/11\/SENADORA-VTF-1-1-705x529.jpeg 705w, https:\/\/radiorevelacionfm.cl\/wp-content\/uploads\/2022\/11\/SENADORA-VTF-1-1-600x450.jpeg 600w\" sizes=\"(max-width: 800px) 100vw, 800px\" \/><\/div><\/div><\/div><\/div><div class=\"flex_column av_one_full  flex_column_div av-zero-column-padding first  avia-builder-el-2  el_after_av_one_full  el_before_av_one_full  column-top-margin\" style='border-radius:0px; '><section class=\"av_textblock_section \"  itemscope=\"itemscope\" itemtype=\"https:\/\/schema.org\/BlogPosting\" itemprop=\"blogPost\" ><div class='avia_textblock  '   itemprop=\"text\" ><p style=\"text-align: center;\"><strong><span style=\"font-size: 18pt;\">Gestiones entre senadora Ordenes y trabajadoras de jardines VTF permiten avanzar en nuevos beneficios<\/span><\/strong><\/p>\n<div id=\"gtx-trans\" style=\"position: absolute; left: -50px; top: 4.31534px;\">\n<div class=\"gtx-trans-icon\"><\/div>\n<\/div>\n<\/div><\/section><\/div><div class=\"flex_column av_one_full  flex_column_div av-zero-column-padding first  avia-builder-el-4  el_after_av_one_full  el_before_av_hr  column-top-margin\" style='border-radius:0px; '><section class=\"av_textblock_section \"  itemscope=\"itemscope\" itemtype=\"https:\/\/schema.org\/BlogPosting\" itemprop=\"blogPost\" ><div class='avia_textblock  '   itemprop=\"text\" ><p style=\"text-align: justify;\">\u201cEstamos dando respuesta al fin a una larga deuda que ten\u00edamos como pa\u00eds con las educadoras de p\u00e1rvulos y los dem\u00e1s funcionarios de estos establecimientos\u201d, explic\u00f3 la senadora Ximena \u00d3rdenes, quien inform\u00f3 que adem\u00e1s se crear\u00e1 una mesa de trabajo para avanzar en los dem\u00e1s temas pendientes, como la homologaci\u00f3n de remuneraciones.<\/p>\n<p style=\"text-align: justify;\">Una buena noticia eman\u00f3 esta semana de las reuniones que se est\u00e1n sosteniendo en el Congreso por la Ley de Presupuesto 2023: las trabajadoras de jardines V\u00eda Transferencia Directa (VTF) contar\u00e1n con un receso invernal de dos semanas a partir del a\u00f1o 2023.<\/p>\n<p style=\"text-align: justify;\">El compromiso fue informado oficialmente por la Direcci\u00f3n de Presupuestos (DIPRES), y forma parte de un acuerdo m\u00e1s amplio alcanzado entre el Ejecutivo y las dirigentes de los gremios de este sector, incluyendo la Confederaci\u00f3n Nacional Movimiento VTF, FENATREDUC, FANOR VTF y Confederaci\u00f3n VTF Chile.<\/p>\n<p style=\"text-align: justify;\">Seg\u00fan inform\u00f3 la senadora Ximena \u00d3rdenes, quien particip\u00f3 de las tratativas, tambi\u00e9n se resolvi\u00f3 crear una mesa de trabajo exclusivamente para resolver \u201clos dem\u00e1s asuntos pendientes con las funcionarias de este tipo de establecimientos, como la homologaci\u00f3n de remuneraciones y el reconocimiento oficial\u201d.<\/p>\n<p style=\"text-align: justify;\">\u201cEstamos dando respuesta al fin a una larga deuda que ten\u00edamos como pa\u00eds con las educadoras de p\u00e1rvulos y los dem\u00e1s funcionarios de estos establecimientos, que se ocupan d\u00eda a d\u00eda de miles de los ni\u00f1os y ni\u00f1as m\u00e1s peque\u00f1os de nuestro pa\u00eds\u201d, a\u00f1adi\u00f3 la senadora, enfatizando que \u201cesta determinaci\u00f3n va en l\u00ednea con la valoraci\u00f3n que debe tener en nuestro pa\u00eds la educaci\u00f3n inicial, sobre todo en el sistema p\u00fablico\u201d.<\/p>\n<p style=\"text-align: justify;\">La mesa de trabajo, de la que participar\u00e1 la DIPRES y la Subsecretar\u00eda de Educaci\u00f3n Parvularia, se constituir\u00e1 el pr\u00f3ximo 12 diciembre y tendr\u00e1 entre sus primeros objetivos la misi\u00f3n de avanzar en equiparar los salarios de las trabajadoras de jardines VTF a los que perciben las funcionarias y funcionarios que dependen directamente de la Junta Nacional de Jardines Infantiles (Junji).<\/p>\n<\/div><\/section><\/div><div  style='height:50px' class='hr hr-invisible   avia-builder-el-6  el_after_av_one_full  el_before_av_social_share '><span class='hr-inner ' ><span class='hr-inner-style'><\/span><\/span><\/div><\/p>\n<div  class='av-social-sharing-box  avia-builder-el-7  el_after_av_hr  el_before_av_hr  '><div class='av-share-box'><h5 class='av-share-link-description av-no-toc '>Compartir esta noticia<\/h5><ul class='av-share-box-list noLightbox'><li class='av-share-link av-social-link-facebook' ><a target=\"_blank\" aria-label=\"Compartir en Facebook\" href='https:\/\/www.facebook.com\/sharer.php?u=https:\/\/radiorevelacionfm.cl\/?p=24120&#038;t=Gestiones%20entre%20senadora%20Ordenes%20y%20trabajadoras%20de%20jardines%20VTF%20permiten%20avanzar%20en%20nuevos%20beneficios' aria-hidden='false' data-av_icon='\ue8f3' data-av_iconfont='entypo-fontello' title='' data-avia-related-tooltip='Compartir en Facebook' rel=\"noopener\"><span class='avia_hidden_link_text'>Compartir en Facebook<\/span><\/a><\/li><li class='av-share-link av-social-link-twitter' ><a target=\"_blank\" aria-label=\"Compartir en Twitter\" href='https:\/\/twitter.com\/share?text=Gestiones%20entre%20senadora%20Ordenes%20y%20trabajadoras%20de%20jardines%20VTF%20permiten%20avanzar%20en%20nuevos%20beneficios&#038;url=https:\/\/radiorevelacionfm.cl\/?p=24120' aria-hidden='false' data-av_icon='\ue8f1' data-av_iconfont='entypo-fontello' title='' data-avia-related-tooltip='Compartir en Twitter' rel=\"noopener\"><span class='avia_hidden_link_text'>Compartir en Twitter<\/span><\/a><\/li><li class='av-share-link av-social-link-whatsapp' ><a target=\"_blank\" aria-label=\"Compartir en Whatsapp\" href='https:\/\/api.whatsapp.com\/send?text=https:\/\/radiorevelacionfm.cl\/?p=24120' aria-hidden='false' data-av_icon='\uf232' data-av_iconfont='entypo-fontello' title='' data-avia-related-tooltip='Compartir en Whatsapp' rel=\"noopener\"><span class='avia_hidden_link_text'>Compartir en Whatsapp<\/span><\/a><\/li><li class='av-share-link av-social-link-linkedin' ><a target=\"_blank\" aria-label=\"Compartir en LinkedIn\" href='https:\/\/linkedin.com\/shareArticle?mini=true&#038;title=Gestiones%20entre%20senadora%20Ordenes%20y%20trabajadoras%20de%20jardines%20VTF%20permiten%20avanzar%20en%20nuevos%20beneficios&#038;url=https:\/\/radiorevelacionfm.cl\/?p=24120' aria-hidden='false' data-av_icon='\ue8fc' data-av_iconfont='entypo-fontello' title='' data-avia-related-tooltip='Compartir en LinkedIn' rel=\"noopener\"><span class='avia_hidden_link_text'>Compartir en LinkedIn<\/span><\/a><\/li><li class='av-share-link av-social-link-mail' ><a  aria-label=\"Compartir por correo\" href='mailto:?subject=Gestiones%20entre%20senadora%20Ordenes%20y%20trabajadoras%20de%20jardines%20VTF%20permiten%20avanzar%20en%20nuevos%20beneficios&#038;body=https:\/\/radiorevelacionfm.cl\/?p=24120' aria-hidden='false' data-av_icon='\ue805' data-av_iconfont='entypo-fontello' title='' data-avia-related-tooltip='Compartir por correo'><span class='avia_hidden_link_text'>Compartir por correo<\/span><\/a><\/li><\/ul><\/div><\/div>\n<div  style='height:50px' class='hr hr-invisible   avia-builder-el-8  el_after_av_social_share  el_before_av_comments_list '><span class='hr-inner ' ><span class='hr-inner-style'><\/span><\/span><\/div>\n<div  class='av-buildercomment  av-blog-meta-html-info-disabled av-blog-meta-tag-disabled  '><\/div>\n","protected":false},"excerpt":{"rendered":"","protected":false},"author":1,"featured_media":24121,"comment_status":"open","ping_status":"open","sticky":false,"template":"","format":"standard","meta":{"footnotes":""},"categories":[35],"tags":[],"class_list":["post-24120","post","type-post","status-publish","format-standard","has-post-thumbnail","hentry","category-politica"],"jetpack_featured_media_url":"https:\/\/radiorevelacionfm.cl\/wp-content\/uploads\/2022\/11\/SENADORA-VTF-1-1.jpeg","_links":{"self":[{"href":"https:\/\/radiorevelacionfm.cl\/index.php?rest_route=\/wp\/v2\/posts\/24120","targetHints":{"allow":["GET"]}}],"collection":[{"href":"https:\/\/radiorevelacionfm.cl\/index.php?rest_route=\/wp\/v2\/posts"}],"about":[{"href":"https:\/\/radiorevelacionfm.cl\/index.php?rest_route=\/wp\/v2\/types\/post"}],"author":[{"embeddable":true,"href":"https:\/\/radiorevelacionfm.cl\/index.php?rest_route=\/wp\/v2\/users\/1"}],"replies":[{"embeddable":true,"href":"https:\/\/radiorevelacionfm.cl\/index.php?rest_route=%2Fwp%2Fv2%2Fcomments&post=24120"}],"version-history":[{"count":2,"href":"https:\/\/radiorevelacionfm.cl\/index.php?rest_route=\/wp\/v2\/posts\/24120\/revisions"}],"predecessor-version":[{"id":24131,"href":"https:\/\/radiorevelacionfm.cl\/index.php?rest_route=\/wp\/v2\/posts\/24120\/revisions\/24131"}],"wp:featuredmedia":[{"embeddable":true,"href":"https:\/\/radiorevelacionfm.cl\/index.php?rest_route=\/wp\/v2\/media\/24121"}],"wp:attachment":[{"href":"https:\/\/radiorevelacionfm.cl\/index.php?rest_route=%2Fwp%2Fv2%2Fmedia&parent=24120"}],"wp:term":[{"taxonomy":"category","embeddable":true,"href":"https:\/\/radiorevelacionfm.cl\/index.php?rest_route=%2Fwp%2Fv2%2Fcategories&post=24120"},{"taxonomy":"post_tag","embeddable":true,"href":"https:\/\/radiorevelacionfm.cl\/index.php?rest_route=%2Fwp%2Fv2%2Ftags&post=24120"}],"curies":[{"name":"wp","href":"https:\/\/api.w.org\/{rel}","templated":true}]}}