{"id":24117,"date":"2022-11-14T09:24:01","date_gmt":"2022-11-14T12:24:01","guid":{"rendered":"https:\/\/radiorevelacionfm.cl\/?p=24117"},"modified":"2022-11-14T09:24:01","modified_gmt":"2022-11-14T12:24:01","slug":"gobierno-acoge-propuesta-de-senador-sandoval-y-ruta-7-sera-compromiso-de-estado-esto-es-lo-mas-relevante-que-nos-puede-pasar-a-nosotros-como-region","status":"publish","type":"post","link":"https:\/\/radiorevelacionfm.cl\/?p=24117","title":{"rendered":"Gobierno acoge propuesta de senador Sandoval y ruta 7 ser\u00e1 compromiso de Estado: \u201cEsto es lo m\u00e1s relevante que nos puede pasar a nosotros como regi\u00f3n\u201d"},"content":{"rendered":"<div class=\"flex_column av_one_full  flex_column_div av-zero-column-padding first  avia-builder-el-0  el_before_av_one_full  avia-builder-el-first  \" style='border-radius:0px; '><div  class='avia-image-container  av-styling-    avia-builder-el-1  avia-builder-el-no-sibling  avia-align-center '  itemprop=\"image\" itemscope=\"itemscope\" itemtype=\"https:\/\/schema.org\/ImageObject\"  ><div class='avia-image-container-inner'><div class='avia-image-overlay-wrap'><img decoding=\"async\" class='wp-image-24118 avia-img-lazy-loading-not-24118 avia_image' src=\"https:\/\/radiorevelacionfm.cl\/wp-content\/uploads\/2022\/11\/reunion-con-seremi-mop-y-director-nacional-de-planeamiento-1-1.jpg\" alt='' title='reuni\u00f3n con seremi mop y director nacional de planeamiento (1) (1)' height=\"600\" width=\"800\"  itemprop=\"thumbnailUrl\" srcset=\"https:\/\/radiorevelacionfm.cl\/wp-content\/uploads\/2022\/11\/reunion-con-seremi-mop-y-director-nacional-de-planeamiento-1-1.jpg 800w, https:\/\/radiorevelacionfm.cl\/wp-content\/uploads\/2022\/11\/reunion-con-seremi-mop-y-director-nacional-de-planeamiento-1-1-300x225.jpg 300w, https:\/\/radiorevelacionfm.cl\/wp-content\/uploads\/2022\/11\/reunion-con-seremi-mop-y-director-nacional-de-planeamiento-1-1-768x576.jpg 768w, https:\/\/radiorevelacionfm.cl\/wp-content\/uploads\/2022\/11\/reunion-con-seremi-mop-y-director-nacional-de-planeamiento-1-1-705x529.jpg 705w, https:\/\/radiorevelacionfm.cl\/wp-content\/uploads\/2022\/11\/reunion-con-seremi-mop-y-director-nacional-de-planeamiento-1-1-600x450.jpg 600w\" sizes=\"(max-width: 800px) 100vw, 800px\" \/><\/div><\/div><\/div><\/div><div class=\"flex_column av_one_full  flex_column_div av-zero-column-padding first  avia-builder-el-2  el_after_av_one_full  el_before_av_one_full  column-top-margin\" style='border-radius:0px; '><section class=\"av_textblock_section \"  itemscope=\"itemscope\" itemtype=\"https:\/\/schema.org\/BlogPosting\" itemprop=\"blogPost\" ><div class='avia_textblock  '   itemprop=\"text\" ><p style=\"text-align: center;\"><strong><span style=\"font-size: 18pt;\">Gobierno acoge propuesta de senador Sandoval y ruta 7 ser\u00e1 compromiso de Estado: \u201cEsto es lo m\u00e1s relevante que nos puede pasar a nosotros como regi\u00f3n\u201d<\/span><\/strong><\/p>\n<div id=\"gtx-trans\" style=\"position: absolute; left: -50px; top: 4.31534px;\">\n<div class=\"gtx-trans-icon\"><\/div>\n<\/div>\n<\/div><\/section><\/div><div class=\"flex_column av_one_full  flex_column_div av-zero-column-padding first  avia-builder-el-4  el_after_av_one_full  el_before_av_hr  column-top-margin\" style='border-radius:0px; '><section class=\"av_textblock_section \"  itemscope=\"itemscope\" itemtype=\"https:\/\/schema.org\/BlogPosting\" itemprop=\"blogPost\" ><div class='avia_textblock  '   itemprop=\"text\" ><p style=\"text-align: justify;\">El viernes, el parlamentario se reuni\u00f3 con director nacional de Planeamiento, V\u00edctor P\u00e9rez, y Seremi MOP, Patricio Sanhueza, con quienes confirm\u00f3 la noticia.<\/p>\n<p style=\"text-align: justify;\">\u201cDebe ser un objetivo de construcci\u00f3n del Estado, porque es una ruta estructurante, no estamos hablando de un camino secundario\u201d. As\u00ed lo se\u00f1al\u00f3 el senador David Sandoval, luego de reunirse, en los \u00faltimos d\u00edas, con el director nacional de Planeamiento, V\u00edctor P\u00e9rez, y el seremi del MOP, Patricio Sanhueza, con quienes confirm\u00f3 la noticia de que el Gobierno acogi\u00f3 su propuesta para que la ruta 7 sea un objetivo de Estado.<\/p>\n<p style=\"text-align: justify;\">Al respecto, Sandoval se\u00f1al\u00f3 que, al ritmo actual, deber\u00edan pasar 30 a 35 a\u00f1os para tener la ruta 7 completamente pavimentada y \u201ccon este objetivo de Estado, este objetivo estrat\u00e9gico, esperamos que se acorte sustantivamente\u201d, agregando que \u201ces lo m\u00e1s relevante que nos pueda pasar a nosotros como regi\u00f3n\u201d, pues el d\u00eda que tengamos una conexi\u00f3n con el resto del pa\u00eds, \u201ces (cuando) a la regi\u00f3n le va a cambiar las caracter\u00edsticas de c\u00f3mo se desarrolla\u201d.<\/p>\n<p style=\"text-align: justify;\">En ese sentido, el parlamentario record\u00f3 que el puente sobre el canal de Chacao cuesta alrededor de 930 millones de d\u00f3lares, obra que, si bien es muy importante para Chilo\u00e9, la inversi\u00f3n no se hizo desde el Gobierno Regional de Los Lagos, sino que directamente del MOP. \u201c(Actualmente) en la ruta 7, la regi\u00f3n de Ays\u00e9n lleg\u00f3 a poner el 50% de los recursos en convenios de programaci\u00f3n, lo que se ha ido reduciendo, llegando ahora a poco m\u00e1s del 30%\u201d, puntualiz\u00f3.<\/p>\n<p style=\"text-align: justify;\">Y es all\u00ed donde radica la importancia de este compromiso, pues de esa manera se liberar\u00e1 a la regi\u00f3n de seguir disponiendo fondos para la ruta estructurante regional. \u201cEl presidente (Gabriel Boric) y el Gobierno aceptaron la propuesta, los planteamientos que realizamos. Hay que destacar tambi\u00e9n el compromiso y trabajo del seremi de Obras P\u00fablicas, Patricio Sanhueza, una persona que conoce la regi\u00f3n.<\/p>\n<p style=\"text-align: justify;\">En esa l\u00ednea, record\u00f3 la reuni\u00f3n que se realiz\u00f3 el 12 de septiembre pasado, donde junto a parlamentarios, consejeros regionales y alcaldes, se reuni\u00f3 con el ministro del MOP, Juan Carlos Garc\u00eda, para abordar la conectividad regional. \u201cEn ese minuto se comprometieron que, en dos meses, iban a tener este plan de conectividad. Estuvimos conversando el viernes con ellos (Seremi MOP y Director Planeamiento) y tienen acotado significativamente este tema. Hay que destacar la respuesta y lo ejecutivo del ministro Garc\u00eda. Y tambi\u00e9n el rol de los municipios\u201d, puntualiz\u00f3.<\/p>\n<p style=\"text-align: justify;\">\u201cTiene un tremendo significado\u201d, agreg\u00f3 Sandoval, pues con esto ahora se podr\u00eda empezar a pensar en pavimentos de rutas como La Junta &#8211; Lago Verde, seguir con el camino a Coyhaique Alto, el cruce a Villa La Tapera o seguir al interior de la comuna de Chile Chico, entre tantos otros caminos. \u201cLiberar de miles de millones de pesos al Gobierno Regional, es un tema que nos toca a toda la regi\u00f3n. Resaltar el compromiso y trabajo que se ha hecho en la zona en la articulaci\u00f3n de este tema, porque s\u00e9 que se han reunido con distintos actores\u201d, subray\u00f3.<\/p>\n<p style=\"text-align: justify;\">Finalmente, el legislador dijo que ahora se debe \u201cpasar a la otra etapa\u201d para ver desde cu\u00e1ndo se comienza a concretar este importante compromiso.<\/p>\n<\/div><\/section><\/div><div  style='height:50px' class='hr hr-invisible   avia-builder-el-6  el_after_av_one_full  el_before_av_social_share '><span class='hr-inner ' ><span class='hr-inner-style'><\/span><\/span><\/div><\/p>\n<div  class='av-social-sharing-box  avia-builder-el-7  el_after_av_hr  el_before_av_hr  '><div class='av-share-box'><h5 class='av-share-link-description av-no-toc '>Compartir esta noticia<\/h5><ul class='av-share-box-list noLightbox'><li class='av-share-link av-social-link-facebook' ><a target=\"_blank\" aria-label=\"Compartir en Facebook\" href='https:\/\/www.facebook.com\/sharer.php?u=https:\/\/radiorevelacionfm.cl\/?p=24117&#038;t=Gobierno%20acoge%20propuesta%20de%20senador%20Sandoval%20y%20ruta%207%20ser%C3%A1%20compromiso%20de%20Estado%3A%20%E2%80%9CEsto%20es%20lo%20m%C3%A1s%20relevante%20que%20nos%20puede%20pasar%20a%20nosotros%20como%20regi%C3%B3n%E2%80%9D' aria-hidden='false' data-av_icon='\ue8f3' data-av_iconfont='entypo-fontello' title='' data-avia-related-tooltip='Compartir en Facebook' rel=\"noopener\"><span class='avia_hidden_link_text'>Compartir en Facebook<\/span><\/a><\/li><li class='av-share-link av-social-link-twitter' ><a target=\"_blank\" aria-label=\"Compartir en Twitter\" href='https:\/\/twitter.com\/share?text=Gobierno%20acoge%20propuesta%20de%20senador%20Sandoval%20y%20ruta%207%20ser%C3%A1%20compromiso%20de%20Estado%3A%20%E2%80%9CEsto%20es%20lo%20m%C3%A1s%20relevante%20que%20nos%20puede%20pasar%20a%20nosotros%20como%20regi%C3%B3n%E2%80%9D&#038;url=https:\/\/radiorevelacionfm.cl\/?p=24117' aria-hidden='false' data-av_icon='\ue8f1' data-av_iconfont='entypo-fontello' title='' data-avia-related-tooltip='Compartir en Twitter' rel=\"noopener\"><span class='avia_hidden_link_text'>Compartir en Twitter<\/span><\/a><\/li><li class='av-share-link av-social-link-whatsapp' ><a target=\"_blank\" aria-label=\"Compartir en Whatsapp\" href='https:\/\/api.whatsapp.com\/send?text=https:\/\/radiorevelacionfm.cl\/?p=24117' aria-hidden='false' data-av_icon='\uf232' data-av_iconfont='entypo-fontello' title='' data-avia-related-tooltip='Compartir en Whatsapp' rel=\"noopener\"><span class='avia_hidden_link_text'>Compartir en Whatsapp<\/span><\/a><\/li><li class='av-share-link av-social-link-linkedin' ><a target=\"_blank\" aria-label=\"Compartir en LinkedIn\" href='https:\/\/linkedin.com\/shareArticle?mini=true&#038;title=Gobierno%20acoge%20propuesta%20de%20senador%20Sandoval%20y%20ruta%207%20ser%C3%A1%20compromiso%20de%20Estado%3A%20%E2%80%9CEsto%20es%20lo%20m%C3%A1s%20relevante%20que%20nos%20puede%20pasar%20a%20nosotros%20como%20regi%C3%B3n%E2%80%9D&#038;url=https:\/\/radiorevelacionfm.cl\/?p=24117' aria-hidden='false' data-av_icon='\ue8fc' data-av_iconfont='entypo-fontello' title='' data-avia-related-tooltip='Compartir en LinkedIn' rel=\"noopener\"><span class='avia_hidden_link_text'>Compartir en LinkedIn<\/span><\/a><\/li><li class='av-share-link av-social-link-mail' ><a  aria-label=\"Compartir por correo\" href='mailto:?subject=Gobierno%20acoge%20propuesta%20de%20senador%20Sandoval%20y%20ruta%207%20ser%C3%A1%20compromiso%20de%20Estado%3A%20%E2%80%9CEsto%20es%20lo%20m%C3%A1s%20relevante%20que%20nos%20puede%20pasar%20a%20nosotros%20como%20regi%C3%B3n%E2%80%9D&#038;body=https:\/\/radiorevelacionfm.cl\/?p=24117' aria-hidden='false' data-av_icon='\ue805' data-av_iconfont='entypo-fontello' title='' data-avia-related-tooltip='Compartir por correo'><span class='avia_hidden_link_text'>Compartir por correo<\/span><\/a><\/li><\/ul><\/div><\/div>\n<div  style='height:50px' class='hr hr-invisible   avia-builder-el-8  el_after_av_social_share  el_before_av_comments_list '><span class='hr-inner ' ><span class='hr-inner-style'><\/span><\/span><\/div>\n<div  class='av-buildercomment  av-blog-meta-html-info-disabled av-blog-meta-tag-disabled  '><\/div>\n","protected":false},"excerpt":{"rendered":"","protected":false},"author":1,"featured_media":24118,"comment_status":"open","ping_status":"open","sticky":false,"template":"","format":"standard","meta":{"footnotes":""},"categories":[35],"tags":[],"class_list":["post-24117","post","type-post","status-publish","format-standard","has-post-thumbnail","hentry","category-politica"],"jetpack_featured_media_url":"https:\/\/radiorevelacionfm.cl\/wp-content\/uploads\/2022\/11\/reunion-con-seremi-mop-y-director-nacional-de-planeamiento-1-1.jpg","_links":{"self":[{"href":"https:\/\/radiorevelacionfm.cl\/index.php?rest_route=\/wp\/v2\/posts\/24117","targetHints":{"allow":["GET"]}}],"collection":[{"href":"https:\/\/radiorevelacionfm.cl\/index.php?rest_route=\/wp\/v2\/posts"}],"about":[{"href":"https:\/\/radiorevelacionfm.cl\/index.php?rest_route=\/wp\/v2\/types\/post"}],"author":[{"embeddable":true,"href":"https:\/\/radiorevelacionfm.cl\/index.php?rest_route=\/wp\/v2\/users\/1"}],"replies":[{"embeddable":true,"href":"https:\/\/radiorevelacionfm.cl\/index.php?rest_route=%2Fwp%2Fv2%2Fcomments&post=24117"}],"version-history":[{"count":2,"href":"https:\/\/radiorevelacionfm.cl\/index.php?rest_route=\/wp\/v2\/posts\/24117\/revisions"}],"predecessor-version":[{"id":24156,"href":"https:\/\/radiorevelacionfm.cl\/index.php?rest_route=\/wp\/v2\/posts\/24117\/revisions\/24156"}],"wp:featuredmedia":[{"embeddable":true,"href":"https:\/\/radiorevelacionfm.cl\/index.php?rest_route=\/wp\/v2\/media\/24118"}],"wp:attachment":[{"href":"https:\/\/radiorevelacionfm.cl\/index.php?rest_route=%2Fwp%2Fv2%2Fmedia&parent=24117"}],"wp:term":[{"taxonomy":"category","embeddable":true,"href":"https:\/\/radiorevelacionfm.cl\/index.php?rest_route=%2Fwp%2Fv2%2Fcategories&post=24117"},{"taxonomy":"post_tag","embeddable":true,"href":"https:\/\/radiorevelacionfm.cl\/index.php?rest_route=%2Fwp%2Fv2%2Ftags&post=24117"}],"curies":[{"name":"wp","href":"https:\/\/api.w.org\/{rel}","templated":true}]}}