{"id":24113,"date":"2022-11-13T14:33:14","date_gmt":"2022-11-13T17:33:14","guid":{"rendered":"https:\/\/radiorevelacionfm.cl\/?p=24113"},"modified":"2022-11-13T16:19:53","modified_gmt":"2022-11-13T19:19:53","slug":"desbaratan-a-nueva-banda-internacional-dedicada-al-narcotrafico-en-aysen-y-decomisan-cerca-de-5-kilos-de-drogas","status":"publish","type":"post","link":"https:\/\/radiorevelacionfm.cl\/?p=24113","title":{"rendered":"Desbaratan a nueva banda internacional dedicada al narcotr\u00e1fico en Ays\u00e9n y decomisan cerca de 5 kilos de drogas"},"content":{"rendered":"<div class=\"flex_column av_one_full  flex_column_div av-zero-column-padding first  avia-builder-el-0  el_before_av_one_full  avia-builder-el-first  \" style='border-radius:0px; '><div  class='avia-image-container  av-styling-    avia-builder-el-1  avia-builder-el-no-sibling  avia-align-center '  itemprop=\"image\" itemscope=\"itemscope\" itemtype=\"https:\/\/schema.org\/ImageObject\"  ><div class='avia-image-container-inner'><div class='avia-image-overlay-wrap'><img decoding=\"async\" class='wp-image-24135 avia-img-lazy-loading-not-24135 avia_image' src=\"https:\/\/radiorevelacionfm.cl\/wp-content\/uploads\/2022\/11\/Evidencia-12.11.22-1-1.jpg\" alt='' title='Evidencia 12.11.22 (1) (1)' height=\"600\" width=\"900\"  itemprop=\"thumbnailUrl\" srcset=\"https:\/\/radiorevelacionfm.cl\/wp-content\/uploads\/2022\/11\/Evidencia-12.11.22-1-1.jpg 900w, https:\/\/radiorevelacionfm.cl\/wp-content\/uploads\/2022\/11\/Evidencia-12.11.22-1-1-300x200.jpg 300w, https:\/\/radiorevelacionfm.cl\/wp-content\/uploads\/2022\/11\/Evidencia-12.11.22-1-1-768x512.jpg 768w, https:\/\/radiorevelacionfm.cl\/wp-content\/uploads\/2022\/11\/Evidencia-12.11.22-1-1-705x470.jpg 705w, https:\/\/radiorevelacionfm.cl\/wp-content\/uploads\/2022\/11\/Evidencia-12.11.22-1-1-600x400.jpg 600w\" sizes=\"(max-width: 900px) 100vw, 900px\" \/><\/div><\/div><\/div><\/div><div class=\"flex_column av_one_full  flex_column_div av-zero-column-padding first  avia-builder-el-2  el_after_av_one_full  el_before_av_one_full  column-top-margin\" style='border-radius:0px; '><section class=\"av_textblock_section \"  itemscope=\"itemscope\" itemtype=\"https:\/\/schema.org\/BlogPosting\" itemprop=\"blogPost\" ><div class='avia_textblock  '   itemprop=\"text\" ><p style=\"text-align: center;\"><strong><span style=\"font-size: 18pt;\">Desbaratan a nueva banda internacional dedicada al narcotr\u00e1fico en Ays\u00e9n y decomisan cerca de 5 kilos de drogas<\/span><\/strong><\/p>\n<div id=\"gtx-trans\" style=\"position: absolute; left: -50px; top: 4.31534px;\">\n<div class=\"gtx-trans-icon\"><\/div>\n<\/div>\n<\/div><\/section><\/div><\/p>\n<div class=\"flex_column av_one_full  flex_column_div av-zero-column-padding first  avia-builder-el-4  el_after_av_one_full  el_before_av_hr  column-top-margin\" style='border-radius:0px; '><section class=\"av_textblock_section \"  itemscope=\"itemscope\" itemtype=\"https:\/\/schema.org\/BlogPosting\" itemprop=\"blogPost\" ><div class='avia_textblock  '   itemprop=\"text\" ><p style=\"text-align: justify;\">Un procedimiento de la Polic\u00eda de Investigaciones (PDI), en conjunto con la Fiscal\u00eda Regional de Ays\u00e9n, permiti\u00f3 desbaratar una banda internacional dedicada al tr\u00e1fico de droga en la ciudad de Coyhaique: dos adultos fueron detenidos y cerca de cinco kilos de coca\u00edna y marihuana fueron decomisadas.<\/p>\n<p style=\"text-align: justify;\">Seg\u00fan explic\u00f3 el fiscal regional,\u00a0Carlos Palma,\u00a0\u00aba trav\u00e9s de un trabajo estrat\u00e9gico y de inteligencia, hemos logrado identificar en estos a\u00f1os\u00a0diversas bandas dedicadas al tr\u00e1fico de drogas,\u00a0con l\u00edderes e integrantes extranjeros y nacionales\u00bb.<\/p>\n<p style=\"text-align: justify;\">El persecutor detall\u00f3 que en este caso los imputados, un hombre y una mujer,\u00a0se dedicaban a la venta de droga en Coyhaique y que adquir\u00edan cannabis y clorhidrato de coca\u00edna en el norte del pa\u00eds.<\/p>\n<div id=\"video-inread\" class=\"video-inread\">\n<div id=\"content-reproductor-inread\" class=\"content-reproductor-inread\">\n<div id=\"ima-inread\" class=\"ima-inread\" style=\"text-align: justify;\">\n<div>\n<p>Por su parte, el subprefecto Jorge Collao, jefe de la Brigada Antinarc\u00f3ticos y contra el Crimen Organizado, explic\u00f3 que \u00abse logr\u00f3 establecer una estructura criminal compuesta por ciudadanos colombianos irregulares, residentes en la Regi\u00f3n de Ays\u00e9n\u00bb.<\/p>\n<p>\u00abMediante la utilizaci\u00f3n de diversas t\u00e9cnicas investigativas, amparadas en la Ley 20.000,\u00a0se logr\u00f3 la detenci\u00f3n de dos integrantes de este grupo\u00bb, puntualiz\u00f3 el funcionario policial.<\/p>\n<p>Sobre el detalle de la droga incautada, se revel\u00f3 que en el caso del clorhidrato de coca\u00edna, correspondiente a\u00a02,7 kilos, equivale a 10.800 dosis con un valor comercial de 54 millones de pesos. Mientras que la cannabis, correspondiente a\u00a02,5 kilos, equivale a 7.400 dosis con un valor comercial de 37 millones de pesos.<\/p>\n<p><strong><span style=\"font-size: 12pt;\">AUDIENCIA<\/span><\/strong><\/p>\n<p>En la audiencia de formalizaci\u00f3n efectuada este s\u00e1bado, la fiscal\u00a0Mar\u00eda N\u00fa\u00f1ez\u00a0dio cuenta que uno de los involucrados fue descubierto ayer mientras\u00a0retiraba droga desde el interior de un veh\u00edculo sin placa patente, logrando su detenci\u00f3n tras intentar huir e incautando diversas dosis de coca\u00edna y marihuana en el m\u00f3vil.<\/p>\n<p>En tanto, en la vivienda donde intent\u00f3 ocultarse este imputado, funcionarios policiales lograron tambi\u00e9n la detenci\u00f3n de la mujer, que\u00a0se encontraba en posesi\u00f3n de diversas dosis de drogas.<\/p>\n<p>En la misma habitaci\u00f3n la imputada manten\u00eda una balanza digital y tres tel\u00e9fonos celulares, especies utilizadas para traficar. Asimismo,\u00a0ten\u00eda la suma de 120 mil pesos en dinero efectivo proveniente del comercio il\u00edcito de drogas.<\/p>\n<p>Debido a esta situaci\u00f3n,\u00a0el Ministerio P\u00fablico solicit\u00f3 la prisi\u00f3n preventiva de los imputados,\u00a0medida cautelar que fue acogida por el Juzgado de Garant\u00eda, el cual fij\u00f3 un plazo de 90 d\u00edas para el t\u00e9rmino de esta nueva investigaci\u00f3n conjunta entre el Ministerio P\u00fablico y la PDI.<\/p>\n<\/div>\n<\/div>\n<div id=\"closeWrapper-inread\" class=\"closeWrapper-inread\">\n<div id=\"contentClose-inread\" class=\"contentClose-inread\" style=\"text-align: justify;\"><\/div>\n<div id=\"contentCloseImg-inread\" class=\"contentCloseImg-inread\" style=\"text-align: justify;\"><\/div>\n<\/div>\n<div id=\"contControlsVideo-inread\" class=\"contControlsVideo-inread\">\n<div id=\"audioButton-inread\" class=\"buttonAudio-inread\"><\/div>\n<div id=\"muteButton-inread\" class=\"buttonMute-inread\"><\/div>\n<\/div>\n<\/div>\n<\/div>\n<\/div><\/section><\/div>\n<div  style='height:50px' class='hr hr-invisible   avia-builder-el-6  el_after_av_one_full  el_before_av_social_share '><span class='hr-inner ' ><span class='hr-inner-style'><\/span><\/span><\/div>\n<div  class='av-social-sharing-box  avia-builder-el-7  el_after_av_hr  el_before_av_hr  '><div class='av-share-box'><h5 class='av-share-link-description av-no-toc '>Compartir esta noticia<\/h5><ul class='av-share-box-list noLightbox'><li class='av-share-link av-social-link-facebook' ><a target=\"_blank\" aria-label=\"Compartir en Facebook\" href='https:\/\/www.facebook.com\/sharer.php?u=https:\/\/radiorevelacionfm.cl\/?p=24113&#038;t=Desbaratan%20a%20nueva%20banda%20internacional%20dedicada%20al%20narcotr%C3%A1fico%20en%20Ays%C3%A9n%20y%20decomisan%20cerca%20de%205%20kilos%20de%20drogas' aria-hidden='false' data-av_icon='\ue8f3' data-av_iconfont='entypo-fontello' title='' data-avia-related-tooltip='Compartir en Facebook' rel=\"noopener\"><span class='avia_hidden_link_text'>Compartir en Facebook<\/span><\/a><\/li><li class='av-share-link av-social-link-twitter' ><a target=\"_blank\" aria-label=\"Compartir en Twitter\" href='https:\/\/twitter.com\/share?text=Desbaratan%20a%20nueva%20banda%20internacional%20dedicada%20al%20narcotr%C3%A1fico%20en%20Ays%C3%A9n%20y%20decomisan%20cerca%20de%205%20kilos%20de%20drogas&#038;url=https:\/\/radiorevelacionfm.cl\/?p=24113' aria-hidden='false' data-av_icon='\ue8f1' data-av_iconfont='entypo-fontello' title='' data-avia-related-tooltip='Compartir en Twitter' rel=\"noopener\"><span class='avia_hidden_link_text'>Compartir en Twitter<\/span><\/a><\/li><li class='av-share-link av-social-link-whatsapp' ><a target=\"_blank\" aria-label=\"Compartir en Whatsapp\" href='https:\/\/api.whatsapp.com\/send?text=https:\/\/radiorevelacionfm.cl\/?p=24113' aria-hidden='false' data-av_icon='\uf232' data-av_iconfont='entypo-fontello' title='' data-avia-related-tooltip='Compartir en Whatsapp' rel=\"noopener\"><span class='avia_hidden_link_text'>Compartir en Whatsapp<\/span><\/a><\/li><li class='av-share-link av-social-link-linkedin' ><a target=\"_blank\" aria-label=\"Compartir en LinkedIn\" href='https:\/\/linkedin.com\/shareArticle?mini=true&#038;title=Desbaratan%20a%20nueva%20banda%20internacional%20dedicada%20al%20narcotr%C3%A1fico%20en%20Ays%C3%A9n%20y%20decomisan%20cerca%20de%205%20kilos%20de%20drogas&#038;url=https:\/\/radiorevelacionfm.cl\/?p=24113' aria-hidden='false' data-av_icon='\ue8fc' data-av_iconfont='entypo-fontello' title='' data-avia-related-tooltip='Compartir en LinkedIn' rel=\"noopener\"><span class='avia_hidden_link_text'>Compartir en LinkedIn<\/span><\/a><\/li><li class='av-share-link av-social-link-mail' ><a  aria-label=\"Compartir por correo\" href='mailto:?subject=Desbaratan%20a%20nueva%20banda%20internacional%20dedicada%20al%20narcotr%C3%A1fico%20en%20Ays%C3%A9n%20y%20decomisan%20cerca%20de%205%20kilos%20de%20drogas&#038;body=https:\/\/radiorevelacionfm.cl\/?p=24113' aria-hidden='false' data-av_icon='\ue805' data-av_iconfont='entypo-fontello' title='' data-avia-related-tooltip='Compartir por correo'><span class='avia_hidden_link_text'>Compartir por correo<\/span><\/a><\/li><\/ul><\/div><\/div>\n<div  style='height:50px' class='hr hr-invisible   avia-builder-el-8  el_after_av_social_share  el_before_av_comments_list '><span class='hr-inner ' ><span class='hr-inner-style'><\/span><\/span><\/div>\n<div  class='av-buildercomment  av-blog-meta-html-info-disabled av-blog-meta-tag-disabled  '><\/div>\n","protected":false},"excerpt":{"rendered":"","protected":false},"author":1,"featured_media":24135,"comment_status":"open","ping_status":"open","sticky":false,"template":"","format":"standard","meta":{"footnotes":""},"categories":[36],"tags":[],"class_list":["post-24113","post","type-post","status-publish","format-standard","has-post-thumbnail","hentry","category-policial"],"jetpack_featured_media_url":"https:\/\/radiorevelacionfm.cl\/wp-content\/uploads\/2022\/11\/Evidencia-12.11.22-1-1.jpg","_links":{"self":[{"href":"https:\/\/radiorevelacionfm.cl\/index.php?rest_route=\/wp\/v2\/posts\/24113","targetHints":{"allow":["GET"]}}],"collection":[{"href":"https:\/\/radiorevelacionfm.cl\/index.php?rest_route=\/wp\/v2\/posts"}],"about":[{"href":"https:\/\/radiorevelacionfm.cl\/index.php?rest_route=\/wp\/v2\/types\/post"}],"author":[{"embeddable":true,"href":"https:\/\/radiorevelacionfm.cl\/index.php?rest_route=\/wp\/v2\/users\/1"}],"replies":[{"embeddable":true,"href":"https:\/\/radiorevelacionfm.cl\/index.php?rest_route=%2Fwp%2Fv2%2Fcomments&post=24113"}],"version-history":[{"count":4,"href":"https:\/\/radiorevelacionfm.cl\/index.php?rest_route=\/wp\/v2\/posts\/24113\/revisions"}],"predecessor-version":[{"id":24134,"href":"https:\/\/radiorevelacionfm.cl\/index.php?rest_route=\/wp\/v2\/posts\/24113\/revisions\/24134"}],"wp:featuredmedia":[{"embeddable":true,"href":"https:\/\/radiorevelacionfm.cl\/index.php?rest_route=\/wp\/v2\/media\/24135"}],"wp:attachment":[{"href":"https:\/\/radiorevelacionfm.cl\/index.php?rest_route=%2Fwp%2Fv2%2Fmedia&parent=24113"}],"wp:term":[{"taxonomy":"category","embeddable":true,"href":"https:\/\/radiorevelacionfm.cl\/index.php?rest_route=%2Fwp%2Fv2%2Fcategories&post=24113"},{"taxonomy":"post_tag","embeddable":true,"href":"https:\/\/radiorevelacionfm.cl\/index.php?rest_route=%2Fwp%2Fv2%2Ftags&post=24113"}],"curies":[{"name":"wp","href":"https:\/\/api.w.org\/{rel}","templated":true}]}}