{"id":24110,"date":"2022-11-13T15:32:06","date_gmt":"2022-11-13T18:32:06","guid":{"rendered":"https:\/\/radiorevelacionfm.cl\/?p=24110"},"modified":"2022-11-13T15:32:06","modified_gmt":"2022-11-13T18:32:06","slug":"comunidad-escolar-de-villa-manihuales-fue-la-entusiasta-protagonista-de-la-segunda-feria-literaria-seamos-comunidad","status":"publish","type":"post","link":"https:\/\/radiorevelacionfm.cl\/?p=24110","title":{"rendered":"Comunidad Escolar de Villa Ma\u00f1ihuales fue la entusiasta protagonista de la Segunda Feria Literaria Seamos Comunidad"},"content":{"rendered":"<div class=\"flex_column av_one_full  flex_column_div av-zero-column-padding first  avia-builder-el-0  el_before_av_one_full  avia-builder-el-first  \" style='border-radius:0px; '><div  class='avia-image-container  av-styling-    avia-builder-el-1  avia-builder-el-no-sibling  avia-align-center '  itemprop=\"image\" itemscope=\"itemscope\" itemtype=\"https:\/\/schema.org\/ImageObject\"  ><div class='avia-image-container-inner'><div class='avia-image-overlay-wrap'><img decoding=\"async\" class='wp-image-24111 avia-img-lazy-loading-not-24111 avia_image' src=\"https:\/\/radiorevelacionfm.cl\/wp-content\/uploads\/2022\/11\/feria1_optimized-1.jpg\" alt='' title='feria1_optimized (1)' height=\"600\" width=\"800\"  itemprop=\"thumbnailUrl\" srcset=\"https:\/\/radiorevelacionfm.cl\/wp-content\/uploads\/2022\/11\/feria1_optimized-1.jpg 800w, https:\/\/radiorevelacionfm.cl\/wp-content\/uploads\/2022\/11\/feria1_optimized-1-300x225.jpg 300w, https:\/\/radiorevelacionfm.cl\/wp-content\/uploads\/2022\/11\/feria1_optimized-1-768x576.jpg 768w, https:\/\/radiorevelacionfm.cl\/wp-content\/uploads\/2022\/11\/feria1_optimized-1-705x529.jpg 705w, https:\/\/radiorevelacionfm.cl\/wp-content\/uploads\/2022\/11\/feria1_optimized-1-600x450.jpg 600w\" sizes=\"(max-width: 800px) 100vw, 800px\" \/><\/div><\/div><\/div><\/div><div class=\"flex_column av_one_full  flex_column_div av-zero-column-padding first  avia-builder-el-2  el_after_av_one_full  el_before_av_one_full  column-top-margin\" style='border-radius:0px; '><section class=\"av_textblock_section \"  itemscope=\"itemscope\" itemtype=\"https:\/\/schema.org\/BlogPosting\" itemprop=\"blogPost\" ><div class='avia_textblock  '   itemprop=\"text\" ><p style=\"text-align: center;\"><span style=\"font-size: 18pt;\"><b>Comunidad Escolar de Villa Ma\u00f1ihuales fue la entusiasta protagonista de la Segunda Feria Literaria Seamos Comunidad<\/b><\/span><\/p>\n<div id=\"gtx-trans\" style=\"position: absolute; left: -50px; top: 4.31534px;\">\n<div class=\"gtx-trans-icon\"><\/div>\n<\/div>\n<\/div><\/section><\/div><div class=\"flex_column av_one_full  flex_column_div av-zero-column-padding first  avia-builder-el-4  el_after_av_one_full  el_before_av_hr  column-top-margin\" style='border-radius:0px; '><section class=\"av_textblock_section \"  itemscope=\"itemscope\" itemtype=\"https:\/\/schema.org\/BlogPosting\" itemprop=\"blogPost\" ><div class='avia_textblock  '   itemprop=\"text\" ><p class=\"v1MsoNormal\" style=\"text-align: justify;\">Todo un \u00e9xito result\u00f3 la Segunda Feria Literaria Seamos Comunidad realizada el pasado jueves en la localidad de Villa Ma\u00f1ihuales, comuna de Ays\u00e9n.<\/p>\n<p class=\"v1MsoNormal\" style=\"text-align: justify;\">La actividad tuvo lugar en el gimnasio del Liceo Ma\u00f1ihuales y en otras aulas del plantel y en ellas se realizaron diversas presentaciones art\u00edstica y l\u00fadicas orientadas a fomentar y reactivar la lectura en la comunidad escolar.<\/p>\n<p class=\"v1MsoNormal\" style=\"text-align: justify;\">La jornada comenz\u00f3 con una entusiasta batucada junto a los ni\u00f1os y ni\u00f1as del jard\u00edn infantil Arboliris y niveles prekinder y kinder de la Escuela Ma\u00f1ihuales. Con ello se dio la partida a una muestra que incluy\u00f3 m\u00fasica, teatro, talleres de serigraf\u00eda y acuarela, poes\u00eda.<\/p>\n<p class=\"v1MsoNormal\" style=\"text-align: justify;\">En la ceremonia de inauguraci\u00f3n los asistentes de la declamaci\u00f3n del estudiante Manuel Ni\u00f1o, quien vino especialmente de la Escuela de Villa Ortega; la poes\u00eda del profesor de historia Patricio Leiva del Liceo Ma\u00f1ihuales, m\u00fasica cl\u00e1sica a cargo del joven pianista Sebasti\u00e1n Contreras, un pie de cueca y posteriormente el recorrido por todos los bellos stand de los establecimientos educacionales y editoriales regionales.<\/p>\n<p class=\"v1MsoNormal\" style=\"text-align: justify;\">Durante la tarde se present\u00f3 la Compa\u00f1\u00eda de Cuentacuentos Matrioska con Historias de Nuestra Tradici\u00f3n y el Payador Jorge Contreras. Tambi\u00e9n se realiz\u00f3 la premiaci\u00f3n del concurso literario organizado por el Liceo Ma\u00f1ihuales.<\/p>\n<p class=\"v1MsoNormal\" style=\"text-align: justify;\">Esta es la segunda de cuatro ferias literarias que se desarrollan en localidades de la cuatro provincias de la Regi\u00f3n de Ays\u00e9n y en ellas se efect\u00faan\u00a0 actividades participativas en torno a la experimentaci\u00f3n, la escritura y lectura creativas, la expresi\u00f3n corporal y la ecolog\u00eda para estudiantes y docentes, as\u00ed como talleres abiertos, procurando vincular las comunidades en distintos niveles: escolar, comunitario y territorial, integrando sus actores e instituciones en funci\u00f3n de promover la lectura y la escritura.<\/p>\n<p class=\"v1MsoNormal\" style=\"text-align: justify;\"><b>Positiva Evaluaci\u00f3n<\/b><\/p>\n<p class=\"v1MsoNormal\" style=\"text-align: justify;\">Todos los participantes destacaron esta Segunda Feria Literaria como un valioso espacio que cumple el objetivo de conectar a la comunidad educativa con la literatura, el arte y la creatividad.<\/p>\n<p class=\"v1MsoNormal\" style=\"text-align: justify;\">La Seremi de Educaci\u00f3n de Ays\u00e9n Isabel Garrido record\u00f3 que \u00abEsta feria forma parte de uno de los ejes de la Pol\u00edtica de Reactivaci\u00f3n Educativa Integral Seamos Comunidad, el relacionado con la reactivaci\u00f3n de los aprendizajes que con la pandemia han sido afectados, especialmente la lectura y la escritura que son las \u00e1reas en que tenemos mayores desaf\u00edos. Por ello, hemos implementado ferias literarias en localidades de las cuatro provincias de la regi\u00f3n y por eso estamos hoy en Villa Ma\u00f1ihuales. Estamos muy contentos por la amplia participaci\u00f3n de las ni\u00f1as, ni\u00f1os y adolescentes de los establecimientos educacionales y esperamos que este espacio ayude a que ellos se enamoren de la magia que tiene la lectura y escritura\u00bb.<\/p>\n<p class=\"v1MsoNormal\" style=\"text-align: justify;\">Yoal D\u00edaz Reyes Jefe DEPROVED coment\u00f3 que \u00abEsta feria es un aporte para acercar a toda la comunidad local a la reactivaci\u00f3n de los aprendizajes, la que no solo ocurre en el aula, en los espacios educativos formales sino que se produce cuando toda la comunidad se hace parte y eso lo hemos visto hoy. Estamos muy contentos por lo que hemos visto; la pol\u00edtica de reactivaci\u00f3n educativa integral Seamos Comunidad ha llegado para quedarse y desde el Ministerio de Educaci\u00f3n seguiremos trabajando en potenciar sus distintos ejes\u00bb.<\/p>\n<p class=\"v1MsoNormal\" style=\"text-align: justify;\">La Directora del Liceo de Ma\u00f1ihuales Sandra Rubilar expres\u00f3: \u00abPara nosotros fue muy importante la participaci\u00f3n que tuvimos hoy con nuestros estudiantes, profesores, padres y apoderados y asistentes de la educaci\u00f3n. Esta feria caus\u00f3 un impacto positivo en todos y todas los integrantes de nuestra comunidad educativa. Para nuestro liceo las actividades de lectura y escritura que se realizan en la Biblioteca y Centro de\u00a0 Recursos de Aprendizaje, CRA son muy importantes y los abordamos como un eje transversal de aprendizaje. Lo anterior nos permite potenciar durante todo el a\u00f1o la lectura a trav\u00e9s de actividades art\u00edsticas algunas de las cuales hemos mostrado hoy. Agradecemos al Ministerio de Educaci\u00f3n por habernos hecho parte de esta feria literaria\u00bb.<\/p>\n<p class=\"v1MsoNormal\" style=\"text-align: justify;\">Miguel Mu\u00f1oz, representante de la Editorial \u00d1ire Negro agradeci\u00f3 la invitaci\u00f3n a exponer en este espacio. \u00abEs primera vez que estamos en una feria de este tipo y para nosotros es importante porque demuestra preocupaci\u00f3n por inculcar en los ni\u00f1os inter\u00e9s por la literatura. El fomento de la lectura y la escritura en los territorios es muy necesario; tenemos que escribir desde peque\u00f1os porque la escritura es un signo de desarrollo social, cultural y econ\u00f3mico. Bienvenido sea entonces el trabajo de los profesores del equipo docente y es un agrado haber estado hoy ac\u00e1 en Villa Ma\u00f1ihuales\u00bb.<\/p>\n<\/div><\/section><\/div><div  style='height:50px' class='hr hr-invisible   avia-builder-el-6  el_after_av_one_full  el_before_av_social_share '><span class='hr-inner ' ><span class='hr-inner-style'><\/span><\/span><\/div><\/p>\n<div  class='av-social-sharing-box  avia-builder-el-7  el_after_av_hr  el_before_av_hr  '><div class='av-share-box'><h5 class='av-share-link-description av-no-toc '>Compartir esta noticia<\/h5><ul class='av-share-box-list noLightbox'><li class='av-share-link av-social-link-facebook' ><a target=\"_blank\" aria-label=\"Compartir en Facebook\" href='https:\/\/www.facebook.com\/sharer.php?u=https:\/\/radiorevelacionfm.cl\/?p=24110&#038;t=Comunidad%20Escolar%20de%20Villa%20Ma%C3%B1ihuales%20fue%20la%20entusiasta%20protagonista%20de%20la%20Segunda%20Feria%20Literaria%20Seamos%20Comunidad' aria-hidden='false' data-av_icon='\ue8f3' data-av_iconfont='entypo-fontello' title='' data-avia-related-tooltip='Compartir en Facebook' rel=\"noopener\"><span class='avia_hidden_link_text'>Compartir en Facebook<\/span><\/a><\/li><li class='av-share-link av-social-link-twitter' ><a target=\"_blank\" aria-label=\"Compartir en Twitter\" href='https:\/\/twitter.com\/share?text=Comunidad%20Escolar%20de%20Villa%20Ma%C3%B1ihuales%20fue%20la%20entusiasta%20protagonista%20de%20la%20Segunda%20Feria%20Literaria%20Seamos%20Comunidad&#038;url=https:\/\/radiorevelacionfm.cl\/?p=24110' aria-hidden='false' data-av_icon='\ue8f1' data-av_iconfont='entypo-fontello' title='' data-avia-related-tooltip='Compartir en Twitter' rel=\"noopener\"><span class='avia_hidden_link_text'>Compartir en Twitter<\/span><\/a><\/li><li class='av-share-link av-social-link-whatsapp' ><a target=\"_blank\" aria-label=\"Compartir en Whatsapp\" href='https:\/\/api.whatsapp.com\/send?text=https:\/\/radiorevelacionfm.cl\/?p=24110' aria-hidden='false' data-av_icon='\uf232' data-av_iconfont='entypo-fontello' title='' data-avia-related-tooltip='Compartir en Whatsapp' rel=\"noopener\"><span class='avia_hidden_link_text'>Compartir en Whatsapp<\/span><\/a><\/li><li class='av-share-link av-social-link-linkedin' ><a target=\"_blank\" aria-label=\"Compartir en LinkedIn\" href='https:\/\/linkedin.com\/shareArticle?mini=true&#038;title=Comunidad%20Escolar%20de%20Villa%20Ma%C3%B1ihuales%20fue%20la%20entusiasta%20protagonista%20de%20la%20Segunda%20Feria%20Literaria%20Seamos%20Comunidad&#038;url=https:\/\/radiorevelacionfm.cl\/?p=24110' aria-hidden='false' data-av_icon='\ue8fc' data-av_iconfont='entypo-fontello' title='' data-avia-related-tooltip='Compartir en LinkedIn' rel=\"noopener\"><span class='avia_hidden_link_text'>Compartir en LinkedIn<\/span><\/a><\/li><li class='av-share-link av-social-link-mail' ><a  aria-label=\"Compartir por correo\" href='mailto:?subject=Comunidad%20Escolar%20de%20Villa%20Ma%C3%B1ihuales%20fue%20la%20entusiasta%20protagonista%20de%20la%20Segunda%20Feria%20Literaria%20Seamos%20Comunidad&#038;body=https:\/\/radiorevelacionfm.cl\/?p=24110' aria-hidden='false' data-av_icon='\ue805' data-av_iconfont='entypo-fontello' title='' data-avia-related-tooltip='Compartir por correo'><span class='avia_hidden_link_text'>Compartir por correo<\/span><\/a><\/li><\/ul><\/div><\/div>\n<div  style='height:50px' class='hr hr-invisible   avia-builder-el-8  el_after_av_social_share  el_before_av_comments_list '><span class='hr-inner ' ><span class='hr-inner-style'><\/span><\/span><\/div>\n<div  class='av-buildercomment  av-blog-meta-html-info-disabled av-blog-meta-tag-disabled  '><\/div>\n","protected":false},"excerpt":{"rendered":"","protected":false},"author":1,"featured_media":24111,"comment_status":"open","ping_status":"open","sticky":false,"template":"","format":"standard","meta":{"footnotes":""},"categories":[49],"tags":[],"class_list":["post-24110","post","type-post","status-publish","format-standard","has-post-thumbnail","hentry","category-educacion"],"jetpack_featured_media_url":"https:\/\/radiorevelacionfm.cl\/wp-content\/uploads\/2022\/11\/feria1_optimized-1.jpg","_links":{"self":[{"href":"https:\/\/radiorevelacionfm.cl\/index.php?rest_route=\/wp\/v2\/posts\/24110","targetHints":{"allow":["GET"]}}],"collection":[{"href":"https:\/\/radiorevelacionfm.cl\/index.php?rest_route=\/wp\/v2\/posts"}],"about":[{"href":"https:\/\/radiorevelacionfm.cl\/index.php?rest_route=\/wp\/v2\/types\/post"}],"author":[{"embeddable":true,"href":"https:\/\/radiorevelacionfm.cl\/index.php?rest_route=\/wp\/v2\/users\/1"}],"replies":[{"embeddable":true,"href":"https:\/\/radiorevelacionfm.cl\/index.php?rest_route=%2Fwp%2Fv2%2Fcomments&post=24110"}],"version-history":[{"count":2,"href":"https:\/\/radiorevelacionfm.cl\/index.php?rest_route=\/wp\/v2\/posts\/24110\/revisions"}],"predecessor-version":[{"id":24126,"href":"https:\/\/radiorevelacionfm.cl\/index.php?rest_route=\/wp\/v2\/posts\/24110\/revisions\/24126"}],"wp:featuredmedia":[{"embeddable":true,"href":"https:\/\/radiorevelacionfm.cl\/index.php?rest_route=\/wp\/v2\/media\/24111"}],"wp:attachment":[{"href":"https:\/\/radiorevelacionfm.cl\/index.php?rest_route=%2Fwp%2Fv2%2Fmedia&parent=24110"}],"wp:term":[{"taxonomy":"category","embeddable":true,"href":"https:\/\/radiorevelacionfm.cl\/index.php?rest_route=%2Fwp%2Fv2%2Fcategories&post=24110"},{"taxonomy":"post_tag","embeddable":true,"href":"https:\/\/radiorevelacionfm.cl\/index.php?rest_route=%2Fwp%2Fv2%2Ftags&post=24110"}],"curies":[{"name":"wp","href":"https:\/\/api.w.org\/{rel}","templated":true}]}}