{"id":24106,"date":"2022-11-13T13:59:15","date_gmt":"2022-11-13T16:59:15","guid":{"rendered":"https:\/\/radiorevelacionfm.cl\/?p=24106"},"modified":"2022-11-13T13:59:15","modified_gmt":"2022-11-13T16:59:15","slug":"especialista-del-hrc-expondra-en-el-xl-congreso-latinoamericano-de-neurocirugia","status":"publish","type":"post","link":"https:\/\/radiorevelacionfm.cl\/?p=24106","title":{"rendered":"Especialista del HRC expondr\u00e1 en el XL Congreso Latinoamericano de Neurocirug\u00eda"},"content":{"rendered":"<div class=\"flex_column av_one_full  flex_column_div av-zero-column-padding first  avia-builder-el-0  el_before_av_one_full  avia-builder-el-first  \" style='border-radius:0px; '><div  class='avia-image-container  av-styling-    avia-builder-el-1  avia-builder-el-no-sibling  avia-align-center '  itemprop=\"image\" itemscope=\"itemscope\" itemtype=\"https:\/\/schema.org\/ImageObject\"  ><div class='avia-image-container-inner'><div class='avia-image-overlay-wrap'><img decoding=\"async\" class='wp-image-24107 avia-img-lazy-loading-not-24107 avia_image' src=\"https:\/\/radiorevelacionfm.cl\/wp-content\/uploads\/2022\/11\/DR_MUNOZ_MIAMI-1-1-1.jpg\" alt='' title='DR_MU\u00d1OZ_MIAMI (1) (1) (1)' height=\"600\" width=\"900\"  itemprop=\"thumbnailUrl\" srcset=\"https:\/\/radiorevelacionfm.cl\/wp-content\/uploads\/2022\/11\/DR_MUNOZ_MIAMI-1-1-1.jpg 900w, https:\/\/radiorevelacionfm.cl\/wp-content\/uploads\/2022\/11\/DR_MUNOZ_MIAMI-1-1-1-300x200.jpg 300w, https:\/\/radiorevelacionfm.cl\/wp-content\/uploads\/2022\/11\/DR_MUNOZ_MIAMI-1-1-1-768x512.jpg 768w, https:\/\/radiorevelacionfm.cl\/wp-content\/uploads\/2022\/11\/DR_MUNOZ_MIAMI-1-1-1-705x470.jpg 705w, https:\/\/radiorevelacionfm.cl\/wp-content\/uploads\/2022\/11\/DR_MUNOZ_MIAMI-1-1-1-600x400.jpg 600w\" sizes=\"(max-width: 900px) 100vw, 900px\" \/><\/div><\/div><\/div><\/div><div class=\"flex_column av_one_full  flex_column_div av-zero-column-padding first  avia-builder-el-2  el_after_av_one_full  el_before_av_one_full  column-top-margin\" style='border-radius:0px; '><section class=\"av_textblock_section \"  itemscope=\"itemscope\" itemtype=\"https:\/\/schema.org\/BlogPosting\" itemprop=\"blogPost\" ><div class='avia_textblock  '   itemprop=\"text\" ><p style=\"text-align: center;\"><strong><span style=\"font-size: 18pt;\">Especialista del HRC expondr\u00e1 en el XL Congreso Latinoamericano de Neurocirug\u00eda<\/span><\/strong><\/p>\n<div id=\"gtx-trans\" style=\"position: absolute; left: -50px; top: 4.31534px;\">\n<div class=\"gtx-trans-icon\"><\/div>\n<\/div>\n<\/div><\/section><\/div><div class=\"flex_column av_one_full  flex_column_div av-zero-column-padding first  avia-builder-el-4  el_after_av_one_full  el_before_av_hr  column-top-margin\" style='border-radius:0px; '><section class=\"av_textblock_section \"  itemscope=\"itemscope\" itemtype=\"https:\/\/schema.org\/BlogPosting\" itemprop=\"blogPost\" ><div class='avia_textblock  '   itemprop=\"text\" ><p style=\"text-align: justify;\">Un importante paso en materia de divulgaci\u00f3n cient\u00edfica est\u00e1 dando el equipo de neurocirug\u00eda del Hospital Regional Coyhaique, ya que el Dr. Sebasti\u00e1n Mu\u00f1oz Groff fue invitado a ser uno de los conferencistas en el XL Congreso Latinoamericano de Neurocirug\u00eda, evento que re\u00fane a especialistas de todo el continente y que se llevar\u00e1 a cabo a fines de noviembre en la ciudad de Miami, Estados Unidos.<\/p>\n<p style=\"text-align: justify;\">\u201cEsto nos hace sentir s\u00faper orgullosos, ya que refleja el trabajo en equipo y c\u00f3mo hemos ido avanzando en el Hospital Regional Coyhaique, ya que se reconoce la labor no s\u00f3lo de los neurocirujanos, sino tambi\u00e9n del equipo de enfermer\u00eda, arsenaler\u00eda y de los directivos del HRC, que han confiado en nosotros y dado el impulso para innovar\u201d, sostuvo el Dr. Mu\u00f1oz, recalcando que esta invitaci\u00f3n tambi\u00e9n implica \u201centregar mayor confianza a nuestros pacientes y colegas para que sigan en la misma senda, avanzando d\u00eda a d\u00eda en las t\u00e9cnicas quir\u00fargicas\u201d.<\/p>\n<p style=\"text-align: justify;\">El especialista destac\u00f3 la importancia de que la labor realizada en el extremo austral del continente sea reconocida y valorada por sus pares. \u201cEsta es una invitaci\u00f3n a que nosotros podamos dictar nuestro conocimiento a otros neurocirujanos, siendo un punto de referencia hacia el resto, lo que nos hace sentir muy orgullosos\u201d, dijo el especialista.<\/p>\n<p style=\"text-align: justify;\">\u201cTratamiento quir\u00fargico de trauma toracolumbar\u201d y \u201cRevisi\u00f3n de la literatura: cordoma de clivus\u201d son las tem\u00e1ticas de las conferencias que dictar\u00e1 el profesional del HRC frente a sus pares en Miami, destacando, adem\u00e1s, c\u00f3mo en los \u00faltimos a\u00f1os el \u00fanico hospital de alta complejidad de la regi\u00f3n de Ays\u00e9n ha aumentado el n\u00famero de prestaciones neuroquir\u00fargicas.<\/p>\n<p style=\"text-align: justify;\">\u201cTanto el Dr. Avaria como yo, fuimos m\u00e9dicos generales de zona en Cochrane, y entendemos nuestro trabajo como un desaf\u00edo, donde debemos equipararnos con los est\u00e1ndares \u00f3ptimos de atenci\u00f3n, lo que poco a poco hemos ido logrando, comenzando a ampliar nuestras prestaciones en cirug\u00eda cerebral y de columna. Actualmente estamos haciendo cirug\u00edas m\u00ednimamente invasivas de columna, cirug\u00eda vascular cerebral y tumores cerebrales, entre otros\u201d, explica el neurocirujano.<\/p>\n<\/div><\/section><\/div><div  style='height:50px' class='hr hr-invisible   avia-builder-el-6  el_after_av_one_full  el_before_av_social_share '><span class='hr-inner ' ><span class='hr-inner-style'><\/span><\/span><\/div><\/p>\n<div  class='av-social-sharing-box  avia-builder-el-7  el_after_av_hr  el_before_av_hr  '><div class='av-share-box'><h5 class='av-share-link-description av-no-toc '>Compartir esta noticia<\/h5><ul class='av-share-box-list noLightbox'><li class='av-share-link av-social-link-facebook' ><a target=\"_blank\" aria-label=\"Compartir en Facebook\" href='https:\/\/www.facebook.com\/sharer.php?u=https:\/\/radiorevelacionfm.cl\/?p=24106&#038;t=Especialista%20del%20HRC%20expondr%C3%A1%20en%20el%20XL%20Congreso%20Latinoamericano%20de%20Neurocirug%C3%ADa' aria-hidden='false' data-av_icon='\ue8f3' data-av_iconfont='entypo-fontello' title='' data-avia-related-tooltip='Compartir en Facebook' rel=\"noopener\"><span class='avia_hidden_link_text'>Compartir en Facebook<\/span><\/a><\/li><li class='av-share-link av-social-link-twitter' ><a target=\"_blank\" aria-label=\"Compartir en Twitter\" href='https:\/\/twitter.com\/share?text=Especialista%20del%20HRC%20expondr%C3%A1%20en%20el%20XL%20Congreso%20Latinoamericano%20de%20Neurocirug%C3%ADa&#038;url=https:\/\/radiorevelacionfm.cl\/?p=24106' aria-hidden='false' data-av_icon='\ue8f1' data-av_iconfont='entypo-fontello' title='' data-avia-related-tooltip='Compartir en Twitter' rel=\"noopener\"><span class='avia_hidden_link_text'>Compartir en Twitter<\/span><\/a><\/li><li class='av-share-link av-social-link-whatsapp' ><a target=\"_blank\" aria-label=\"Compartir en Whatsapp\" href='https:\/\/api.whatsapp.com\/send?text=https:\/\/radiorevelacionfm.cl\/?p=24106' aria-hidden='false' data-av_icon='\uf232' data-av_iconfont='entypo-fontello' title='' data-avia-related-tooltip='Compartir en Whatsapp' rel=\"noopener\"><span class='avia_hidden_link_text'>Compartir en Whatsapp<\/span><\/a><\/li><li class='av-share-link av-social-link-linkedin' ><a target=\"_blank\" aria-label=\"Compartir en LinkedIn\" href='https:\/\/linkedin.com\/shareArticle?mini=true&#038;title=Especialista%20del%20HRC%20expondr%C3%A1%20en%20el%20XL%20Congreso%20Latinoamericano%20de%20Neurocirug%C3%ADa&#038;url=https:\/\/radiorevelacionfm.cl\/?p=24106' aria-hidden='false' data-av_icon='\ue8fc' data-av_iconfont='entypo-fontello' title='' data-avia-related-tooltip='Compartir en LinkedIn' rel=\"noopener\"><span class='avia_hidden_link_text'>Compartir en LinkedIn<\/span><\/a><\/li><li class='av-share-link av-social-link-mail' ><a  aria-label=\"Compartir por correo\" href='mailto:?subject=Especialista%20del%20HRC%20expondr%C3%A1%20en%20el%20XL%20Congreso%20Latinoamericano%20de%20Neurocirug%C3%ADa&#038;body=https:\/\/radiorevelacionfm.cl\/?p=24106' aria-hidden='false' data-av_icon='\ue805' data-av_iconfont='entypo-fontello' title='' data-avia-related-tooltip='Compartir por correo'><span class='avia_hidden_link_text'>Compartir por correo<\/span><\/a><\/li><\/ul><\/div><\/div>\n<div  style='height:50px' class='hr hr-invisible   avia-builder-el-8  el_after_av_social_share  el_before_av_comments_list '><span class='hr-inner ' ><span class='hr-inner-style'><\/span><\/span><\/div>\n<div  class='av-buildercomment  av-blog-meta-html-info-disabled av-blog-meta-tag-disabled  '><\/div>\n","protected":false},"excerpt":{"rendered":"","protected":false},"author":1,"featured_media":24107,"comment_status":"open","ping_status":"open","sticky":false,"template":"","format":"standard","meta":{"footnotes":""},"categories":[46],"tags":[],"class_list":["post-24106","post","type-post","status-publish","format-standard","has-post-thumbnail","hentry","category-salud"],"jetpack_featured_media_url":"https:\/\/radiorevelacionfm.cl\/wp-content\/uploads\/2022\/11\/DR_MUNOZ_MIAMI-1-1-1.jpg","_links":{"self":[{"href":"https:\/\/radiorevelacionfm.cl\/index.php?rest_route=\/wp\/v2\/posts\/24106","targetHints":{"allow":["GET"]}}],"collection":[{"href":"https:\/\/radiorevelacionfm.cl\/index.php?rest_route=\/wp\/v2\/posts"}],"about":[{"href":"https:\/\/radiorevelacionfm.cl\/index.php?rest_route=\/wp\/v2\/types\/post"}],"author":[{"embeddable":true,"href":"https:\/\/radiorevelacionfm.cl\/index.php?rest_route=\/wp\/v2\/users\/1"}],"replies":[{"embeddable":true,"href":"https:\/\/radiorevelacionfm.cl\/index.php?rest_route=%2Fwp%2Fv2%2Fcomments&post=24106"}],"version-history":[{"count":2,"href":"https:\/\/radiorevelacionfm.cl\/index.php?rest_route=\/wp\/v2\/posts\/24106\/revisions"}],"predecessor-version":[{"id":24109,"href":"https:\/\/radiorevelacionfm.cl\/index.php?rest_route=\/wp\/v2\/posts\/24106\/revisions\/24109"}],"wp:featuredmedia":[{"embeddable":true,"href":"https:\/\/radiorevelacionfm.cl\/index.php?rest_route=\/wp\/v2\/media\/24107"}],"wp:attachment":[{"href":"https:\/\/radiorevelacionfm.cl\/index.php?rest_route=%2Fwp%2Fv2%2Fmedia&parent=24106"}],"wp:term":[{"taxonomy":"category","embeddable":true,"href":"https:\/\/radiorevelacionfm.cl\/index.php?rest_route=%2Fwp%2Fv2%2Fcategories&post=24106"},{"taxonomy":"post_tag","embeddable":true,"href":"https:\/\/radiorevelacionfm.cl\/index.php?rest_route=%2Fwp%2Fv2%2Ftags&post=24106"}],"curies":[{"name":"wp","href":"https:\/\/api.w.org\/{rel}","templated":true}]}}