{"id":24097,"date":"2022-11-13T13:25:13","date_gmt":"2022-11-13T16:25:13","guid":{"rendered":"https:\/\/radiorevelacionfm.cl\/?p=24097"},"modified":"2022-11-13T13:25:13","modified_gmt":"2022-11-13T16:25:13","slug":"en-coyhaique-y-melinka-parte-reposicion-de-vehiculos-de-carabineros","status":"publish","type":"post","link":"https:\/\/radiorevelacionfm.cl\/?p=24097","title":{"rendered":"En Coyhaique y Melinka parte reposici\u00f3n de veh\u00edculos de Carabineros"},"content":{"rendered":"<div class=\"flex_column av_one_full  flex_column_div av-zero-column-padding first  avia-builder-el-0  el_before_av_one_full  avia-builder-el-first  \" style='border-radius:0px; '><div  class='avia-image-container  av-styling-    avia-builder-el-1  avia-builder-el-no-sibling  avia-align-center '  itemprop=\"image\" itemscope=\"itemscope\" itemtype=\"https:\/\/schema.org\/ImageObject\"  ><div class='avia-image-container-inner'><div class='avia-image-overlay-wrap'><img decoding=\"async\" class='wp-image-24098 avia-img-lazy-loading-not-24098 avia_image' src=\"https:\/\/radiorevelacionfm.cl\/wp-content\/uploads\/2022\/11\/Carabineros-Coyh3-1-1.jpg\" alt='' title='Carabineros Coyh(3) (1) (1)' height=\"600\" width=\"800\"  itemprop=\"thumbnailUrl\" srcset=\"https:\/\/radiorevelacionfm.cl\/wp-content\/uploads\/2022\/11\/Carabineros-Coyh3-1-1.jpg 800w, https:\/\/radiorevelacionfm.cl\/wp-content\/uploads\/2022\/11\/Carabineros-Coyh3-1-1-300x225.jpg 300w, https:\/\/radiorevelacionfm.cl\/wp-content\/uploads\/2022\/11\/Carabineros-Coyh3-1-1-768x576.jpg 768w, https:\/\/radiorevelacionfm.cl\/wp-content\/uploads\/2022\/11\/Carabineros-Coyh3-1-1-705x529.jpg 705w, https:\/\/radiorevelacionfm.cl\/wp-content\/uploads\/2022\/11\/Carabineros-Coyh3-1-1-600x450.jpg 600w\" sizes=\"(max-width: 800px) 100vw, 800px\" \/><\/div><\/div><\/div><\/div><div class=\"flex_column av_one_full  flex_column_div av-zero-column-padding first  avia-builder-el-2  el_after_av_one_full  el_before_av_one_full  column-top-margin\" style='border-radius:0px; '><section class=\"av_textblock_section \"  itemscope=\"itemscope\" itemtype=\"https:\/\/schema.org\/BlogPosting\" itemprop=\"blogPost\" ><div class='avia_textblock  '   itemprop=\"text\" ><p style=\"text-align: center;\"><span style=\"font-size: 18pt;\"><b><span lang=\"ES\">En Coyhaique y Melinka parte reposici\u00f3n de veh\u00edculos de Carabineros<\/span><\/b><\/span><\/p>\n<div id=\"gtx-trans\" style=\"position: absolute; left: -50px; top: 4.31534px;\">\n<div class=\"gtx-trans-icon\"><\/div>\n<\/div>\n<\/div><\/section><\/div><div class=\"flex_column av_one_full  flex_column_div av-zero-column-padding first  avia-builder-el-4  el_after_av_one_full  el_before_av_hr  column-top-margin\" style='border-radius:0px; '><section class=\"av_textblock_section \"  itemscope=\"itemscope\" itemtype=\"https:\/\/schema.org\/BlogPosting\" itemprop=\"blogPost\" ><div class='avia_textblock  '   itemprop=\"text\" ><p style=\"font-weight: 400; text-align: justify;\">En las comunas de Coyhaique y Melinka, en la Regi\u00f3n de Ays\u00e9n, comenzar\u00e1 el proceso de reposici\u00f3n de veh\u00edculos policiales, desarrollado por el gobierno como parte de las acciones de fortalecimiento de la seguridad ciudadana.<\/p>\n<p style=\"font-weight: 400; text-align: justify;\">El Delegado Presidencial Regional, Rodrigo Araya, inform\u00f3 que los veh\u00edculos se distribuir\u00e1n priorizando aquellas unidades policiales con mayor d\u00e9ficit en su parque automotor, de forma de satisfacer la demanda local de servicios policiales.<\/p>\n<p style=\"font-weight: 400; text-align: justify;\">\u201cComo fue anunciado por nuestro Presidente Gabriel Boric, estamos dando cumplimiento al apoyo que nos comprometimos con Carabineros, con respecto a recursos para mejorar su flota de veh\u00edculos. Hay un plan para este a\u00f1o de distribuir m\u00e1s de 500 veh\u00edculos para Carabineros y, en esta primera etapa, se est\u00e1n distribuyendo 234 veh\u00edculos a nivel nacional, que van a beneficiar a 148 comunas. Tenemos dos radiopatrullas y un furg\u00f3n policial que se van a incorporar a la dotaci\u00f3n de veh\u00edculos de Carabineros de Chile\u201d, indic\u00f3.<\/p>\n<p style=\"font-weight: 400; text-align: justify;\">El Jefe de la XI Zona Policial Ays\u00e9n, General Patricio Santos reforz\u00f3 la importante de los recursos orientados a proveer un servicio efectivo para las comunidades.<\/p>\n<p style=\"font-weight: 400; text-align: justify;\">\u201cLlegan tres veh\u00edculos a la regi\u00f3n en esta primera etapa de distribuci\u00f3n, dos de ellos van a prestar servicios a la comuna Coyhaique, en la primera Comisar\u00eda y el otro veh\u00edculo, que es cuatro por cuatro, va a estar en el Ret\u00e9n Melinka. Ciertamente m\u00e1s veh\u00edculos ampl\u00edan la capacidad de cobertura, de vigilancia de los Carabineros, nos permiten llegar en menores tiempos de respuesta y, en definitiva, tener operaciones que son m\u00e1s eficientes. Sin lugar a duda, este es un tremendo apoyo a la labor que desarrollan los carabineros y, de paso, contribuir tambi\u00e9n a las condiciones de seguridad en que nuestros carabineros desarrollan sus actividades\u201d, concluy\u00f3.<\/p>\n<p style=\"font-weight: 400; text-align: justify;\">El radio patrulla corresponde a un veh\u00edculo motorizado tipo sed\u00e1n, con colores reglamentarios, baliza y sirena. En su interior, puede contar con sistema de comunicaci\u00f3n radial fija y, en algunos casos, con Sistema de Posicionamiento Global (GPS). Como medio de vigilancia, y dependiendo de las peculiaridades del servicio policial, puede estar compuesto por dos o tres funcionarios para funciones operativas de prevenci\u00f3n, fiscalizaci\u00f3n selectiva y servicios extraordinarios.<\/p>\n<p style=\"font-weight: 400; text-align: justify;\">En tanto, el furg\u00f3n policial es un tipo de veh\u00edculo motorizado tipo furg\u00f3n de f\u00e1brica o tipo camioneta con pick up modificado, con colores reglamentarios, con calabozo, baliza y sirena. En su interior puede contar con sistema de comunicaci\u00f3n radial fija y, en algunos casos, con Sistema de Posicionamiento Global (GPS), y est\u00e1n orientados al cumplimiento de procedimientos policiales y \u00f3rdenes Judiciales.<\/p>\n<\/div><\/section><\/div><div  style='height:50px' class='hr hr-invisible   avia-builder-el-6  el_after_av_one_full  el_before_av_social_share '><span class='hr-inner ' ><span class='hr-inner-style'><\/span><\/span><\/div><\/p>\n<div  class='av-social-sharing-box  avia-builder-el-7  el_after_av_hr  el_before_av_hr  '><div class='av-share-box'><h5 class='av-share-link-description av-no-toc '>Compartir esta noticia<\/h5><ul class='av-share-box-list noLightbox'><li class='av-share-link av-social-link-facebook' ><a target=\"_blank\" aria-label=\"Compartir en Facebook\" href='https:\/\/www.facebook.com\/sharer.php?u=https:\/\/radiorevelacionfm.cl\/?p=24097&#038;t=En%20Coyhaique%20y%20Melinka%20parte%20reposici%C3%B3n%20de%20veh%C3%ADculos%20de%20Carabineros' aria-hidden='false' data-av_icon='\ue8f3' data-av_iconfont='entypo-fontello' title='' data-avia-related-tooltip='Compartir en Facebook' rel=\"noopener\"><span class='avia_hidden_link_text'>Compartir en Facebook<\/span><\/a><\/li><li class='av-share-link av-social-link-twitter' ><a target=\"_blank\" aria-label=\"Compartir en Twitter\" href='https:\/\/twitter.com\/share?text=En%20Coyhaique%20y%20Melinka%20parte%20reposici%C3%B3n%20de%20veh%C3%ADculos%20de%20Carabineros&#038;url=https:\/\/radiorevelacionfm.cl\/?p=24097' aria-hidden='false' data-av_icon='\ue8f1' data-av_iconfont='entypo-fontello' title='' data-avia-related-tooltip='Compartir en Twitter' rel=\"noopener\"><span class='avia_hidden_link_text'>Compartir en Twitter<\/span><\/a><\/li><li class='av-share-link av-social-link-whatsapp' ><a target=\"_blank\" aria-label=\"Compartir en Whatsapp\" href='https:\/\/api.whatsapp.com\/send?text=https:\/\/radiorevelacionfm.cl\/?p=24097' aria-hidden='false' data-av_icon='\uf232' data-av_iconfont='entypo-fontello' title='' data-avia-related-tooltip='Compartir en Whatsapp' rel=\"noopener\"><span class='avia_hidden_link_text'>Compartir en Whatsapp<\/span><\/a><\/li><li class='av-share-link av-social-link-linkedin' ><a target=\"_blank\" aria-label=\"Compartir en LinkedIn\" href='https:\/\/linkedin.com\/shareArticle?mini=true&#038;title=En%20Coyhaique%20y%20Melinka%20parte%20reposici%C3%B3n%20de%20veh%C3%ADculos%20de%20Carabineros&#038;url=https:\/\/radiorevelacionfm.cl\/?p=24097' aria-hidden='false' data-av_icon='\ue8fc' data-av_iconfont='entypo-fontello' title='' data-avia-related-tooltip='Compartir en LinkedIn' rel=\"noopener\"><span class='avia_hidden_link_text'>Compartir en LinkedIn<\/span><\/a><\/li><li class='av-share-link av-social-link-mail' ><a  aria-label=\"Compartir por correo\" href='mailto:?subject=En%20Coyhaique%20y%20Melinka%20parte%20reposici%C3%B3n%20de%20veh%C3%ADculos%20de%20Carabineros&#038;body=https:\/\/radiorevelacionfm.cl\/?p=24097' aria-hidden='false' data-av_icon='\ue805' data-av_iconfont='entypo-fontello' title='' data-avia-related-tooltip='Compartir por correo'><span class='avia_hidden_link_text'>Compartir por correo<\/span><\/a><\/li><\/ul><\/div><\/div>\n<div  style='height:50px' class='hr hr-invisible   avia-builder-el-8  el_after_av_social_share  el_before_av_comments_list '><span class='hr-inner ' ><span class='hr-inner-style'><\/span><\/span><\/div>\n<div  class='av-buildercomment  av-blog-meta-html-info-disabled av-blog-meta-tag-disabled  '><\/div>\n","protected":false},"excerpt":{"rendered":"","protected":false},"author":1,"featured_media":24098,"comment_status":"open","ping_status":"open","sticky":false,"template":"","format":"standard","meta":{"footnotes":""},"categories":[38],"tags":[],"class_list":["post-24097","post","type-post","status-publish","format-standard","has-post-thumbnail","hentry","category-regional"],"jetpack_featured_media_url":"https:\/\/radiorevelacionfm.cl\/wp-content\/uploads\/2022\/11\/Carabineros-Coyh3-1-1.jpg","_links":{"self":[{"href":"https:\/\/radiorevelacionfm.cl\/index.php?rest_route=\/wp\/v2\/posts\/24097","targetHints":{"allow":["GET"]}}],"collection":[{"href":"https:\/\/radiorevelacionfm.cl\/index.php?rest_route=\/wp\/v2\/posts"}],"about":[{"href":"https:\/\/radiorevelacionfm.cl\/index.php?rest_route=\/wp\/v2\/types\/post"}],"author":[{"embeddable":true,"href":"https:\/\/radiorevelacionfm.cl\/index.php?rest_route=\/wp\/v2\/users\/1"}],"replies":[{"embeddable":true,"href":"https:\/\/radiorevelacionfm.cl\/index.php?rest_route=%2Fwp%2Fv2%2Fcomments&post=24097"}],"version-history":[{"count":2,"href":"https:\/\/radiorevelacionfm.cl\/index.php?rest_route=\/wp\/v2\/posts\/24097\/revisions"}],"predecessor-version":[{"id":24100,"href":"https:\/\/radiorevelacionfm.cl\/index.php?rest_route=\/wp\/v2\/posts\/24097\/revisions\/24100"}],"wp:featuredmedia":[{"embeddable":true,"href":"https:\/\/radiorevelacionfm.cl\/index.php?rest_route=\/wp\/v2\/media\/24098"}],"wp:attachment":[{"href":"https:\/\/radiorevelacionfm.cl\/index.php?rest_route=%2Fwp%2Fv2%2Fmedia&parent=24097"}],"wp:term":[{"taxonomy":"category","embeddable":true,"href":"https:\/\/radiorevelacionfm.cl\/index.php?rest_route=%2Fwp%2Fv2%2Fcategories&post=24097"},{"taxonomy":"post_tag","embeddable":true,"href":"https:\/\/radiorevelacionfm.cl\/index.php?rest_route=%2Fwp%2Fv2%2Ftags&post=24097"}],"curies":[{"name":"wp","href":"https:\/\/api.w.org\/{rel}","templated":true}]}}