{"id":24090,"date":"2022-11-12T11:30:41","date_gmt":"2022-11-12T14:30:41","guid":{"rendered":"https:\/\/radiorevelacionfm.cl\/?p=24090"},"modified":"2022-11-12T11:30:41","modified_gmt":"2022-11-12T14:30:41","slug":"autoridades-regionales-destacaron-componente-solidario-en-el-proyecto-de-reforma-al-sistema-de-pensiones","status":"publish","type":"post","link":"https:\/\/radiorevelacionfm.cl\/?p=24090","title":{"rendered":"Autoridades regionales destacaron componente solidario en el proyecto de reforma al sistema de pensiones"},"content":{"rendered":"<div class=\"flex_column av_one_full  flex_column_div av-zero-column-padding first  avia-builder-el-0  el_before_av_one_full  avia-builder-el-first  \" style='border-radius:0px; '><div  class='avia-image-container  av-styling-    avia-builder-el-1  avia-builder-el-no-sibling  avia-align-center '  itemprop=\"image\" itemscope=\"itemscope\" itemtype=\"https:\/\/schema.org\/ImageObject\"  ><div class='avia-image-container-inner'><div class='avia-image-overlay-wrap'><img decoding=\"async\" class='wp-image-24091 avia-img-lazy-loading-not-24091 avia_image' src=\"https:\/\/radiorevelacionfm.cl\/wp-content\/uploads\/2022\/11\/PtoPrensa_MejoresPensiones_Aysen-1-1.jpg\" alt='' title='PtoPrensa_MejoresPensiones_Aysen (1) (1)' height=\"600\" width=\"996\"  itemprop=\"thumbnailUrl\" srcset=\"https:\/\/radiorevelacionfm.cl\/wp-content\/uploads\/2022\/11\/PtoPrensa_MejoresPensiones_Aysen-1-1.jpg 996w, https:\/\/radiorevelacionfm.cl\/wp-content\/uploads\/2022\/11\/PtoPrensa_MejoresPensiones_Aysen-1-1-300x181.jpg 300w, https:\/\/radiorevelacionfm.cl\/wp-content\/uploads\/2022\/11\/PtoPrensa_MejoresPensiones_Aysen-1-1-768x463.jpg 768w, https:\/\/radiorevelacionfm.cl\/wp-content\/uploads\/2022\/11\/PtoPrensa_MejoresPensiones_Aysen-1-1-705x425.jpg 705w, https:\/\/radiorevelacionfm.cl\/wp-content\/uploads\/2022\/11\/PtoPrensa_MejoresPensiones_Aysen-1-1-600x361.jpg 600w\" sizes=\"(max-width: 996px) 100vw, 996px\" \/><\/div><\/div><\/div><\/div><div class=\"flex_column av_one_full  flex_column_div av-zero-column-padding first  avia-builder-el-2  el_after_av_one_full  el_before_av_one_full  column-top-margin\" style='border-radius:0px; '><section class=\"av_textblock_section \"  itemscope=\"itemscope\" itemtype=\"https:\/\/schema.org\/BlogPosting\" itemprop=\"blogPost\" ><div class='avia_textblock  '   itemprop=\"text\" ><p style=\"text-align: center;\"><span style=\"font-size: 18pt;\"><b><span lang=\"ES-TRAD\">Autoridades regionales destacaron componente solidario en el proyecto de reforma al sistema de pensiones<\/span><\/b><\/span><\/p>\n<div id=\"gtx-trans\" style=\"position: absolute; left: -50px; top: 4.31534px;\">\n<div class=\"gtx-trans-icon\"><\/div>\n<\/div>\n<\/div><\/section><\/div><div class=\"flex_column av_one_full  flex_column_div av-zero-column-padding first  avia-builder-el-4  el_after_av_one_full  el_before_av_hr  column-top-margin\" style='border-radius:0px; '><section class=\"av_textblock_section \"  itemscope=\"itemscope\" itemtype=\"https:\/\/schema.org\/BlogPosting\" itemprop=\"blogPost\" ><div class='avia_textblock  '   itemprop=\"text\" ><p class=\"v1MsoNormal\" style=\"text-align: justify;\"><span lang=\"ES\">Esta semana comenz\u00f3 la tramitaci\u00f3n del proyecto de Ley \u00abMejores Pensiones\u00bb en el Congreso, propuesta que fue presentada en cadena nacional por el Presidente Gabriel Boric hace algunos d\u00edas. En un punto de prensa donde participaron el Delegado Presidencial Regional Rodrigo Araya junto a los Seremis de Trabajo y Previsi\u00f3n Social, Rodrigo D\u00edaz y de Gobierno, Tatiana Pl\u00e1, se entregaron los detalles de la propuesta y la visi\u00f3n de las autoridades regionales de Ays\u00e9n al respecto.<\/span><\/p>\n<p class=\"v1MsoNormal\" style=\"text-align: justify;\"><span lang=\"ES\">\u00abComo Gobierno desde que iniciamos esta gesti\u00f3n hemos estado preocupados de este tema. Hemos hecho propio el compromiso que debe asumir el Estado con respecto a reformular el sistema de AFP, que todos sabemos y toda la informaci\u00f3n que se ha distribuido en los \u00faltimos a\u00f1os apuntan, a que no responden a las necesidades que tiene nuestra poblaci\u00f3n, sobre todo los pensionados, que han tenido resultados que han sido nefastos y no beneficia a todo el mundo. Por lo tanto, es imprescindible hacer un cambio al sistema de pensiones en Chile. Hemos puesto el \u00e9nfasis en la participaci\u00f3n, hemos desarrollado conversatorios en todas las regiones del pa\u00eds con respecto a esta reforma, hemos tenido reuniones y an\u00e1lisis t\u00e9cnicos con respecto a los otros pa\u00edses de la OCDE, que han avanzado en este tema. De hecho, somos dentro de los pa\u00edses de la OCDE, el que ten\u00eda un sistema de pensiones justamente menos fuerte y robusto en relaci\u00f3n con el resto de los pa\u00edses, y hemos podido tambi\u00e9n hacer un an\u00e1lisis t\u00e9cnico y una propuesta muy robusta. Cuando esta reforma de pensiones se haga efectiva, va a haber un aumento inmediato, y un beneficio inmediato para nuestros pensionados\u00bb, afirm\u00f3 el Delegado Presidencial Regional, Rodrigo Araya.<\/span><\/p>\n<p class=\"v1MsoNormal\" style=\"text-align: justify;\"><span lang=\"ES\">A su vez, el Seremi Rodrigo D\u00edaz explic\u00f3 sobre el proyecto de ley, \u00abEl sistema mixto de pensiones es una muy buena noticia para nuestros pensionados actuales y futuros. Con esto desaparece la AFP, se crea el APA, que es un IPS 2.0 (Instituto de Previsi\u00f3n Social) que va a estar a cargo de todos los procesos de soporte de cobro y ellos van a estar traspasar los dineros a otros dos entes que se crean: el Gestor Privado de Inversi\u00f3n y el Gestor P\u00fablico de Inversiones Aut\u00f3nomo, quienes se van dedicar a invertir los recursos. As\u00ed, los cotizantes van a poder escoger entre un sistema y el otro, entre el p\u00fablico y el privado, donde la informaci\u00f3n va a estar en l\u00ednea, eso solamente ser\u00e1 con el 10,5%\u00bb.<\/span><\/p>\n<p class=\"v1MsoNormal\" style=\"text-align: justify;\"><span lang=\"ES\">Con respecto a otro de los ejes de la propuesta \u00abMejores Pensiones\u00bb, que es la Pensi\u00f3n Garantizada Universal, PGU, el Seremi D\u00edaz detall\u00f3, \u00abAdem\u00e1s en este sistema mixto, agregamos la PGU, que va por parte del Estado. Hoy ya son $193.000, la propuesta es de $250.000\u00a0y con universalidad. Ah\u00ed es importante la Reforma Tributaria, porque ella es la que nos da soporte para esto. Esta propuesta est\u00e1 muy bien hecha, es una reforma moderada que tiene sustento, donde cada peso que sale, est\u00e1 respaldado por el presupuesto\u00bb.<\/span><\/p>\n<p class=\"v1MsoNormal\" style=\"text-align: justify;\"><span lang=\"ES\">Otro de los puntos relevantes es la cotizaci\u00f3n adicional, detall\u00f3 el Seremi Rodrigo D\u00edaz, \u00abEl tercer pilar es el 6%, que va a estar administrado por el Fondo de Inversi\u00f3n de Pensiones, y este fondo es un premio al esfuerzo contributivo de los actuales y futuros pensionados. Esto tiene un componente de retribuci\u00f3n, buscamos que todas las instituciones que hemos nombrado est\u00e9n al servicio de dar buenas pensiones para nuestros jubilados, quienes en el pa\u00eds son 1.000.400 y ac\u00e1 en la regi\u00f3n con la PGU ya llevamos 9.000. Nuestros jubilados y pensionados est\u00e1n bajo la l\u00ednea de la pobreza, bajo el salario m\u00ednimo y eso no es digno. Nuestra sociedad tiene que entender que aqu\u00ed todos tenemos que hacer un esfuerzo, hay un bien superior y esos son nuestros jubilados\u00bb.<\/span><\/p>\n<p class=\"v1MsoNormal\" style=\"text-align: justify;\"><span lang=\"ES\">En octubre, las Pensiones Garantizadas Universal (PGU) concedidas suman 1.865.000 en Chile, de las cuales 9.971 corresponde a la Regi\u00f3n de Ays\u00e9n. Las autoridades llamaron a postular a la PGU, ya que se calcula que son m\u00e1s de 300 los jubilados en la regi\u00f3n que no han postulado y que tienen derecho a acceder a este beneficio.<\/span><\/p>\n<p class=\"v1MsoNormal\" style=\"text-align: justify;\"><span lang=\"ES\">Por su parte, la Seremi de Gobierno, Tatiana Pl\u00e1, hizo hincapi\u00e9 en el componente de equidad de g\u00e9nero de la propuesta de Mejores Pensiones, \u00abLa creaci\u00f3n y la propuesta de este proyecto de ley mixto, tiene un componente solidario, porque las pensiones de nuestro pa\u00eds, lamentablemente para aquellas mujeres que han sido cuidadoras, que han debido dedicarse al trabajo de cuidar a sus padres, a sus madres, a sus hijos con alg\u00fan tipo de discapacidad, muchas veces ha significado que esa persona no tenga un trabajo remunerado. Esa funci\u00f3n lamentablemente en nuestro pa\u00eds no es remunerada y por eso este componente mixto, como dec\u00eda reci\u00e9n el Seremi del Trabajo, donde el empleador aportar\u00eda un 6% adicional que ser\u00e1 administrado por el Estado y de este fondo saldr\u00eda el aporte para complementar la PGU de miles y miles de mujeres que han debido hacerse cargo como cuidadoras\u00bb.<\/span><\/p>\n<p class=\"v1MsoNormal\" style=\"text-align: justify;\"><span lang=\"ES\">Sobre la discusi\u00f3n en el Congreso, la Seremi Pl\u00e1 afirm\u00f3, \u00abNuestro Presidente lo ha dicho, la idea es que este proyecto, ojal\u00e1 est\u00e9 aprobado el primer semestre del pr\u00f3ximo a\u00f1o. No podemos como Gobierno ni como sociedad, no darnos cuenta de que el 72% de los pensionados en nuestro pa\u00eds actualmente vive con menos de $400.000. Por eso, esperamos que en la discusi\u00f3n tanto de los parlamentarios oficialistas como de oposici\u00f3n, haya di\u00e1logo, haya conciencia del grave problema que tenemos en nuestro pa\u00eds y encontramos que este proyecto de ley es muy bueno. As\u00ed tambi\u00e9n lo han dicho los expertos internacionales y nacionales, tal como dec\u00eda nuestro delegado presidencial, el 83% de los pa\u00edses de la OCDE tiene sistemas mixtos, tiene un sistema con un componente individual y tambi\u00e9n uno solidario.\u00bb<\/span><\/p>\n<p class=\"v1MsoNormal\" style=\"text-align: justify;\"><span lang=\"ES\">Para m\u00e1s informaci\u00f3n, los interesados pueden ingresar a la p\u00e1gina web\u00a0<a href=\"http:\/\/www.sistemamixto.cl\/\" target=\"_blank\" rel=\"noopener noreferrer\">www.sistemamixto.cl<\/a>\u00a0donde se encontrar\u00e1n los ejes de la propuesta y un apartado de preguntas-respuestas con los detalles de la reforma presentada.<\/span><\/p>\n<\/div><\/section><\/div><div  style='height:50px' class='hr hr-invisible   avia-builder-el-6  el_after_av_one_full  el_before_av_social_share '><span class='hr-inner ' ><span class='hr-inner-style'><\/span><\/span><\/div><\/p>\n<div  class='av-social-sharing-box  avia-builder-el-7  el_after_av_hr  el_before_av_hr  '><div class='av-share-box'><h5 class='av-share-link-description av-no-toc '>Compartir esta noticia<\/h5><ul class='av-share-box-list noLightbox'><li class='av-share-link av-social-link-facebook' ><a target=\"_blank\" aria-label=\"Compartir en Facebook\" href='https:\/\/www.facebook.com\/sharer.php?u=https:\/\/radiorevelacionfm.cl\/?p=24090&#038;t=Autoridades%20regionales%20destacaron%20componente%20solidario%20en%20el%20proyecto%20de%20reforma%20al%20sistema%20de%20pensiones' aria-hidden='false' data-av_icon='\ue8f3' data-av_iconfont='entypo-fontello' title='' data-avia-related-tooltip='Compartir en Facebook' rel=\"noopener\"><span class='avia_hidden_link_text'>Compartir en Facebook<\/span><\/a><\/li><li class='av-share-link av-social-link-twitter' ><a target=\"_blank\" aria-label=\"Compartir en Twitter\" href='https:\/\/twitter.com\/share?text=Autoridades%20regionales%20destacaron%20componente%20solidario%20en%20el%20proyecto%20de%20reforma%20al%20sistema%20de%20pensiones&#038;url=https:\/\/radiorevelacionfm.cl\/?p=24090' aria-hidden='false' data-av_icon='\ue8f1' data-av_iconfont='entypo-fontello' title='' data-avia-related-tooltip='Compartir en Twitter' rel=\"noopener\"><span class='avia_hidden_link_text'>Compartir en Twitter<\/span><\/a><\/li><li class='av-share-link av-social-link-whatsapp' ><a target=\"_blank\" aria-label=\"Compartir en Whatsapp\" href='https:\/\/api.whatsapp.com\/send?text=https:\/\/radiorevelacionfm.cl\/?p=24090' aria-hidden='false' data-av_icon='\uf232' data-av_iconfont='entypo-fontello' title='' data-avia-related-tooltip='Compartir en Whatsapp' rel=\"noopener\"><span class='avia_hidden_link_text'>Compartir en Whatsapp<\/span><\/a><\/li><li class='av-share-link av-social-link-linkedin' ><a target=\"_blank\" aria-label=\"Compartir en LinkedIn\" href='https:\/\/linkedin.com\/shareArticle?mini=true&#038;title=Autoridades%20regionales%20destacaron%20componente%20solidario%20en%20el%20proyecto%20de%20reforma%20al%20sistema%20de%20pensiones&#038;url=https:\/\/radiorevelacionfm.cl\/?p=24090' aria-hidden='false' data-av_icon='\ue8fc' data-av_iconfont='entypo-fontello' title='' data-avia-related-tooltip='Compartir en LinkedIn' rel=\"noopener\"><span class='avia_hidden_link_text'>Compartir en LinkedIn<\/span><\/a><\/li><li class='av-share-link av-social-link-mail' ><a  aria-label=\"Compartir por correo\" href='mailto:?subject=Autoridades%20regionales%20destacaron%20componente%20solidario%20en%20el%20proyecto%20de%20reforma%20al%20sistema%20de%20pensiones&#038;body=https:\/\/radiorevelacionfm.cl\/?p=24090' aria-hidden='false' data-av_icon='\ue805' data-av_iconfont='entypo-fontello' title='' data-avia-related-tooltip='Compartir por correo'><span class='avia_hidden_link_text'>Compartir por correo<\/span><\/a><\/li><\/ul><\/div><\/div>\n<div  style='height:50px' class='hr hr-invisible   avia-builder-el-8  el_after_av_social_share  el_before_av_comments_list '><span class='hr-inner ' ><span class='hr-inner-style'><\/span><\/span><\/div>\n<div  class='av-buildercomment  av-blog-meta-html-info-disabled av-blog-meta-tag-disabled  '><\/div>\n","protected":false},"excerpt":{"rendered":"","protected":false},"author":1,"featured_media":24091,"comment_status":"open","ping_status":"open","sticky":false,"template":"","format":"standard","meta":{"footnotes":""},"categories":[56],"tags":[],"class_list":["post-24090","post","type-post","status-publish","format-standard","has-post-thumbnail","hentry","category-trabajo"],"jetpack_featured_media_url":"https:\/\/radiorevelacionfm.cl\/wp-content\/uploads\/2022\/11\/PtoPrensa_MejoresPensiones_Aysen-1-1.jpg","_links":{"self":[{"href":"https:\/\/radiorevelacionfm.cl\/index.php?rest_route=\/wp\/v2\/posts\/24090","targetHints":{"allow":["GET"]}}],"collection":[{"href":"https:\/\/radiorevelacionfm.cl\/index.php?rest_route=\/wp\/v2\/posts"}],"about":[{"href":"https:\/\/radiorevelacionfm.cl\/index.php?rest_route=\/wp\/v2\/types\/post"}],"author":[{"embeddable":true,"href":"https:\/\/radiorevelacionfm.cl\/index.php?rest_route=\/wp\/v2\/users\/1"}],"replies":[{"embeddable":true,"href":"https:\/\/radiorevelacionfm.cl\/index.php?rest_route=%2Fwp%2Fv2%2Fcomments&post=24090"}],"version-history":[{"count":2,"href":"https:\/\/radiorevelacionfm.cl\/index.php?rest_route=\/wp\/v2\/posts\/24090\/revisions"}],"predecessor-version":[{"id":24095,"href":"https:\/\/radiorevelacionfm.cl\/index.php?rest_route=\/wp\/v2\/posts\/24090\/revisions\/24095"}],"wp:featuredmedia":[{"embeddable":true,"href":"https:\/\/radiorevelacionfm.cl\/index.php?rest_route=\/wp\/v2\/media\/24091"}],"wp:attachment":[{"href":"https:\/\/radiorevelacionfm.cl\/index.php?rest_route=%2Fwp%2Fv2%2Fmedia&parent=24090"}],"wp:term":[{"taxonomy":"category","embeddable":true,"href":"https:\/\/radiorevelacionfm.cl\/index.php?rest_route=%2Fwp%2Fv2%2Fcategories&post=24090"},{"taxonomy":"post_tag","embeddable":true,"href":"https:\/\/radiorevelacionfm.cl\/index.php?rest_route=%2Fwp%2Fv2%2Ftags&post=24090"}],"curies":[{"name":"wp","href":"https:\/\/api.w.org\/{rel}","templated":true}]}}