{"id":24085,"date":"2022-11-11T18:16:20","date_gmt":"2022-11-11T21:16:20","guid":{"rendered":"https:\/\/radiorevelacionfm.cl\/?p=24085"},"modified":"2022-11-11T18:49:37","modified_gmt":"2022-11-11T21:49:37","slug":"aprueban-millonario-financiamiento-para-escuela-diferencial-despertar-de-puerto-aysen","status":"publish","type":"post","link":"https:\/\/radiorevelacionfm.cl\/?p=24085","title":{"rendered":"Aprueban millonario financiamiento para Escuela Diferencial Despertar de Puerto Ays\u00e9n"},"content":{"rendered":"<div class=\"flex_column av_one_full  flex_column_div av-zero-column-padding first  avia-builder-el-0  el_before_av_one_full  avia-builder-el-first  \" style='border-radius:0px; '><div  class='avia-image-container  av-styling-    avia-builder-el-1  avia-builder-el-no-sibling  avia-align-center '  itemprop=\"image\" itemscope=\"itemscope\" itemtype=\"https:\/\/schema.org\/ImageObject\"  ><div class='avia-image-container-inner'><div class='avia-image-overlay-wrap'><img decoding=\"async\" class='wp-image-24086 avia-img-lazy-loading-not-24086 avia_image' src=\"https:\/\/radiorevelacionfm.cl\/wp-content\/uploads\/2022\/11\/WhatsApp-Image-2022-11-11-at-2.40.37-PM-1-1.jpeg\" alt='' title='WhatsApp Image 2022-11-11 at 2.40.37 PM (1) (1)' height=\"600\" width=\"900\"  itemprop=\"thumbnailUrl\" srcset=\"https:\/\/radiorevelacionfm.cl\/wp-content\/uploads\/2022\/11\/WhatsApp-Image-2022-11-11-at-2.40.37-PM-1-1.jpeg 900w, https:\/\/radiorevelacionfm.cl\/wp-content\/uploads\/2022\/11\/WhatsApp-Image-2022-11-11-at-2.40.37-PM-1-1-300x200.jpeg 300w, https:\/\/radiorevelacionfm.cl\/wp-content\/uploads\/2022\/11\/WhatsApp-Image-2022-11-11-at-2.40.37-PM-1-1-768x512.jpeg 768w, https:\/\/radiorevelacionfm.cl\/wp-content\/uploads\/2022\/11\/WhatsApp-Image-2022-11-11-at-2.40.37-PM-1-1-705x470.jpeg 705w, https:\/\/radiorevelacionfm.cl\/wp-content\/uploads\/2022\/11\/WhatsApp-Image-2022-11-11-at-2.40.37-PM-1-1-600x400.jpeg 600w\" sizes=\"(max-width: 900px) 100vw, 900px\" \/><\/div><\/div><\/div><\/div>\n<div class=\"flex_column av_one_full  flex_column_div av-zero-column-padding first  avia-builder-el-2  el_after_av_one_full  el_before_av_one_full  column-top-margin\" style='border-radius:0px; '><section class=\"av_textblock_section \"  itemscope=\"itemscope\" itemtype=\"https:\/\/schema.org\/BlogPosting\" itemprop=\"blogPost\" ><div class='avia_textblock  '   itemprop=\"text\" ><p style=\"text-align: center;\"><strong><span style=\"font-size: 18pt;\">Aprueban millonario financiamiento para Escuela Diferencial Despertar de Puerto Ays\u00e9n<\/span><\/strong><\/p>\n<div id=\"gtx-trans\" style=\"position: absolute; left: -50px; top: 4.31534px;\">\n<div class=\"gtx-trans-icon\"><\/div>\n<\/div>\n<\/div><\/section><\/div><div class=\"flex_column av_one_full  flex_column_div av-zero-column-padding first  avia-builder-el-4  el_after_av_one_full  el_before_av_hr  column-top-margin\" style='border-radius:0px; '><section class=\"av_textblock_section \"  itemscope=\"itemscope\" itemtype=\"https:\/\/schema.org\/BlogPosting\" itemprop=\"blogPost\" ><div class='avia_textblock  '   itemprop=\"text\" ><p dir=\"ltr\" style=\"text-align: justify;\">Este viernes el pleno del Consejo Regional aprob\u00f3 el proyecto de financiamiento para la \u00abReposici\u00f3n de la Escuela Diferencial Despertar\u00bb, de la comuna de Ays\u00e9n, que otorga una transferencia de $5.884.970.000 para realizar mejoras en la instituci\u00f3n educacional.<\/p>\n<p dir=\"ltr\" style=\"text-align: justify;\">\u00abEste es un tremendo proyecto que est\u00e1bamos esperando hace muchos a\u00f1os, que tuvo un largo camino y que hoy d\u00eda se concreta, se materializa a trav\u00e9s de la aprobaci\u00f3n del financiamiento. Son m\u00e1s de cinco mil millones de pesos en una apuesta que hacemos por la educaci\u00f3n. Estamos convencidos de que este es el \u00fanico medio de transformaci\u00f3n social real posible\u00bb, se\u00f1al\u00f3 al respecto la Gobernadora Regional, Andrea Mac\u00edas Palma.<\/p>\n<p dir=\"ltr\" style=\"text-align: justify;\">Uno de los objetivos es otorgar una mejor calidad educacional y formativa a las alumnas y alumnos de la Escuela Despertar, de manera que cuenten con el apoyo necesario para poder desarrollar sus capacidades y aspirar a un mejor est\u00e1ndar de vida, tanto para ellos como para sus familias.<\/p>\n<p dir=\"ltr\" style=\"text-align: justify;\">Luego de la aprobaci\u00f3n en el Pleno, la directora del establecimiento, Claudia Retamal, valor\u00f3 la decisi\u00f3n del Consejo Regional. \u00abCreo que es lo que corresponde, creo que es el derecho para las personas para ni\u00f1os, ni\u00f1as y j\u00f3venes en situaci\u00f3n de discapacidad. Estamos muy felices como comunidad educativa\u00bb, sostuvo.<\/p>\n<p dir=\"ltr\" style=\"text-align: justify;\">Actualmente, la Escuela Diferencial Despertar cumple un rol muy importante para Ays\u00e9n, especialmente cuando los programas de integraci\u00f3n educacional no tienen la capacidad de atender a la totalidad de los estudiantes que solicitan estos beneficios. Adem\u00e1s, es el \u00fanico establecimiento de la comuna que atiende de manera exclusiva a alumnos y alumnas en situaci\u00f3n de discapacidad.<\/p>\n<p dir=\"ltr\" style=\"text-align: justify;\">En el \u00faltimo viaje de la Gobernadora Andrea Mac\u00edas junto a los Consejeros y Consejeras a la ciudad de Santiago, el ministro de Desarrollo Social, Giorgio Jackson, entreg\u00f3 la resoluci\u00f3n satisfactoria para que el proyecto se sumara a la tabla del Consejo Regional, para que este organismo pudiera finalmente aprobar el financiamiento.<\/p>\n<p dir=\"ltr\" style=\"text-align: justify;\">\u00abHa sido un camino largo desde el a\u00f1o 2018 nos ha tocado a trav\u00e9s de la Comisi\u00f3n Social, del per\u00edodo anterior y del actual, justamente llevar adelante lo que ha sido este proceso desde el Core, as\u00ed que, la verdad es que llegar hoy d\u00eda a aprobar los recursos, casi seis mil millones de pesos para la ejecuci\u00f3n de este proyecto para nosotros es algo muy, muy importante\u00bb, recalc\u00f3 el Consejero Sergio Gonz\u00e1lez, representante de la Provincia de Ays\u00e9n.<\/p>\n<p dir=\"ltr\" style=\"text-align: justify;\">Este establecimiento, que hoy recibe a un total de 75 estudiantes, fue fundado en 1983 y funciona en las dependencias que eran parte del Liceo Polit\u00e9cnico A-1, por lo que su infraestructura necesita mejoras, siendo necesario el proyecto de reposici\u00f3n.<\/p>\n<p dir=\"ltr\" style=\"text-align: justify;\">A la sesi\u00f3n del Pleno de este viernes, asisti\u00f3 uno de los 75 alumnos, Jaime Salas, quien tuvo emotivas palabras de cierre para los y las presentes. \u00abDecirles que hoy es un d\u00eda muy lindo, porque adem\u00e1s ayer estuve de cumplea\u00f1os. Ahora tengo veinticinco a\u00f1os y adem\u00e1s supongo que alg\u00fan d\u00eda la estructura cambiar\u00e1 y va a ser m\u00e1s grande, m\u00e1s linda, y que todos los alumnos van a estar felices\u00bb, dijo el joven.<\/p>\n<p dir=\"ltr\" style=\"text-align: justify;\">Luego de todo el trabajo administrativo, realizado en conjunto en este caso con la Municipalidad de Ays\u00e9n, el proyecto pasar\u00eda a fines de este a\u00f1o \u2014o a m\u00e1s tardar a comienzos de 2023\u2014 al proceso de licitaci\u00f3n de la obra.<\/p>\n<\/div><\/section><\/div><\/p>\n<div  style='height:50px' class='hr hr-invisible   avia-builder-el-6  el_after_av_one_full  el_before_av_social_share '><span class='hr-inner ' ><span class='hr-inner-style'><\/span><\/span><\/div>\n<div  class='av-social-sharing-box  avia-builder-el-7  el_after_av_hr  el_before_av_hr  '><div class='av-share-box'><h5 class='av-share-link-description av-no-toc '>Compartir esta noticia<\/h5><ul class='av-share-box-list noLightbox'><li class='av-share-link av-social-link-facebook' ><a target=\"_blank\" aria-label=\"Compartir en Facebook\" href='https:\/\/www.facebook.com\/sharer.php?u=https:\/\/radiorevelacionfm.cl\/?p=24085&#038;t=Aprueban%20millonario%20financiamiento%20para%20Escuela%20Diferencial%20Despertar%20de%20Puerto%20Ays%C3%A9n' aria-hidden='false' data-av_icon='\ue8f3' data-av_iconfont='entypo-fontello' title='' data-avia-related-tooltip='Compartir en Facebook' rel=\"noopener\"><span class='avia_hidden_link_text'>Compartir en Facebook<\/span><\/a><\/li><li class='av-share-link av-social-link-twitter' ><a target=\"_blank\" aria-label=\"Compartir en Twitter\" href='https:\/\/twitter.com\/share?text=Aprueban%20millonario%20financiamiento%20para%20Escuela%20Diferencial%20Despertar%20de%20Puerto%20Ays%C3%A9n&#038;url=https:\/\/radiorevelacionfm.cl\/?p=24085' aria-hidden='false' data-av_icon='\ue8f1' data-av_iconfont='entypo-fontello' title='' data-avia-related-tooltip='Compartir en Twitter' rel=\"noopener\"><span class='avia_hidden_link_text'>Compartir en Twitter<\/span><\/a><\/li><li class='av-share-link av-social-link-whatsapp' ><a target=\"_blank\" aria-label=\"Compartir en Whatsapp\" href='https:\/\/api.whatsapp.com\/send?text=https:\/\/radiorevelacionfm.cl\/?p=24085' aria-hidden='false' data-av_icon='\uf232' data-av_iconfont='entypo-fontello' title='' data-avia-related-tooltip='Compartir en Whatsapp' rel=\"noopener\"><span class='avia_hidden_link_text'>Compartir en Whatsapp<\/span><\/a><\/li><li class='av-share-link av-social-link-linkedin' ><a target=\"_blank\" aria-label=\"Compartir en LinkedIn\" href='https:\/\/linkedin.com\/shareArticle?mini=true&#038;title=Aprueban%20millonario%20financiamiento%20para%20Escuela%20Diferencial%20Despertar%20de%20Puerto%20Ays%C3%A9n&#038;url=https:\/\/radiorevelacionfm.cl\/?p=24085' aria-hidden='false' data-av_icon='\ue8fc' data-av_iconfont='entypo-fontello' title='' data-avia-related-tooltip='Compartir en LinkedIn' rel=\"noopener\"><span class='avia_hidden_link_text'>Compartir en LinkedIn<\/span><\/a><\/li><li class='av-share-link av-social-link-mail' ><a  aria-label=\"Compartir por correo\" href='mailto:?subject=Aprueban%20millonario%20financiamiento%20para%20Escuela%20Diferencial%20Despertar%20de%20Puerto%20Ays%C3%A9n&#038;body=https:\/\/radiorevelacionfm.cl\/?p=24085' aria-hidden='false' data-av_icon='\ue805' data-av_iconfont='entypo-fontello' title='' data-avia-related-tooltip='Compartir por correo'><span class='avia_hidden_link_text'>Compartir por correo<\/span><\/a><\/li><\/ul><\/div><\/div>\n<div  style='height:50px' class='hr hr-invisible   avia-builder-el-8  el_after_av_social_share  el_before_av_comments_list '><span class='hr-inner ' ><span class='hr-inner-style'><\/span><\/span><\/div>\n<div  class='av-buildercomment  av-blog-meta-html-info-disabled av-blog-meta-tag-disabled  '><\/div>\n","protected":false},"excerpt":{"rendered":"","protected":false},"author":1,"featured_media":24086,"comment_status":"open","ping_status":"open","sticky":false,"template":"","format":"standard","meta":{"footnotes":""},"categories":[38],"tags":[],"class_list":["post-24085","post","type-post","status-publish","format-standard","has-post-thumbnail","hentry","category-regional"],"jetpack_featured_media_url":"https:\/\/radiorevelacionfm.cl\/wp-content\/uploads\/2022\/11\/WhatsApp-Image-2022-11-11-at-2.40.37-PM-1-1.jpeg","_links":{"self":[{"href":"https:\/\/radiorevelacionfm.cl\/index.php?rest_route=\/wp\/v2\/posts\/24085","targetHints":{"allow":["GET"]}}],"collection":[{"href":"https:\/\/radiorevelacionfm.cl\/index.php?rest_route=\/wp\/v2\/posts"}],"about":[{"href":"https:\/\/radiorevelacionfm.cl\/index.php?rest_route=\/wp\/v2\/types\/post"}],"author":[{"embeddable":true,"href":"https:\/\/radiorevelacionfm.cl\/index.php?rest_route=\/wp\/v2\/users\/1"}],"replies":[{"embeddable":true,"href":"https:\/\/radiorevelacionfm.cl\/index.php?rest_route=%2Fwp%2Fv2%2Fcomments&post=24085"}],"version-history":[{"count":3,"href":"https:\/\/radiorevelacionfm.cl\/index.php?rest_route=\/wp\/v2\/posts\/24085\/revisions"}],"predecessor-version":[{"id":24088,"href":"https:\/\/radiorevelacionfm.cl\/index.php?rest_route=\/wp\/v2\/posts\/24085\/revisions\/24088"}],"wp:featuredmedia":[{"embeddable":true,"href":"https:\/\/radiorevelacionfm.cl\/index.php?rest_route=\/wp\/v2\/media\/24086"}],"wp:attachment":[{"href":"https:\/\/radiorevelacionfm.cl\/index.php?rest_route=%2Fwp%2Fv2%2Fmedia&parent=24085"}],"wp:term":[{"taxonomy":"category","embeddable":true,"href":"https:\/\/radiorevelacionfm.cl\/index.php?rest_route=%2Fwp%2Fv2%2Fcategories&post=24085"},{"taxonomy":"post_tag","embeddable":true,"href":"https:\/\/radiorevelacionfm.cl\/index.php?rest_route=%2Fwp%2Fv2%2Ftags&post=24085"}],"curies":[{"name":"wp","href":"https:\/\/api.w.org\/{rel}","templated":true}]}}