{"id":24082,"date":"2022-11-12T11:04:43","date_gmt":"2022-11-12T14:04:43","guid":{"rendered":"https:\/\/radiorevelacionfm.cl\/?p=24082"},"modified":"2022-11-12T11:04:43","modified_gmt":"2022-11-12T14:04:43","slug":"cerca-de-300-jovenes-asistieron-a-la-segunda-jornada-puertas-abiertas-admision-uaysen","status":"publish","type":"post","link":"https:\/\/radiorevelacionfm.cl\/?p=24082","title":{"rendered":"Cerca de 300 j\u00f3venes asistieron a la segunda Jornada Puertas Abiertas Admisi\u00f3n UAys\u00e9n"},"content":{"rendered":"<div class=\"flex_column av_one_full  flex_column_div av-zero-column-padding first  avia-builder-el-0  el_before_av_one_full  avia-builder-el-first  \" style='border-radius:0px; '><div  class='avia-image-container  av-styling-    avia-builder-el-1  avia-builder-el-no-sibling  avia-align-center '  itemprop=\"image\" itemscope=\"itemscope\" itemtype=\"https:\/\/schema.org\/ImageObject\"  ><div class='avia-image-container-inner'><div class='avia-image-overlay-wrap'><img decoding=\"async\" class='wp-image-24083 avia-img-lazy-loading-not-24083 avia_image' src=\"https:\/\/radiorevelacionfm.cl\/wp-content\/uploads\/2022\/11\/jornada-puertas-abiertas-nov-1_optimized-1.jpeg\" alt='' title='jornada-puertas-abiertas-nov-(1)_optimized (1)' height=\"600\" width=\"1066\"  itemprop=\"thumbnailUrl\" srcset=\"https:\/\/radiorevelacionfm.cl\/wp-content\/uploads\/2022\/11\/jornada-puertas-abiertas-nov-1_optimized-1.jpeg 1066w, https:\/\/radiorevelacionfm.cl\/wp-content\/uploads\/2022\/11\/jornada-puertas-abiertas-nov-1_optimized-1-300x169.jpeg 300w, https:\/\/radiorevelacionfm.cl\/wp-content\/uploads\/2022\/11\/jornada-puertas-abiertas-nov-1_optimized-1-1030x580.jpeg 1030w, https:\/\/radiorevelacionfm.cl\/wp-content\/uploads\/2022\/11\/jornada-puertas-abiertas-nov-1_optimized-1-768x432.jpeg 768w, https:\/\/radiorevelacionfm.cl\/wp-content\/uploads\/2022\/11\/jornada-puertas-abiertas-nov-1_optimized-1-705x397.jpeg 705w, https:\/\/radiorevelacionfm.cl\/wp-content\/uploads\/2022\/11\/jornada-puertas-abiertas-nov-1_optimized-1-600x338.jpeg 600w\" sizes=\"(max-width: 1066px) 100vw, 1066px\" \/><\/div><\/div><\/div><\/div><div class=\"flex_column av_one_full  flex_column_div av-zero-column-padding first  avia-builder-el-2  el_after_av_one_full  el_before_av_one_full  column-top-margin\" style='border-radius:0px; '><section class=\"av_textblock_section \"  itemscope=\"itemscope\" itemtype=\"https:\/\/schema.org\/BlogPosting\" itemprop=\"blogPost\" ><div class='avia_textblock  '   itemprop=\"text\" ><p class=\"v1MsoNormal\" style=\"text-align: center;\" align=\"center\"><span style=\"font-size: 18pt;\"><b>Cerca de 300 j\u00f3venes asistieron a la segunda\u00a0<\/b><b>Jornada Puertas Abiertas Admisi\u00f3n UAys\u00e9n<\/b><\/span><\/p>\n<div id=\"gtx-trans\" style=\"position: absolute; left: -50px; top: 4.31534px;\">\n<div class=\"gtx-trans-icon\"><\/div>\n<\/div>\n<\/div><\/section><\/div><div class=\"flex_column av_one_full  flex_column_div av-zero-column-padding first  avia-builder-el-4  el_after_av_one_full  el_before_av_hr  column-top-margin\" style='border-radius:0px; '><section class=\"av_textblock_section \"  itemscope=\"itemscope\" itemtype=\"https:\/\/schema.org\/BlogPosting\" itemprop=\"blogPost\" ><div class='avia_textblock  '   itemprop=\"text\" ><div>\n<p class=\"v1gmail-MsoListParagraphCxSpFirst\" style=\"text-align: justify;\">La casa de estudios regional abri\u00f3 las dependencias del Campus R\u00edo Simpson ubicado en Obispo Vielmo 62 recibiendo comunidades educativas de seis liceos y colegios para difundir la oferta de pregrado, v\u00edas de acceso y las becas y beneficios que brinda la Universidad de Ays\u00e9n.<\/p>\n<p class=\"v1gmail-MsoListParagraphCxSpLast\" style=\"text-align: justify;\">A finales de noviembre cientos de j\u00f3venes rendir\u00e1n la Prueba de Acceso a la Educaci\u00f3n Superior (PAES) acerc\u00e1ndose cada vez m\u00e1s al proceso de Admisi\u00f3n 2023. Es este contexto \u00a0y con la finalidad de entregar la mayor cantidad de informaci\u00f3n para que los\/as j\u00f3venes de la regi\u00f3n puedan acceder a la educaci\u00f3n superior la casa de estudios realiz\u00f3 el mi\u00e9rcoles 9 de noviembre la segunda Jornada Puertas Abiertas Admisi\u00f3n UAys\u00e9n.<\/p>\n<p class=\"v1MsoNormal\" style=\"text-align: justify;\">A la mencionada actividad asistieron aproximadamente 300 personas, mayoritariamente estudiantes de ense\u00f1anza media, no obstante tambi\u00e9n la casa de estudios recibi\u00f3 la visita de egresados\/as, padres, apoderados y docentes.<\/p>\n<p class=\"v1MsoNormal\" style=\"text-align: justify;\">Seg\u00fan lo informado por Y\u00e9sica Olivero, profesional de Admisi\u00f3n de la Universidad de Ays\u00e9n, asistieron delegaciones de seis establecimientos educacionales provenientes de Coyhaique y Cerro Castillo el\u00a0<span lang=\"ES\">Centro de Estudios Patagonia, Liceo Juan Pablo II, Colegio Antoine de Saint Exupery, Liceo San Felipe Benicio, Liceo Josefina Aguirre Montenegro y el Liceo Villa Cerro Castillo. \u00abBueno la verdad es que tenemos un balance muy exitoso, recibimos varios liceos de Coyhaique y tambi\u00e9n estudiantes de Puerto Ays\u00e9n y Villa Cerro Castillo as\u00ed que ha sido una jornada positiva en la que los asistentes pudieron conocer todas nuestras carreras de mano de nuestros estudiantes. Tambi\u00e9n estuvimos con el encargado de becas y beneficios y estuvo el equipo de acompa\u00f1amiento acad\u00e9mico y admisi\u00f3n, entre otros\u00bb, especific\u00f3 la profesional.<\/span><\/p>\n<p class=\"v1MsoNormal\" style=\"text-align: justify;\">Cabe se\u00f1alar que la actividad, realizada por la Universidad de Ays\u00e9n desde el a\u00f1o 2017, cont\u00f3 con stands por cada una de las ocho carreras que impartir\u00e1 la casa de estudios estatal el pr\u00f3ximo a\u00f1o los que fueron atendidos por los propios estudiantes de la Universidad Ays\u00e9n, adem\u00e1s de informaci\u00f3n sobre becas, beneficios, acompa\u00f1amiento acad\u00e9mico, talleres extraprogram\u00e1ticos y\u00a0 sobre las posibilidades de movilidad estudiantil con las que cuenta la Universidad de Ays\u00e9n, as\u00ed como tambi\u00e9n informaci\u00f3n sobre las v\u00edas de acceso para ingresar a formarse en la UAys\u00e9n.<\/p>\n<p class=\"v1MsoNormal\" style=\"text-align: justify;\">En la oportunidad, Mar\u00eda Bel\u00e9n V\u00e9liz, profesora de Ciencias Naturales y jefa de UTP del Centro de Estudios Patagonia \u00a0de Coyhaique, relev\u00f3 la actividad ejecutada por la UAys\u00e9n. \u00abBueno para nosotros esta actividad es s\u00faper importante porque estamos tratando de enfocar la educaci\u00f3n en la que nosotros nos especializamos que es de j\u00f3venes para que no solamente ellos egresen de su cuarto medio, sino que sigan estudiando. Entonces todas estas instancias nos ayudan mucho para que ellos puedan tener la visi\u00f3n de seguir estudiando despu\u00e9s de que egresen. A nuestros estudiantes les gusta mucho esta actividad, que vengamos al campus, porque alguno de ellos no tienen el alcance de lo que es seguir estudiando entonces da la oportunidad de conocer las cosas que ofrece Universidad de Ays\u00e9n, sobre todo esta universidad \u00a0que tanta falta le hac\u00eda a la regi\u00f3n. Es importante para ellos y para nosotros darle la opci\u00f3n y darle la oportunidad y los conocimientos \u00a0para que ellos puedan seguir estudiando en la universidad que es del Estado y que tiene el prestigio que tiene la Universidad Ays\u00e9n\u00bb, enfatiz\u00f3 la docente.<\/p>\n<p class=\"v1MsoNormal\" style=\"text-align: justify;\">Por su parte, Sami Soto \u00c1lvarez, estudiante del Liceo Josefina Aguirre Montenegro manifest\u00f3 que \u00abesta actividad me pareci\u00f3 s\u00faper interesante y s\u00faper motivadora, ya que uno puede preguntar sobre sus intereses y m\u00e1s nosotros que somos un liceo t\u00e9cnico que tenemos como una base y tenemos m\u00e1s o menos pensado lo que queremos hacer. Entonces me pareci\u00f3 s\u00faper bueno, estuve conversando harto con los monitores que estaban mostrando sus carreras y fue s\u00faper interesante, nos contaban por ejemplo c\u00f3mo se distribuyen los a\u00f1os, los semestres, cu\u00e1l era m\u00e1s dif\u00edcil, qu\u00e9 es mejor estudiar cuando uno sale del cuarto porque es importante la continuidad estudios y cuando uno tiene esa motivaci\u00f3n, entonces hay que aprovechar esa motivaci\u00f3n, se\u00f1al\u00f3 la estudiante.<\/p>\n<p class=\"v1MsoNormal\" style=\"text-align: justify;\">Finalmente, Natalia Cant\u00edn, estudiante de tercer a\u00f1o de psicolog\u00eda de la Universidad de Ays\u00e9n, explic\u00f3 su rol en esta instancia. \u00abBueno yo trabajo en admisi\u00f3n de la universidad y me toc\u00f3 guiar a los alumnos en todo lo que hay dentro de la universidad como desarrollo estudiantil, becas, beneficios y mostrando los stands donde est\u00e1n mis compa\u00f1eros. Yo creo que fue una jornada s\u00faper bonita en donde muchos colegios que no hab\u00edan venido pudieron conocer la universidad y un poco m\u00e1s de lo que es esta instituci\u00f3n, adem\u00e1s que pudieron venir no solo estudiantes de cuarto medio si no tambi\u00e9n se abri\u00f3 a otros cursos lo que es bueno porque van un poco a la sociedad de lo que es la universidad\u00bb, manifest\u00f3.<\/p>\n<\/div>\n<div style=\"text-align: justify;\"><\/div>\n<\/div><\/section><\/div><div  style='height:50px' class='hr hr-invisible   avia-builder-el-6  el_after_av_one_full  el_before_av_social_share '><span class='hr-inner ' ><span class='hr-inner-style'><\/span><\/span><\/div><\/p>\n<div  class='av-social-sharing-box  avia-builder-el-7  el_after_av_hr  el_before_av_hr  '><div class='av-share-box'><h5 class='av-share-link-description av-no-toc '>Compartir esta noticia<\/h5><ul class='av-share-box-list noLightbox'><li class='av-share-link av-social-link-facebook' ><a target=\"_blank\" aria-label=\"Compartir en Facebook\" href='https:\/\/www.facebook.com\/sharer.php?u=https:\/\/radiorevelacionfm.cl\/?p=24082&#038;t=Cerca%20de%20300%20j%C3%B3venes%20asistieron%20a%20la%20segunda%20Jornada%20Puertas%20Abiertas%20Admisi%C3%B3n%20UAys%C3%A9n' aria-hidden='false' data-av_icon='\ue8f3' data-av_iconfont='entypo-fontello' title='' data-avia-related-tooltip='Compartir en Facebook' rel=\"noopener\"><span class='avia_hidden_link_text'>Compartir en Facebook<\/span><\/a><\/li><li class='av-share-link av-social-link-twitter' ><a target=\"_blank\" aria-label=\"Compartir en Twitter\" href='https:\/\/twitter.com\/share?text=Cerca%20de%20300%20j%C3%B3venes%20asistieron%20a%20la%20segunda%20Jornada%20Puertas%20Abiertas%20Admisi%C3%B3n%20UAys%C3%A9n&#038;url=https:\/\/radiorevelacionfm.cl\/?p=24082' aria-hidden='false' data-av_icon='\ue8f1' data-av_iconfont='entypo-fontello' title='' data-avia-related-tooltip='Compartir en Twitter' rel=\"noopener\"><span class='avia_hidden_link_text'>Compartir en Twitter<\/span><\/a><\/li><li class='av-share-link av-social-link-whatsapp' ><a target=\"_blank\" aria-label=\"Compartir en Whatsapp\" href='https:\/\/api.whatsapp.com\/send?text=https:\/\/radiorevelacionfm.cl\/?p=24082' aria-hidden='false' data-av_icon='\uf232' data-av_iconfont='entypo-fontello' title='' data-avia-related-tooltip='Compartir en Whatsapp' rel=\"noopener\"><span class='avia_hidden_link_text'>Compartir en Whatsapp<\/span><\/a><\/li><li class='av-share-link av-social-link-linkedin' ><a target=\"_blank\" aria-label=\"Compartir en LinkedIn\" href='https:\/\/linkedin.com\/shareArticle?mini=true&#038;title=Cerca%20de%20300%20j%C3%B3venes%20asistieron%20a%20la%20segunda%20Jornada%20Puertas%20Abiertas%20Admisi%C3%B3n%20UAys%C3%A9n&#038;url=https:\/\/radiorevelacionfm.cl\/?p=24082' aria-hidden='false' data-av_icon='\ue8fc' data-av_iconfont='entypo-fontello' title='' data-avia-related-tooltip='Compartir en LinkedIn' rel=\"noopener\"><span class='avia_hidden_link_text'>Compartir en LinkedIn<\/span><\/a><\/li><li class='av-share-link av-social-link-mail' ><a  aria-label=\"Compartir por correo\" href='mailto:?subject=Cerca%20de%20300%20j%C3%B3venes%20asistieron%20a%20la%20segunda%20Jornada%20Puertas%20Abiertas%20Admisi%C3%B3n%20UAys%C3%A9n&#038;body=https:\/\/radiorevelacionfm.cl\/?p=24082' aria-hidden='false' data-av_icon='\ue805' data-av_iconfont='entypo-fontello' title='' data-avia-related-tooltip='Compartir por correo'><span class='avia_hidden_link_text'>Compartir por correo<\/span><\/a><\/li><\/ul><\/div><\/div>\n<div  style='height:50px' class='hr hr-invisible   avia-builder-el-8  el_after_av_social_share  el_before_av_comments_list '><span class='hr-inner ' ><span class='hr-inner-style'><\/span><\/span><\/div>\n<div  class='av-buildercomment  av-blog-meta-html-info-disabled av-blog-meta-tag-disabled  '><\/div>\n","protected":false},"excerpt":{"rendered":"","protected":false},"author":1,"featured_media":24083,"comment_status":"open","ping_status":"open","sticky":false,"template":"","format":"standard","meta":{"footnotes":""},"categories":[49],"tags":[],"class_list":["post-24082","post","type-post","status-publish","format-standard","has-post-thumbnail","hentry","category-educacion"],"jetpack_featured_media_url":"https:\/\/radiorevelacionfm.cl\/wp-content\/uploads\/2022\/11\/jornada-puertas-abiertas-nov-1_optimized-1.jpeg","_links":{"self":[{"href":"https:\/\/radiorevelacionfm.cl\/index.php?rest_route=\/wp\/v2\/posts\/24082","targetHints":{"allow":["GET"]}}],"collection":[{"href":"https:\/\/radiorevelacionfm.cl\/index.php?rest_route=\/wp\/v2\/posts"}],"about":[{"href":"https:\/\/radiorevelacionfm.cl\/index.php?rest_route=\/wp\/v2\/types\/post"}],"author":[{"embeddable":true,"href":"https:\/\/radiorevelacionfm.cl\/index.php?rest_route=\/wp\/v2\/users\/1"}],"replies":[{"embeddable":true,"href":"https:\/\/radiorevelacionfm.cl\/index.php?rest_route=%2Fwp%2Fv2%2Fcomments&post=24082"}],"version-history":[{"count":2,"href":"https:\/\/radiorevelacionfm.cl\/index.php?rest_route=\/wp\/v2\/posts\/24082\/revisions"}],"predecessor-version":[{"id":24094,"href":"https:\/\/radiorevelacionfm.cl\/index.php?rest_route=\/wp\/v2\/posts\/24082\/revisions\/24094"}],"wp:featuredmedia":[{"embeddable":true,"href":"https:\/\/radiorevelacionfm.cl\/index.php?rest_route=\/wp\/v2\/media\/24083"}],"wp:attachment":[{"href":"https:\/\/radiorevelacionfm.cl\/index.php?rest_route=%2Fwp%2Fv2%2Fmedia&parent=24082"}],"wp:term":[{"taxonomy":"category","embeddable":true,"href":"https:\/\/radiorevelacionfm.cl\/index.php?rest_route=%2Fwp%2Fv2%2Fcategories&post=24082"},{"taxonomy":"post_tag","embeddable":true,"href":"https:\/\/radiorevelacionfm.cl\/index.php?rest_route=%2Fwp%2Fv2%2Ftags&post=24082"}],"curies":[{"name":"wp","href":"https:\/\/api.w.org\/{rel}","templated":true}]}}