{"id":24078,"date":"2022-11-11T17:00:19","date_gmt":"2022-11-11T20:00:19","guid":{"rendered":"https:\/\/radiorevelacionfm.cl\/?p=24078"},"modified":"2022-12-01T21:57:44","modified_gmt":"2022-12-02T00:57:44","slug":"inequidad-laboral-femenina-como-romper-la-tendencia","status":"publish","type":"post","link":"https:\/\/radiorevelacionfm.cl\/?p=24078","title":{"rendered":"Inequidad laboral femenina \u00bfc\u00f3mo romper la tendencia?"},"content":{"rendered":"<div class=\"flex_column av_one_full  flex_column_div av-zero-column-padding first  avia-builder-el-0  el_before_av_one_full  avia-builder-el-first  \" style='border-radius:0px; '><div  class='avia-image-container  av-styling-    avia-builder-el-1  avia-builder-el-no-sibling  avia-align-center '  itemprop=\"image\" itemscope=\"itemscope\" itemtype=\"https:\/\/schema.org\/ImageObject\"  ><div class='avia-image-container-inner'><div class='avia-image-overlay-wrap'><img decoding=\"async\" class='wp-image-24079 avia-img-lazy-loading-not-24079 avia_image' src=\"https:\/\/radiorevelacionfm.cl\/wp-content\/uploads\/2022\/11\/Catalina-Maluk-1-1.jpg\" alt='' title='Catalina Maluk (1) (1)' height=\"600\" width=\"761\"  itemprop=\"thumbnailUrl\" srcset=\"https:\/\/radiorevelacionfm.cl\/wp-content\/uploads\/2022\/11\/Catalina-Maluk-1-1.jpg 761w, https:\/\/radiorevelacionfm.cl\/wp-content\/uploads\/2022\/11\/Catalina-Maluk-1-1-300x237.jpg 300w, https:\/\/radiorevelacionfm.cl\/wp-content\/uploads\/2022\/11\/Catalina-Maluk-1-1-705x556.jpg 705w, https:\/\/radiorevelacionfm.cl\/wp-content\/uploads\/2022\/11\/Catalina-Maluk-1-1-600x473.jpg 600w\" sizes=\"(max-width: 761px) 100vw, 761px\" \/><\/div><\/div><\/div><\/div><div class=\"flex_column av_one_full  flex_column_div av-zero-column-padding first  avia-builder-el-2  el_after_av_one_full  el_before_av_one_full  column-top-margin\" style='border-radius:0px; '><section class=\"av_textblock_section \"  itemscope=\"itemscope\" itemtype=\"https:\/\/schema.org\/BlogPosting\" itemprop=\"blogPost\" ><div class='avia_textblock  '   itemprop=\"text\" ><p style=\"text-align: center;\"><span style=\"font-size: 18pt;\"><strong>Inequidad laboral femenina \u00bfc\u00f3mo romper la tendencia?<\/strong><\/span><\/p>\n<div id=\"gtx-trans\" style=\"position: absolute; left: -50px; top: 4.31534px;\">\n<div class=\"gtx-trans-icon\"><\/div>\n<\/div>\n<\/div><\/section><\/div><div class=\"flex_column av_one_full  flex_column_div av-zero-column-padding first  avia-builder-el-4  el_after_av_one_full  el_before_av_hr  column-top-margin\" style='border-radius:0px; '><section class=\"av_textblock_section \"  itemscope=\"itemscope\" itemtype=\"https:\/\/schema.org\/BlogPosting\" itemprop=\"blogPost\" ><div class='avia_textblock  '   itemprop=\"text\" ><p style=\"text-align: justify;\">Al interior de las familias chilenas, ocho de cada 10 hogares son liderados por mujeres -lo que se denomina la feminizaci\u00f3n de la pobreza- y aun cuando en los \u00faltimos a\u00f1os se han empezado a notar peque\u00f1os cambios en t\u00e9rminos de inserci\u00f3n laboral femenina, estos no han sido tan significativos ni con la velocidad que se requiere para avanzar hacia una mayor equidad laboral.<\/p>\n<p style=\"text-align: justify;\">Un reciente estudio realizado por ADDECO (empresa dedicada a la contrataci\u00f3n de personas para distintas empresas), destinado a identificar la relaci\u00f3n de mujeres versus hombres en todos los \u00e1mbitos laborales, demostr\u00f3 que se mantiene la mayor concentraci\u00f3n de mujeres particularmente en sectores como servicios, y una baja participaci\u00f3n en directorios, lo cual es realmente preocupante.<\/p>\n<p style=\"text-align: justify;\">Lo anterior, da cuenta, adem\u00e1s, que se mantiene la inequidad laboral femenina, persisten significativas brechas salariales y contin\u00faan siendo muy pocas las mujeres que alcanzan cargos directivos.<\/p>\n<p style=\"text-align: justify;\">Si bien de este an\u00e1lisis se puede desprender que hay un castigo a la maternidad en Chile y por tanto, para postular a cargos directivos las mujeres deben finalmente renunciar a ella o postergarla, lo cierto es que para revertir la tendencia y aumentar el porcentaje de mujeres en directorios empresariales, no basta con pol\u00edticas p\u00fablicas ni con acciones determinadas que realice la empresa privada. Este es un tema donde muchos actores tienen que ponerse de acuerdo para generar un cambio real y donde la voluntad y la educaci\u00f3n juegan un rol fundamental.<\/p>\n<p>Catalina Maluk Abusleme. Directora Escuela de Econom\u00eda y Negocios UCEN<\/p>\n<\/div><\/section><\/div><div  style='height:50px' class='hr hr-invisible   avia-builder-el-6  el_after_av_one_full  el_before_av_social_share '><span class='hr-inner ' ><span class='hr-inner-style'><\/span><\/span><\/div><\/p>\n<div  class='av-social-sharing-box  avia-builder-el-7  el_after_av_hr  el_before_av_hr  '><div class='av-share-box'><h5 class='av-share-link-description av-no-toc '>Compartir esta noticia<\/h5><ul class='av-share-box-list noLightbox'><li class='av-share-link av-social-link-facebook' ><a target=\"_blank\" aria-label=\"Compartir en Facebook\" href='https:\/\/www.facebook.com\/sharer.php?u=https:\/\/radiorevelacionfm.cl\/?p=24078&#038;t=Inequidad%20laboral%20femenina%20%C2%BFc%C3%B3mo%20romper%20la%20tendencia%3F' aria-hidden='false' data-av_icon='\ue8f3' data-av_iconfont='entypo-fontello' title='' data-avia-related-tooltip='Compartir en Facebook' rel=\"noopener\"><span class='avia_hidden_link_text'>Compartir en Facebook<\/span><\/a><\/li><li class='av-share-link av-social-link-twitter' ><a target=\"_blank\" aria-label=\"Compartir en Twitter\" href='https:\/\/twitter.com\/share?text=Inequidad%20laboral%20femenina%20%C2%BFc%C3%B3mo%20romper%20la%20tendencia%3F&#038;url=https:\/\/radiorevelacionfm.cl\/?p=24078' aria-hidden='false' data-av_icon='\ue8f1' data-av_iconfont='entypo-fontello' title='' data-avia-related-tooltip='Compartir en Twitter' rel=\"noopener\"><span class='avia_hidden_link_text'>Compartir en Twitter<\/span><\/a><\/li><li class='av-share-link av-social-link-whatsapp' ><a target=\"_blank\" aria-label=\"Compartir en Whatsapp\" href='https:\/\/api.whatsapp.com\/send?text=https:\/\/radiorevelacionfm.cl\/?p=24078' aria-hidden='false' data-av_icon='\uf232' data-av_iconfont='entypo-fontello' title='' data-avia-related-tooltip='Compartir en Whatsapp' rel=\"noopener\"><span class='avia_hidden_link_text'>Compartir en Whatsapp<\/span><\/a><\/li><li class='av-share-link av-social-link-linkedin' ><a target=\"_blank\" aria-label=\"Compartir en LinkedIn\" href='https:\/\/linkedin.com\/shareArticle?mini=true&#038;title=Inequidad%20laboral%20femenina%20%C2%BFc%C3%B3mo%20romper%20la%20tendencia%3F&#038;url=https:\/\/radiorevelacionfm.cl\/?p=24078' aria-hidden='false' data-av_icon='\ue8fc' data-av_iconfont='entypo-fontello' title='' data-avia-related-tooltip='Compartir en LinkedIn' rel=\"noopener\"><span class='avia_hidden_link_text'>Compartir en LinkedIn<\/span><\/a><\/li><li class='av-share-link av-social-link-mail' ><a  aria-label=\"Compartir por correo\" href='mailto:?subject=Inequidad%20laboral%20femenina%20%C2%BFc%C3%B3mo%20romper%20la%20tendencia%3F&#038;body=https:\/\/radiorevelacionfm.cl\/?p=24078' aria-hidden='false' data-av_icon='\ue805' data-av_iconfont='entypo-fontello' title='' data-avia-related-tooltip='Compartir por correo'><span class='avia_hidden_link_text'>Compartir por correo<\/span><\/a><\/li><\/ul><\/div><\/div>\n<div  style='height:50px' class='hr hr-invisible   avia-builder-el-8  el_after_av_social_share  el_before_av_comments_list '><span class='hr-inner ' ><span class='hr-inner-style'><\/span><\/span><\/div>\n<div  class='av-buildercomment  av-blog-meta-html-info-disabled av-blog-meta-tag-disabled  '><\/div>\n","protected":false},"excerpt":{"rendered":"","protected":false},"author":1,"featured_media":24079,"comment_status":"open","ping_status":"open","sticky":false,"template":"","format":"standard","meta":{"footnotes":""},"categories":[63],"tags":[],"class_list":["post-24078","post","type-post","status-publish","format-standard","has-post-thumbnail","hentry","category-mujer-y-genero"],"jetpack_featured_media_url":"https:\/\/radiorevelacionfm.cl\/wp-content\/uploads\/2022\/11\/Catalina-Maluk-1-1.jpg","_links":{"self":[{"href":"https:\/\/radiorevelacionfm.cl\/index.php?rest_route=\/wp\/v2\/posts\/24078","targetHints":{"allow":["GET"]}}],"collection":[{"href":"https:\/\/radiorevelacionfm.cl\/index.php?rest_route=\/wp\/v2\/posts"}],"about":[{"href":"https:\/\/radiorevelacionfm.cl\/index.php?rest_route=\/wp\/v2\/types\/post"}],"author":[{"embeddable":true,"href":"https:\/\/radiorevelacionfm.cl\/index.php?rest_route=\/wp\/v2\/users\/1"}],"replies":[{"embeddable":true,"href":"https:\/\/radiorevelacionfm.cl\/index.php?rest_route=%2Fwp%2Fv2%2Fcomments&post=24078"}],"version-history":[{"count":2,"href":"https:\/\/radiorevelacionfm.cl\/index.php?rest_route=\/wp\/v2\/posts\/24078\/revisions"}],"predecessor-version":[{"id":24927,"href":"https:\/\/radiorevelacionfm.cl\/index.php?rest_route=\/wp\/v2\/posts\/24078\/revisions\/24927"}],"wp:featuredmedia":[{"embeddable":true,"href":"https:\/\/radiorevelacionfm.cl\/index.php?rest_route=\/wp\/v2\/media\/24079"}],"wp:attachment":[{"href":"https:\/\/radiorevelacionfm.cl\/index.php?rest_route=%2Fwp%2Fv2%2Fmedia&parent=24078"}],"wp:term":[{"taxonomy":"category","embeddable":true,"href":"https:\/\/radiorevelacionfm.cl\/index.php?rest_route=%2Fwp%2Fv2%2Fcategories&post=24078"},{"taxonomy":"post_tag","embeddable":true,"href":"https:\/\/radiorevelacionfm.cl\/index.php?rest_route=%2Fwp%2Fv2%2Ftags&post=24078"}],"curies":[{"name":"wp","href":"https:\/\/api.w.org\/{rel}","templated":true}]}}