{"id":24074,"date":"2022-11-11T16:28:37","date_gmt":"2022-11-11T19:28:37","guid":{"rendered":"https:\/\/radiorevelacionfm.cl\/?p=24074"},"modified":"2022-11-11T16:28:37","modified_gmt":"2022-11-11T19:28:37","slug":"pdi-recupera-instrumentos-musicales-sustraidos-desde-establecimiento-educacional-en-puerto-aysen","status":"publish","type":"post","link":"https:\/\/radiorevelacionfm.cl\/?p=24074","title":{"rendered":"PDI recupera instrumentos musicales sustra\u00eddos desde establecimiento educacional en Puerto Ays\u00e9n"},"content":{"rendered":"<div class=\"flex_column av_one_full  flex_column_div av-zero-column-padding first  avia-builder-el-0  el_before_av_one_full  avia-builder-el-first  \" style='border-radius:0px; '><div  class='avia-image-container  av-styling-    avia-builder-el-1  avia-builder-el-no-sibling  avia-align-center '  itemprop=\"image\" itemscope=\"itemscope\" itemtype=\"https:\/\/schema.org\/ImageObject\"  ><div class='avia-image-container-inner'><div class='avia-image-overlay-wrap'><img decoding=\"async\" class='wp-image-24075 avia-img-lazy-loading-not-24075 avia_image' src=\"https:\/\/radiorevelacionfm.cl\/wp-content\/uploads\/2022\/11\/recuperacion-2-1-1.jpeg\" alt='' title='recuperaci\u00f3n 2 (1) (1)' height=\"600\" width=\"1067\"  itemprop=\"thumbnailUrl\" srcset=\"https:\/\/radiorevelacionfm.cl\/wp-content\/uploads\/2022\/11\/recuperacion-2-1-1.jpeg 1067w, https:\/\/radiorevelacionfm.cl\/wp-content\/uploads\/2022\/11\/recuperacion-2-1-1-300x169.jpeg 300w, https:\/\/radiorevelacionfm.cl\/wp-content\/uploads\/2022\/11\/recuperacion-2-1-1-1030x579.jpeg 1030w, https:\/\/radiorevelacionfm.cl\/wp-content\/uploads\/2022\/11\/recuperacion-2-1-1-768x432.jpeg 768w, https:\/\/radiorevelacionfm.cl\/wp-content\/uploads\/2022\/11\/recuperacion-2-1-1-705x396.jpeg 705w, https:\/\/radiorevelacionfm.cl\/wp-content\/uploads\/2022\/11\/recuperacion-2-1-1-600x337.jpeg 600w\" sizes=\"(max-width: 1067px) 100vw, 1067px\" \/><\/div><\/div><\/div><\/div><div class=\"flex_column av_one_full  flex_column_div av-zero-column-padding first  avia-builder-el-2  el_after_av_one_full  el_before_av_one_full  column-top-margin\" style='border-radius:0px; '><section class=\"av_textblock_section \"  itemscope=\"itemscope\" itemtype=\"https:\/\/schema.org\/BlogPosting\" itemprop=\"blogPost\" ><div class='avia_textblock  '   itemprop=\"text\" ><p style=\"text-align: center;\"><span style=\"font-size: 18pt;\"><strong>PDI recupera instrumentos musicales sustra\u00eddos desde establecimiento educacional en Puerto Ays\u00e9n<\/strong><\/span><\/p>\n<div id=\"gtx-trans\" style=\"position: absolute; left: -50px; top: 4.31534px;\">\n<div class=\"gtx-trans-icon\"><\/div>\n<\/div>\n<\/div><\/section><\/div><div class=\"flex_column av_one_full  flex_column_div av-zero-column-padding first  avia-builder-el-4  el_after_av_one_full  el_before_av_hr  column-top-margin\" style='border-radius:0px; '><section class=\"av_textblock_section \"  itemscope=\"itemscope\" itemtype=\"https:\/\/schema.org\/BlogPosting\" itemprop=\"blogPost\" ><div class='avia_textblock  '   itemprop=\"text\" ><p style=\"text-align: justify;\">Detectives de la Brigada de Investigaci\u00f3n Criminal (BICRIM) Ays\u00e9n de la Polic\u00eda de Investigaciones de Chile, durante la noche del pasado martes recuperaron diversos instrumentos musicales que hab\u00edan sido sustra\u00eddos desde un establecimiento educacional de la comuna de Ays\u00e9n durante el \u00faltimo fin de semana largo, hechos que fueron denunciados por el delito de robo en lugar no habitado durante la semana pasada en el Complejo Policial Ays\u00e9n de la PDI.<\/p>\n<p style=\"text-align: justify;\">Al respecto, el prefecto Eduardo Charpentier jefe de la BICRIM Ays\u00e9n, se\u00f1al\u00f3 que \u201cla semana pasada la Polic\u00eda de Investigaciones acogi\u00f3 una denuncia por el delito de robo en lugar no habitado que afect\u00f3 a un establecimiento educacional de esta comuna\u201d.<\/p>\n<p style=\"text-align: justify;\">Tras las primeras diligencias desarrolladas por los detectives, y \u201cde acuerdo al trabajo desarrollado en el sitio del suceso y an\u00e1lisis de las c\u00e1maras de seguridad, se logr\u00f3 establecer que un sujeto de sexo masculino habr\u00eda ingresado al recinto para sustraer desde la sala de m\u00fasica diversos accesorios, implementos e instrumentos musicales que fueron avaluados en quinientos mil pesos por su denunciante\u201d, agreg\u00f3 el prefecto Eduardo Charpentier.<\/p>\n<p style=\"text-align: justify;\">As\u00ed, en base a las primeras diligencias y una orden de investigar verbal instruida por la Fiscal\u00eda Local de Ays\u00e9n, \u201cluego de diversas diligencias investigativas sustentadas en el trabajo de an\u00e1lisis criminal, los detectives lograron dar con el paradero de todas las especies denunciadas que fueron ubicadas en un domicilio de la ciudad de Ays\u00e9n, procediendo a la detenci\u00f3n de un sujeto por el delito flagrante de receptaci\u00f3n\u201d, puntualiz\u00f3 el jefe de la Brigada de Investigaci\u00f3n Criminal Ays\u00e9n.<\/p>\n<p style=\"text-align: justify;\">\u201cTodos los antecedentes fueron informados al fiscal de turno, quien dispuso la libertad del imputado, previo apercibimiento al art\u00edculo N\u00b026 del C\u00f3digo Procesal Penal, y que fuese entregado a sus padres\u201d, indic\u00f3 el detective de la BICRIM Ays\u00e9n.<\/p>\n<p style=\"text-align: justify;\">Finalmente, el prefecto Eduardo Charpentier detall\u00f3 que \u201cpor instrucci\u00f3n de la Fiscal\u00eda las especies recuperadas fueron devueltas a su denunciante y se contin\u00faa con el proceso investigativo para poder esclarecer este il\u00edcito junto al Ministerio P\u00fablico\u201d, destacando la importancia de la denuncia de todos aquellos hechos que revisten car\u00e1cter de delito, \u201crealizamos un llamado a la ciudadan\u00eda a denunciar de manera oportuna los diferentes il\u00edcitos, ya que nos permitir\u00e1 obtener este tipo de resultados investigativos en coordinaci\u00f3n con la Fiscal\u00eda\u201d.<\/p>\n<\/div><\/section><\/div><div  style='height:50px' class='hr hr-invisible   avia-builder-el-6  el_after_av_one_full  el_before_av_social_share '><span class='hr-inner ' ><span class='hr-inner-style'><\/span><\/span><\/div><\/p>\n<div  class='av-social-sharing-box  avia-builder-el-7  el_after_av_hr  el_before_av_hr  '><div class='av-share-box'><h5 class='av-share-link-description av-no-toc '>Compartir esta noticia<\/h5><ul class='av-share-box-list noLightbox'><li class='av-share-link av-social-link-facebook' ><a target=\"_blank\" aria-label=\"Compartir en Facebook\" href='https:\/\/www.facebook.com\/sharer.php?u=https:\/\/radiorevelacionfm.cl\/?p=24074&#038;t=PDI%20recupera%20instrumentos%20musicales%20sustra%C3%ADdos%20desde%20establecimiento%20educacional%20en%20Puerto%20Ays%C3%A9n' aria-hidden='false' data-av_icon='\ue8f3' data-av_iconfont='entypo-fontello' title='' data-avia-related-tooltip='Compartir en Facebook' rel=\"noopener\"><span class='avia_hidden_link_text'>Compartir en Facebook<\/span><\/a><\/li><li class='av-share-link av-social-link-twitter' ><a target=\"_blank\" aria-label=\"Compartir en Twitter\" href='https:\/\/twitter.com\/share?text=PDI%20recupera%20instrumentos%20musicales%20sustra%C3%ADdos%20desde%20establecimiento%20educacional%20en%20Puerto%20Ays%C3%A9n&#038;url=https:\/\/radiorevelacionfm.cl\/?p=24074' aria-hidden='false' data-av_icon='\ue8f1' data-av_iconfont='entypo-fontello' title='' data-avia-related-tooltip='Compartir en Twitter' rel=\"noopener\"><span class='avia_hidden_link_text'>Compartir en Twitter<\/span><\/a><\/li><li class='av-share-link av-social-link-whatsapp' ><a target=\"_blank\" aria-label=\"Compartir en Whatsapp\" href='https:\/\/api.whatsapp.com\/send?text=https:\/\/radiorevelacionfm.cl\/?p=24074' aria-hidden='false' data-av_icon='\uf232' data-av_iconfont='entypo-fontello' title='' data-avia-related-tooltip='Compartir en Whatsapp' rel=\"noopener\"><span class='avia_hidden_link_text'>Compartir en Whatsapp<\/span><\/a><\/li><li class='av-share-link av-social-link-linkedin' ><a target=\"_blank\" aria-label=\"Compartir en LinkedIn\" href='https:\/\/linkedin.com\/shareArticle?mini=true&#038;title=PDI%20recupera%20instrumentos%20musicales%20sustra%C3%ADdos%20desde%20establecimiento%20educacional%20en%20Puerto%20Ays%C3%A9n&#038;url=https:\/\/radiorevelacionfm.cl\/?p=24074' aria-hidden='false' data-av_icon='\ue8fc' data-av_iconfont='entypo-fontello' title='' data-avia-related-tooltip='Compartir en LinkedIn' rel=\"noopener\"><span class='avia_hidden_link_text'>Compartir en LinkedIn<\/span><\/a><\/li><li class='av-share-link av-social-link-mail' ><a  aria-label=\"Compartir por correo\" href='mailto:?subject=PDI%20recupera%20instrumentos%20musicales%20sustra%C3%ADdos%20desde%20establecimiento%20educacional%20en%20Puerto%20Ays%C3%A9n&#038;body=https:\/\/radiorevelacionfm.cl\/?p=24074' aria-hidden='false' data-av_icon='\ue805' data-av_iconfont='entypo-fontello' title='' data-avia-related-tooltip='Compartir por correo'><span class='avia_hidden_link_text'>Compartir por correo<\/span><\/a><\/li><\/ul><\/div><\/div>\n<div  style='height:50px' class='hr hr-invisible   avia-builder-el-8  el_after_av_social_share  el_before_av_comments_list '><span class='hr-inner ' ><span class='hr-inner-style'><\/span><\/span><\/div>\n<div  class='av-buildercomment  av-blog-meta-html-info-disabled av-blog-meta-tag-disabled  '><\/div>\n","protected":false},"excerpt":{"rendered":"","protected":false},"author":1,"featured_media":24075,"comment_status":"open","ping_status":"open","sticky":false,"template":"","format":"standard","meta":{"footnotes":""},"categories":[36],"tags":[],"class_list":["post-24074","post","type-post","status-publish","format-standard","has-post-thumbnail","hentry","category-policial"],"jetpack_featured_media_url":"https:\/\/radiorevelacionfm.cl\/wp-content\/uploads\/2022\/11\/recuperacion-2-1-1.jpeg","_links":{"self":[{"href":"https:\/\/radiorevelacionfm.cl\/index.php?rest_route=\/wp\/v2\/posts\/24074","targetHints":{"allow":["GET"]}}],"collection":[{"href":"https:\/\/radiorevelacionfm.cl\/index.php?rest_route=\/wp\/v2\/posts"}],"about":[{"href":"https:\/\/radiorevelacionfm.cl\/index.php?rest_route=\/wp\/v2\/types\/post"}],"author":[{"embeddable":true,"href":"https:\/\/radiorevelacionfm.cl\/index.php?rest_route=\/wp\/v2\/users\/1"}],"replies":[{"embeddable":true,"href":"https:\/\/radiorevelacionfm.cl\/index.php?rest_route=%2Fwp%2Fv2%2Fcomments&post=24074"}],"version-history":[{"count":2,"href":"https:\/\/radiorevelacionfm.cl\/index.php?rest_route=\/wp\/v2\/posts\/24074\/revisions"}],"predecessor-version":[{"id":24077,"href":"https:\/\/radiorevelacionfm.cl\/index.php?rest_route=\/wp\/v2\/posts\/24074\/revisions\/24077"}],"wp:featuredmedia":[{"embeddable":true,"href":"https:\/\/radiorevelacionfm.cl\/index.php?rest_route=\/wp\/v2\/media\/24075"}],"wp:attachment":[{"href":"https:\/\/radiorevelacionfm.cl\/index.php?rest_route=%2Fwp%2Fv2%2Fmedia&parent=24074"}],"wp:term":[{"taxonomy":"category","embeddable":true,"href":"https:\/\/radiorevelacionfm.cl\/index.php?rest_route=%2Fwp%2Fv2%2Fcategories&post=24074"},{"taxonomy":"post_tag","embeddable":true,"href":"https:\/\/radiorevelacionfm.cl\/index.php?rest_route=%2Fwp%2Fv2%2Ftags&post=24074"}],"curies":[{"name":"wp","href":"https:\/\/api.w.org\/{rel}","templated":true}]}}