{"id":24069,"date":"2022-11-12T10:57:02","date_gmt":"2022-11-12T13:57:02","guid":{"rendered":"https:\/\/radiorevelacionfm.cl\/?p=24069"},"modified":"2022-11-12T10:57:02","modified_gmt":"2022-11-12T13:57:02","slug":"revolucion-democratica-respalda-gestion-del-seremi-mop-aysen-ante-cuestionamientos","status":"publish","type":"post","link":"https:\/\/radiorevelacionfm.cl\/?p=24069","title":{"rendered":"Revoluci\u00f3n Democr\u00e1tica respalda gesti\u00f3n del Seremi MOP Ays\u00e9n ante cuestionamientos"},"content":{"rendered":"<div class=\"flex_column av_one_full  flex_column_div av-zero-column-padding first  avia-builder-el-0  el_before_av_one_full  avia-builder-el-first  \" style='border-radius:0px; '><div  class='avia-image-container  av-styling-    avia-builder-el-1  avia-builder-el-no-sibling  avia-align-center '  itemprop=\"image\" itemscope=\"itemscope\" itemtype=\"https:\/\/schema.org\/ImageObject\"  ><div class='avia-image-container-inner'><div class='avia-image-overlay-wrap'><img decoding=\"async\" class='wp-image-24070 avia-img-lazy-loading-not-24070 avia_image' src=\"https:\/\/radiorevelacionfm.cl\/wp-content\/uploads\/2022\/11\/MOP-scaled-1-1.jpg\" alt='' title='MOP-scaled (1) (1)' height=\"600\" width=\"1001\"  itemprop=\"thumbnailUrl\" srcset=\"https:\/\/radiorevelacionfm.cl\/wp-content\/uploads\/2022\/11\/MOP-scaled-1-1.jpg 1001w, https:\/\/radiorevelacionfm.cl\/wp-content\/uploads\/2022\/11\/MOP-scaled-1-1-300x180.jpg 300w, https:\/\/radiorevelacionfm.cl\/wp-content\/uploads\/2022\/11\/MOP-scaled-1-1-768x460.jpg 768w, https:\/\/radiorevelacionfm.cl\/wp-content\/uploads\/2022\/11\/MOP-scaled-1-1-705x423.jpg 705w, https:\/\/radiorevelacionfm.cl\/wp-content\/uploads\/2022\/11\/MOP-scaled-1-1-600x360.jpg 600w\" sizes=\"(max-width: 1001px) 100vw, 1001px\" \/><\/div><\/div><\/div><\/div><div class=\"flex_column av_one_full  flex_column_div av-zero-column-padding first  avia-builder-el-2  el_after_av_one_full  el_before_av_one_full  column-top-margin\" style='border-radius:0px; '><section class=\"av_textblock_section \"  itemscope=\"itemscope\" itemtype=\"https:\/\/schema.org\/BlogPosting\" itemprop=\"blogPost\" ><div class='avia_textblock  '   itemprop=\"text\" ><p style=\"text-align: center;\"><strong><span style=\"font-size: 18pt;\">Revoluci\u00f3n Democr\u00e1tica respalda gesti\u00f3n del Seremi MOP Ays\u00e9n ante cuestionamientos<\/span><\/strong><\/p>\n<div id=\"gtx-trans\" style=\"position: absolute; left: -50px; top: 4.31534px;\">\n<div class=\"gtx-trans-icon\"><\/div>\n<\/div>\n<\/div><\/section><\/div><div class=\"flex_column av_one_full  flex_column_div av-zero-column-padding first  avia-builder-el-4  el_after_av_one_full  el_before_av_hr  column-top-margin\" style='border-radius:0px; '><section class=\"av_textblock_section \"  itemscope=\"itemscope\" itemtype=\"https:\/\/schema.org\/BlogPosting\" itemprop=\"blogPost\" ><div class='avia_textblock  '   itemprop=\"text\" ><p style=\"text-align: justify;\">En respuesta a las declaraciones de algunos consejeros regionales de las provincias de Capit\u00e1n Prat y General Carrera, la Directiva del partido de Gobierno manifest\u00f3 su apoyo a la labor de la autoridad sectorial.<\/p>\n<p style=\"text-align: justify;\">Sorprenden las declaraciones emitidas por algunos consejeros regionales UDI y DC, Lilian Inostroza, V\u00edctor Escobar, Paulina Hern\u00e1ndez y Jorge Abello, entorno a la labor desarrollada por el Seremi del MOP Patricio Sanhueza, ya que es conocido por la comunidad regional el gran trabajo que ha desarrollado el equipo liderado por el militante de RD, para soluci\u00f3n de forma coordinada y constante a las distintas tem\u00e1ticas relacionadas con la conectividad de la regi\u00f3n de Ays\u00e9n.<\/p>\n<p style=\"text-align: justify;\">Es de conocimiento p\u00fablico que la problem\u00e1tica de conectividad de la regi\u00f3n es una situaci\u00f3n estructural en la que ha trabajado cada uno de los gobiernos anteriores, cuyas soluciones no son inmediatas, sin embargo, el Gobierno del Presidente Boric, desde el primer d\u00eda de mandato, de forma in\u00e9dita, ha generado un programa de trabajo que ha incluido la participaci\u00f3n intersectorial con la visita y compromiso de autoridades nacionales, como lo fue la visita del subsecretario de Transportes el 26 de abril pasado, constando la firma de protocolo de colaboraci\u00f3n y el anuncio de un Plan de Conectividad por parte del Ministro del MOP.<\/p>\n<p style=\"text-align: justify;\">Lo anterior con exposiciones permanentes a las comunidades y autoridades regionales, entre ellas, el d\u00eda 4 de noviembre, el seremi Sanhueza, asisti\u00f3 al CORE a exponer en la Comisi\u00f3n de Infraestructura y Transporte el trabajo desarrollado. Como compromiso, la instancia regional complementar\u00eda formalmente sus aportes.<\/p>\n<p style=\"text-align: justify;\">El presidente regional de RD, Camil Sorhaburu, realiz\u00f3 un llamado a los consejeros regionales UDI y DC de las provincias antes se\u00f1aladas, para que en lugar de pedir \u00abpasos al costado\u00bb, atribuci\u00f3n que no est\u00e1 dentro de sus competencias, se sumen a proponer soluciones, emitiendo sus aportes de forma colegiada, ya que este tipo de expresiones pol\u00edticas, hechas para socavar al gobierno, en nada contribuyen a seguir realizando un trabajo serio y mancomunado para dar soluci\u00f3n a los problemas de conectividad las familias de la regi\u00f3n y de las provincias que representan.<\/p>\n<\/div><\/section><\/div><div  style='height:50px' class='hr hr-invisible   avia-builder-el-6  el_after_av_one_full  el_before_av_social_share '><span class='hr-inner ' ><span class='hr-inner-style'><\/span><\/span><\/div><\/p>\n<div  class='av-social-sharing-box  avia-builder-el-7  el_after_av_hr  el_before_av_hr  '><div class='av-share-box'><h5 class='av-share-link-description av-no-toc '>Compartir esta noticia<\/h5><ul class='av-share-box-list noLightbox'><li class='av-share-link av-social-link-facebook' ><a target=\"_blank\" aria-label=\"Compartir en Facebook\" href='https:\/\/www.facebook.com\/sharer.php?u=https:\/\/radiorevelacionfm.cl\/?p=24069&#038;t=Revoluci%C3%B3n%20Democr%C3%A1tica%20respalda%20gesti%C3%B3n%20del%20Seremi%20MOP%20Ays%C3%A9n%20ante%20cuestionamientos' aria-hidden='false' data-av_icon='\ue8f3' data-av_iconfont='entypo-fontello' title='' data-avia-related-tooltip='Compartir en Facebook' rel=\"noopener\"><span class='avia_hidden_link_text'>Compartir en Facebook<\/span><\/a><\/li><li class='av-share-link av-social-link-twitter' ><a target=\"_blank\" aria-label=\"Compartir en Twitter\" href='https:\/\/twitter.com\/share?text=Revoluci%C3%B3n%20Democr%C3%A1tica%20respalda%20gesti%C3%B3n%20del%20Seremi%20MOP%20Ays%C3%A9n%20ante%20cuestionamientos&#038;url=https:\/\/radiorevelacionfm.cl\/?p=24069' aria-hidden='false' data-av_icon='\ue8f1' data-av_iconfont='entypo-fontello' title='' data-avia-related-tooltip='Compartir en Twitter' rel=\"noopener\"><span class='avia_hidden_link_text'>Compartir en Twitter<\/span><\/a><\/li><li class='av-share-link av-social-link-whatsapp' ><a target=\"_blank\" aria-label=\"Compartir en Whatsapp\" href='https:\/\/api.whatsapp.com\/send?text=https:\/\/radiorevelacionfm.cl\/?p=24069' aria-hidden='false' data-av_icon='\uf232' data-av_iconfont='entypo-fontello' title='' data-avia-related-tooltip='Compartir en Whatsapp' rel=\"noopener\"><span class='avia_hidden_link_text'>Compartir en Whatsapp<\/span><\/a><\/li><li class='av-share-link av-social-link-linkedin' ><a target=\"_blank\" aria-label=\"Compartir en LinkedIn\" href='https:\/\/linkedin.com\/shareArticle?mini=true&#038;title=Revoluci%C3%B3n%20Democr%C3%A1tica%20respalda%20gesti%C3%B3n%20del%20Seremi%20MOP%20Ays%C3%A9n%20ante%20cuestionamientos&#038;url=https:\/\/radiorevelacionfm.cl\/?p=24069' aria-hidden='false' data-av_icon='\ue8fc' data-av_iconfont='entypo-fontello' title='' data-avia-related-tooltip='Compartir en LinkedIn' rel=\"noopener\"><span class='avia_hidden_link_text'>Compartir en LinkedIn<\/span><\/a><\/li><li class='av-share-link av-social-link-mail' ><a  aria-label=\"Compartir por correo\" href='mailto:?subject=Revoluci%C3%B3n%20Democr%C3%A1tica%20respalda%20gesti%C3%B3n%20del%20Seremi%20MOP%20Ays%C3%A9n%20ante%20cuestionamientos&#038;body=https:\/\/radiorevelacionfm.cl\/?p=24069' aria-hidden='false' data-av_icon='\ue805' data-av_iconfont='entypo-fontello' title='' data-avia-related-tooltip='Compartir por correo'><span class='avia_hidden_link_text'>Compartir por correo<\/span><\/a><\/li><\/ul><\/div><\/div>\n<div  style='height:50px' class='hr hr-invisible   avia-builder-el-8  el_after_av_social_share  el_before_av_comments_list '><span class='hr-inner ' ><span class='hr-inner-style'><\/span><\/span><\/div>\n<div  class='av-buildercomment  av-blog-meta-html-info-disabled av-blog-meta-tag-disabled  '><\/div>\n","protected":false},"excerpt":{"rendered":"","protected":false},"author":1,"featured_media":24070,"comment_status":"open","ping_status":"open","sticky":false,"template":"","format":"standard","meta":{"footnotes":""},"categories":[35],"tags":[],"class_list":["post-24069","post","type-post","status-publish","format-standard","has-post-thumbnail","hentry","category-politica"],"jetpack_featured_media_url":"https:\/\/radiorevelacionfm.cl\/wp-content\/uploads\/2022\/11\/MOP-scaled-1-1.jpg","_links":{"self":[{"href":"https:\/\/radiorevelacionfm.cl\/index.php?rest_route=\/wp\/v2\/posts\/24069","targetHints":{"allow":["GET"]}}],"collection":[{"href":"https:\/\/radiorevelacionfm.cl\/index.php?rest_route=\/wp\/v2\/posts"}],"about":[{"href":"https:\/\/radiorevelacionfm.cl\/index.php?rest_route=\/wp\/v2\/types\/post"}],"author":[{"embeddable":true,"href":"https:\/\/radiorevelacionfm.cl\/index.php?rest_route=\/wp\/v2\/users\/1"}],"replies":[{"embeddable":true,"href":"https:\/\/radiorevelacionfm.cl\/index.php?rest_route=%2Fwp%2Fv2%2Fcomments&post=24069"}],"version-history":[{"count":2,"href":"https:\/\/radiorevelacionfm.cl\/index.php?rest_route=\/wp\/v2\/posts\/24069\/revisions"}],"predecessor-version":[{"id":24093,"href":"https:\/\/radiorevelacionfm.cl\/index.php?rest_route=\/wp\/v2\/posts\/24069\/revisions\/24093"}],"wp:featuredmedia":[{"embeddable":true,"href":"https:\/\/radiorevelacionfm.cl\/index.php?rest_route=\/wp\/v2\/media\/24070"}],"wp:attachment":[{"href":"https:\/\/radiorevelacionfm.cl\/index.php?rest_route=%2Fwp%2Fv2%2Fmedia&parent=24069"}],"wp:term":[{"taxonomy":"category","embeddable":true,"href":"https:\/\/radiorevelacionfm.cl\/index.php?rest_route=%2Fwp%2Fv2%2Fcategories&post=24069"},{"taxonomy":"post_tag","embeddable":true,"href":"https:\/\/radiorevelacionfm.cl\/index.php?rest_route=%2Fwp%2Fv2%2Ftags&post=24069"}],"curies":[{"name":"wp","href":"https:\/\/api.w.org\/{rel}","templated":true}]}}