{"id":24056,"date":"2022-11-11T15:02:53","date_gmt":"2022-11-11T18:02:53","guid":{"rendered":"https:\/\/radiorevelacionfm.cl\/?p=24056"},"modified":"2022-11-11T15:02:53","modified_gmt":"2022-11-11T18:02:53","slug":"sernapesca-informa-inicio-de-temporada-general-de-pesca-recreativa-en-aguas-continentales","status":"publish","type":"post","link":"https:\/\/radiorevelacionfm.cl\/?p=24056","title":{"rendered":"Sernapesca informa inicio de temporada general de pesca recreativa en aguas continentales"},"content":{"rendered":"<div class=\"flex_column av_one_full  flex_column_div av-zero-column-padding first  avia-builder-el-0  el_before_av_one_full  avia-builder-el-first  \" style='border-radius:0px; '><div  class='avia-image-container  av-styling-    avia-builder-el-1  avia-builder-el-no-sibling  avia-align-center '  itemprop=\"image\" itemscope=\"itemscope\" itemtype=\"https:\/\/schema.org\/ImageObject\"  ><div class='avia-image-container-inner'><div class='avia-image-overlay-wrap'><img decoding=\"async\" class='wp-image-22774 avia-img-lazy-loading-not-22774 avia_image' src=\"https:\/\/radiorevelacionfm.cl\/wp-content\/uploads\/2022\/10\/1-2022-10-07T154301.135-1-1.jpg\" alt='' title='1 - 2022-10-07T154301.135 (1) (1)' height=\"600\" width=\"1067\"  itemprop=\"thumbnailUrl\" srcset=\"https:\/\/radiorevelacionfm.cl\/wp-content\/uploads\/2022\/10\/1-2022-10-07T154301.135-1-1.jpg 1067w, https:\/\/radiorevelacionfm.cl\/wp-content\/uploads\/2022\/10\/1-2022-10-07T154301.135-1-1-300x169.jpg 300w, https:\/\/radiorevelacionfm.cl\/wp-content\/uploads\/2022\/10\/1-2022-10-07T154301.135-1-1-1030x579.jpg 1030w, https:\/\/radiorevelacionfm.cl\/wp-content\/uploads\/2022\/10\/1-2022-10-07T154301.135-1-1-768x432.jpg 768w, https:\/\/radiorevelacionfm.cl\/wp-content\/uploads\/2022\/10\/1-2022-10-07T154301.135-1-1-705x396.jpg 705w, https:\/\/radiorevelacionfm.cl\/wp-content\/uploads\/2022\/10\/1-2022-10-07T154301.135-1-1-600x337.jpg 600w\" sizes=\"(max-width: 1067px) 100vw, 1067px\" \/><\/div><\/div><\/div><\/div><div class=\"flex_column av_one_full  flex_column_div av-zero-column-padding first  avia-builder-el-2  el_after_av_one_full  el_before_av_one_full  column-top-margin\" style='border-radius:0px; '><section class=\"av_textblock_section \"  itemscope=\"itemscope\" itemtype=\"https:\/\/schema.org\/BlogPosting\" itemprop=\"blogPost\" ><div class='avia_textblock  '   itemprop=\"text\" ><p style=\"text-align: center;\"><strong><span style=\"font-size: 18pt;\">Sernapesca informa inicio de temporada general de pesca recreativa en aguas continentales<\/span><\/strong><\/p>\n<div id=\"gtx-trans\" style=\"position: absolute; left: -50px; top: 4.31534px;\">\n<div class=\"gtx-trans-icon\"><\/div>\n<\/div>\n<\/div><\/section><\/div><div class=\"flex_column av_one_full  flex_column_div av-zero-column-padding first  avia-builder-el-4  el_after_av_one_full  el_before_av_hr  column-top-margin\" style='border-radius:0px; '><section class=\"av_textblock_section \"  itemscope=\"itemscope\" itemtype=\"https:\/\/schema.org\/BlogPosting\" itemprop=\"blogPost\" ><div class='avia_textblock  '   itemprop=\"text\" ><p style=\"font-weight: 400;\">A contar del viernes 11 de noviembre los pescadores y pescadoras recreativas podr\u00e1n practicar esta actividad en todas las regiones del pa\u00eds, pues se termina la veda de especies salmonideas que est\u00e1n presentes en r\u00edos, lagos y lagunas.<\/p>\n<p style=\"font-weight: 400; text-align: justify;\">Durante la veda biol\u00f3gica de las especies salmonideas y en el marco del Programa Especial de Aguas Continentales, Sernapesca reforz\u00f3 las acciones de fiscalizaci\u00f3n en los cuerpos de aguas continentales con el fin de resguardar la sustentabilidad de la pesca recreativa y proteger el turismo, una de las principales actividades econ\u00f3micas que se desarrollan en torno a esta actividad, especialmente en el sur del pa\u00eds, desde La Araucan\u00eda a Magallanes.<\/p>\n<p style=\"font-weight: 400; text-align: justify;\">Desde las diferentes direcciones regionales de Sernapesca, los equipos fiscalizadores continuar\u00e1n con la vigilancia durante la temporada de pesca recreativa para velar por el cumplimiento de la normativa vigente. Realizar\u00e1n acciones como verificar el porte obligatorio de licencia de pesca recreativa (digital o impresa) durante la actividad, el uso de aparejos de tipo personal permitidos, el respeto del l\u00edmite m\u00e1ximo de captura por pescador, o que se cumpla la actividad de pesca con devoluci\u00f3n en aquellos cursos o cuerpos de agua que as\u00ed lo estipulen con el prop\u00f3sito de deporte, turismo o entretenci\u00f3n.<\/p>\n<p style=\"font-weight: 400; text-align: justify;\">Al igual que en el \u00e1mbito de la fiscalizaci\u00f3n pesquera extractiva, Sernapesca aplica el modelo de riesgos e inteligencia para abordar la pesca ilegal en aguas continentales. \u201cLos esfuerzos de la fiscalizaci\u00f3n est\u00e1n en aquellos agentes que operan regularmente en zonas de pesca identificadas, y que usan redes o elementos no autorizados en r\u00edos o lagos con el fin de extraer especies de manera masiva y que se comercializan clandestinamente\u201d, sostuvo Fernando Naranjo, Director Nacional (s) de Sernapesca.<\/p>\n<p style=\"font-weight: 400; text-align: justify;\">Adicionalmente para esta temporada, Sernapesca tambi\u00e9n realizar\u00e1 difusi\u00f3n del protocolo de desinfecci\u00f3n de Didymo, microalga que afecta los cursos de aguay altera el ecosistema. Remover, lavar y secar todos los aparejos de pesca, botes, remos, botas, trajes de agua, ruedas de veh\u00edculos o carros, etc. con una soluci\u00f3n de agua con lavalozas al 5%, es lo que indica el protocolo que todos deben realizar.<\/p>\n<p style=\"font-weight: 400; text-align: justify;\">El Director Nacional (s) de Sernapesca invit\u00f3 a la comunidad a practicar esta actividad con responsabilidad y para eso llam\u00f3 a informarse la normativa que la regula. \u201cEsperamos que esta nueva temporada de pesca recreativa sea una temporada activa y que se realice con respeto al entorno natural, revisando las medidas de administraci\u00f3n de cada cuenca, informaci\u00f3n que pueden encontrar en nuestra p\u00e1gina web, y en nuestras redes sociales disponibles en las diferentes plataformas\u201d agreg\u00f3 Naranjo.<\/p>\n<p style=\"font-weight: 400; text-align: justify;\">Para adquirir la licencia que le permita efectuar la actividad, se encuentra habilitado en el sitio web de Sernapesca\u00a0<a href=\"https:\/\/pescarecreativa.sernapesca.cl\/\" data-saferedirecturl=\"https:\/\/www.google.com\/url?q=https:\/\/pescarecreativa.sernapesca.cl\/&amp;source=gmail&amp;ust=1668265319224000&amp;usg=AOvVaw1jveeEmnZDnyihSbbe15I9\">https:\/\/pescarecreativa.sernapesca.cl\/<\/a><\/p>\n<p style=\"font-weight: 400; text-align: justify;\">Las personas interesadas podr\u00e1n realizar el pago y descargar la licencia. Tambi\u00e9n pueden adquirir las licencias de manera presencial en las oficinas de Sernapesca.<\/p>\n<\/div><\/section><\/div><div  style='height:50px' class='hr hr-invisible   avia-builder-el-6  el_after_av_one_full  el_before_av_social_share '><span class='hr-inner ' ><span class='hr-inner-style'><\/span><\/span><\/div><\/p>\n<div  class='av-social-sharing-box  avia-builder-el-7  el_after_av_hr  el_before_av_hr  '><div class='av-share-box'><h5 class='av-share-link-description av-no-toc '>Compartir esta noticia<\/h5><ul class='av-share-box-list noLightbox'><li class='av-share-link av-social-link-facebook' ><a target=\"_blank\" aria-label=\"Compartir en Facebook\" href='https:\/\/www.facebook.com\/sharer.php?u=https:\/\/radiorevelacionfm.cl\/?p=24056&#038;t=Sernapesca%20informa%20inicio%20de%20temporada%20general%20de%20pesca%20recreativa%20en%20aguas%20continentales' aria-hidden='false' data-av_icon='\ue8f3' data-av_iconfont='entypo-fontello' title='' data-avia-related-tooltip='Compartir en Facebook' rel=\"noopener\"><span class='avia_hidden_link_text'>Compartir en Facebook<\/span><\/a><\/li><li class='av-share-link av-social-link-twitter' ><a target=\"_blank\" aria-label=\"Compartir en Twitter\" href='https:\/\/twitter.com\/share?text=Sernapesca%20informa%20inicio%20de%20temporada%20general%20de%20pesca%20recreativa%20en%20aguas%20continentales&#038;url=https:\/\/radiorevelacionfm.cl\/?p=24056' aria-hidden='false' data-av_icon='\ue8f1' data-av_iconfont='entypo-fontello' title='' data-avia-related-tooltip='Compartir en Twitter' rel=\"noopener\"><span class='avia_hidden_link_text'>Compartir en Twitter<\/span><\/a><\/li><li class='av-share-link av-social-link-whatsapp' ><a target=\"_blank\" aria-label=\"Compartir en Whatsapp\" href='https:\/\/api.whatsapp.com\/send?text=https:\/\/radiorevelacionfm.cl\/?p=24056' aria-hidden='false' data-av_icon='\uf232' data-av_iconfont='entypo-fontello' title='' data-avia-related-tooltip='Compartir en Whatsapp' rel=\"noopener\"><span class='avia_hidden_link_text'>Compartir en Whatsapp<\/span><\/a><\/li><li class='av-share-link av-social-link-linkedin' ><a target=\"_blank\" aria-label=\"Compartir en LinkedIn\" href='https:\/\/linkedin.com\/shareArticle?mini=true&#038;title=Sernapesca%20informa%20inicio%20de%20temporada%20general%20de%20pesca%20recreativa%20en%20aguas%20continentales&#038;url=https:\/\/radiorevelacionfm.cl\/?p=24056' aria-hidden='false' data-av_icon='\ue8fc' data-av_iconfont='entypo-fontello' title='' data-avia-related-tooltip='Compartir en LinkedIn' rel=\"noopener\"><span class='avia_hidden_link_text'>Compartir en LinkedIn<\/span><\/a><\/li><li class='av-share-link av-social-link-mail' ><a  aria-label=\"Compartir por correo\" href='mailto:?subject=Sernapesca%20informa%20inicio%20de%20temporada%20general%20de%20pesca%20recreativa%20en%20aguas%20continentales&#038;body=https:\/\/radiorevelacionfm.cl\/?p=24056' aria-hidden='false' data-av_icon='\ue805' data-av_iconfont='entypo-fontello' title='' data-avia-related-tooltip='Compartir por correo'><span class='avia_hidden_link_text'>Compartir por correo<\/span><\/a><\/li><\/ul><\/div><\/div>\n<div  style='height:50px' class='hr hr-invisible   avia-builder-el-8  el_after_av_social_share  el_before_av_comments_list '><span class='hr-inner ' ><span class='hr-inner-style'><\/span><\/span><\/div>\n<div  class='av-buildercomment  av-blog-meta-html-info-disabled av-blog-meta-tag-disabled  '><\/div>\n","protected":false},"excerpt":{"rendered":"","protected":false},"author":1,"featured_media":22774,"comment_status":"open","ping_status":"open","sticky":false,"template":"","format":"standard","meta":{"footnotes":""},"categories":[60],"tags":[],"class_list":["post-24056","post","type-post","status-publish","format-standard","has-post-thumbnail","hentry","category-pesca"],"jetpack_featured_media_url":"https:\/\/radiorevelacionfm.cl\/wp-content\/uploads\/2022\/10\/1-2022-10-07T154301.135-1-1.jpg","_links":{"self":[{"href":"https:\/\/radiorevelacionfm.cl\/index.php?rest_route=\/wp\/v2\/posts\/24056","targetHints":{"allow":["GET"]}}],"collection":[{"href":"https:\/\/radiorevelacionfm.cl\/index.php?rest_route=\/wp\/v2\/posts"}],"about":[{"href":"https:\/\/radiorevelacionfm.cl\/index.php?rest_route=\/wp\/v2\/types\/post"}],"author":[{"embeddable":true,"href":"https:\/\/radiorevelacionfm.cl\/index.php?rest_route=\/wp\/v2\/users\/1"}],"replies":[{"embeddable":true,"href":"https:\/\/radiorevelacionfm.cl\/index.php?rest_route=%2Fwp%2Fv2%2Fcomments&post=24056"}],"version-history":[{"count":2,"href":"https:\/\/radiorevelacionfm.cl\/index.php?rest_route=\/wp\/v2\/posts\/24056\/revisions"}],"predecessor-version":[{"id":24072,"href":"https:\/\/radiorevelacionfm.cl\/index.php?rest_route=\/wp\/v2\/posts\/24056\/revisions\/24072"}],"wp:featuredmedia":[{"embeddable":true,"href":"https:\/\/radiorevelacionfm.cl\/index.php?rest_route=\/wp\/v2\/media\/22774"}],"wp:attachment":[{"href":"https:\/\/radiorevelacionfm.cl\/index.php?rest_route=%2Fwp%2Fv2%2Fmedia&parent=24056"}],"wp:term":[{"taxonomy":"category","embeddable":true,"href":"https:\/\/radiorevelacionfm.cl\/index.php?rest_route=%2Fwp%2Fv2%2Fcategories&post=24056"},{"taxonomy":"post_tag","embeddable":true,"href":"https:\/\/radiorevelacionfm.cl\/index.php?rest_route=%2Fwp%2Fv2%2Ftags&post=24056"}],"curies":[{"name":"wp","href":"https:\/\/api.w.org\/{rel}","templated":true}]}}