{"id":24053,"date":"2022-11-11T17:46:39","date_gmt":"2022-11-11T20:46:39","guid":{"rendered":"https:\/\/radiorevelacionfm.cl\/?p=24053"},"modified":"2022-11-11T17:46:39","modified_gmt":"2022-11-11T20:46:39","slug":"metricool-para-pymes-de-aysen-sabes-la-rentabilidad-de-tus-redes-sociales","status":"publish","type":"post","link":"https:\/\/radiorevelacionfm.cl\/?p=24053","title":{"rendered":"Metricool para Pymes de Ays\u00e9n: \u00bfSabes la rentabilidad de tus redes sociales?"},"content":{"rendered":"<div class=\"flex_column av_one_full  flex_column_div av-zero-column-padding first  avia-builder-el-0  el_before_av_one_full  avia-builder-el-first  \" style='border-radius:0px; '><div  class='avia-image-container  av-styling-    avia-builder-el-1  avia-builder-el-no-sibling  avia-align-center '  itemprop=\"image\" itemscope=\"itemscope\" itemtype=\"https:\/\/schema.org\/ImageObject\"  ><div class='avia-image-container-inner'><div class='avia-image-overlay-wrap'><img decoding=\"async\" class='wp-image-24054 avia-img-lazy-loading-not-24054 avia_image' src=\"https:\/\/radiorevelacionfm.cl\/wp-content\/uploads\/2022\/11\/Metricool-1-1.jpg\" alt='' title='Metricool (1) (1)' height=\"600\" width=\"716\"  itemprop=\"thumbnailUrl\" srcset=\"https:\/\/radiorevelacionfm.cl\/wp-content\/uploads\/2022\/11\/Metricool-1-1.jpg 716w, https:\/\/radiorevelacionfm.cl\/wp-content\/uploads\/2022\/11\/Metricool-1-1-300x251.jpg 300w, https:\/\/radiorevelacionfm.cl\/wp-content\/uploads\/2022\/11\/Metricool-1-1-705x591.jpg 705w, https:\/\/radiorevelacionfm.cl\/wp-content\/uploads\/2022\/11\/Metricool-1-1-600x503.jpg 600w\" sizes=\"(max-width: 716px) 100vw, 716px\" \/><\/div><\/div><\/div><\/div><div class=\"flex_column av_one_full  flex_column_div av-zero-column-padding first  avia-builder-el-2  el_after_av_one_full  el_before_av_one_full  column-top-margin\" style='border-radius:0px; '><section class=\"av_textblock_section \"  itemscope=\"itemscope\" itemtype=\"https:\/\/schema.org\/BlogPosting\" itemprop=\"blogPost\" ><div class='avia_textblock  '   itemprop=\"text\" ><p style=\"text-align: center;\"><span style=\"font-size: 18pt;\"><b><span lang=\"ES\">Metricool para Pymes de Ays\u00e9n: \u00bfSabes la rentabilidad de tus redes sociales?<\/span><\/b><\/span><\/p>\n<div id=\"gtx-trans\" style=\"position: absolute; left: -50px; top: 4.31534px;\">\n<div class=\"gtx-trans-icon\"><\/div>\n<\/div>\n<\/div><\/section><\/div><div class=\"flex_column av_one_full  flex_column_div av-zero-column-padding first  avia-builder-el-4  el_after_av_one_full  el_before_av_hr  column-top-margin\" style='border-radius:0px; '><section class=\"av_textblock_section \"  itemscope=\"itemscope\" itemtype=\"https:\/\/schema.org\/BlogPosting\" itemprop=\"blogPost\" ><div class='avia_textblock  '   itemprop=\"text\" ><p class=\"v1MsoNormal\" style=\"text-align: justify;\"><span lang=\"ES\">En la actualidad m\u00e1s de mil millones de personas usan Instagram o Facebook en todo el mundo, y casi el 90% de ellas siguen por lo menos, a una cuenta de empresa. Con este antecedente, usar las aplicaciones como Facebook y\/o Instagram para las pymes es una decisi\u00f3n m\u00e1s que l\u00f3gica.<\/span><\/p>\n<p class=\"v1MsoNormal\" style=\"text-align: justify;\"><span lang=\"ES\">En Ays\u00e9n, son cada vez m\u00e1s las empresas que han optado por desarrollar sus negocios a trav\u00e9s de las redes sociales, raz\u00f3n por la que desde el programa FPyme Ays\u00e9n de Corfo, se han desarrollado diversos talleres enfocados en estas herramientas, incentivando su uso y la importancia de estas.<\/span><\/p>\n<p class=\"v1MsoNormal\" style=\"text-align: justify;\"><span lang=\"ES\">Si bien es cierto, esto ha tra\u00eddo importantes beneficios para los emprendimientos locales, el conocer cu\u00e1les son los resultados y mediciones de cada publicaci\u00f3n, es fundamental para analizar la rentabilidad que tienen las redes sociales para las empresas de la regi\u00f3n de Ays\u00e9n.<\/span><\/p>\n<p class=\"v1MsoNormal\" style=\"text-align: justify;\"><a href=\"https:\/\/metricool.com\/es\/\" target=\"_blank\" rel=\"noopener noreferrer\"><span lang=\"ES\">Metricool<\/span><\/a><span lang=\"ES\">\u00a0es una herramienta de anal\u00edtica y planificaci\u00f3n de redes sociales para observar y medir contenidos y campa\u00f1as digitales, la que gracias a todas sus funcionalidades permite gestionar las redes sociales desde una \u00fanica plataforma en la que se podr\u00e1 acceder a las m\u00e9tricas y planificaci\u00f3n de contenidos.<\/span><\/p>\n<p class=\"v1MsoNormal\" style=\"text-align: justify;\"><span lang=\"ES\">As\u00ed mismo, las empresas pueden analizar su rendimiento dentro de las redes sociales y la publicidad online, junto con estudiar a la competencia permitiendo llevar la estrategia digital de un negocio desde un solo lugar. Metricool permite ahorrar tiempo, aumentar la productividad y mejorar el alcance de la estrategia de marketing de una empresa mediante la toma de decisiones basada en datos.<\/span><\/p>\n<p class=\"v1MsoNormal\" style=\"text-align: justify;\"><span lang=\"ES\">Frente a esta importante herramienta de trabajo, Mat\u00edas Broussaingaray gerente de Fpyme Ays\u00e9n mencion\u00f3 \u00ab<\/span>El exceso de informaci\u00f3n, ofertas y servicios que existen en las redes sociales, nos exige generar un uso correcto de estas, de manera de no diluir los esfuerzos o recursos en posibles clientes que solo ver\u00e1n el contenido por encima y no generaremos un enganche como el que queremos. Es justamente por eso, que metricool es tan atractivo, por que nos permite ver el retorno real de las acciones que estamos\u00a0generando y a su vez tomar las mejores pr\u00e1cticas de los dem\u00e1s, para as\u00ed ir afinando cada vez m\u00e1s nuestras publicaciones o p\u00fablico objetivo\u00bb.<\/p>\n<p class=\"v1MsoNormal\" style=\"text-align: justify;\"><span lang=\"ES\">Por su parte, Humberto Mar\u00edn Leiva, director de Corfo Ays\u00e9n, indic\u00f3 que \u00abhoy las redes sociales son fundamentales para establecer una nueva relaci\u00f3n con el p\u00fablico al que se quiere llegar, abriendo oportunidades para los negocios. En este sentido, a trav\u00e9s de nuestro programa FPyme, buscamos apoyar la competitividad de las pymes de nuestro territorio, fomentando el uso de diversas herramientas digitales que permitan, entre otras cosas, planificar las publicaciones y obtener m\u00e9tricas, optimizando los tiempos y focalizando el trabajo destinado a mantener una presencia constante y con contenido atractivo para las audiencias en redes sociales\u00bb.<\/span><\/p>\n<p class=\"v1MsoNormal\" style=\"text-align: justify;\"><span lang=\"ES\">Si a\u00fan no has realizado tu diagn\u00f3stico digital, ingresa a\u00a0<\/span><a href=\"http:\/\/www.fpymeaysen.cl\/\" target=\"_blank\" rel=\"noopener noreferrer\"><span lang=\"ES\">www.fpymeaysen.cl<\/span><\/a><span lang=\"ES\">\u00a0y completa el formulario. Asimismo, revisa las redes sociales de Instagram y Facebook en Fpyme_Aysen para enterarte de novedades y talleres que tenemos para las empresas de la regi\u00f3n.<\/span><\/p>\n<\/div><\/section><\/div><div  style='height:50px' class='hr hr-invisible   avia-builder-el-6  el_after_av_one_full  el_before_av_social_share '><span class='hr-inner ' ><span class='hr-inner-style'><\/span><\/span><\/div><\/p>\n<div  class='av-social-sharing-box  avia-builder-el-7  el_after_av_hr  el_before_av_hr  '><div class='av-share-box'><h5 class='av-share-link-description av-no-toc '>Compartir esta noticia<\/h5><ul class='av-share-box-list noLightbox'><li class='av-share-link av-social-link-facebook' ><a target=\"_blank\" aria-label=\"Compartir en Facebook\" href='https:\/\/www.facebook.com\/sharer.php?u=https:\/\/radiorevelacionfm.cl\/?p=24053&#038;t=Metricool%20para%20Pymes%20de%20Ays%C3%A9n%3A%20%C2%BFSabes%20la%20rentabilidad%20de%20tus%20redes%20sociales%3F' aria-hidden='false' data-av_icon='\ue8f3' data-av_iconfont='entypo-fontello' title='' data-avia-related-tooltip='Compartir en Facebook' rel=\"noopener\"><span class='avia_hidden_link_text'>Compartir en Facebook<\/span><\/a><\/li><li class='av-share-link av-social-link-twitter' ><a target=\"_blank\" aria-label=\"Compartir en Twitter\" href='https:\/\/twitter.com\/share?text=Metricool%20para%20Pymes%20de%20Ays%C3%A9n%3A%20%C2%BFSabes%20la%20rentabilidad%20de%20tus%20redes%20sociales%3F&#038;url=https:\/\/radiorevelacionfm.cl\/?p=24053' aria-hidden='false' data-av_icon='\ue8f1' data-av_iconfont='entypo-fontello' title='' data-avia-related-tooltip='Compartir en Twitter' rel=\"noopener\"><span class='avia_hidden_link_text'>Compartir en Twitter<\/span><\/a><\/li><li class='av-share-link av-social-link-whatsapp' ><a target=\"_blank\" aria-label=\"Compartir en Whatsapp\" href='https:\/\/api.whatsapp.com\/send?text=https:\/\/radiorevelacionfm.cl\/?p=24053' aria-hidden='false' data-av_icon='\uf232' data-av_iconfont='entypo-fontello' title='' data-avia-related-tooltip='Compartir en Whatsapp' rel=\"noopener\"><span class='avia_hidden_link_text'>Compartir en Whatsapp<\/span><\/a><\/li><li class='av-share-link av-social-link-linkedin' ><a target=\"_blank\" aria-label=\"Compartir en LinkedIn\" href='https:\/\/linkedin.com\/shareArticle?mini=true&#038;title=Metricool%20para%20Pymes%20de%20Ays%C3%A9n%3A%20%C2%BFSabes%20la%20rentabilidad%20de%20tus%20redes%20sociales%3F&#038;url=https:\/\/radiorevelacionfm.cl\/?p=24053' aria-hidden='false' data-av_icon='\ue8fc' data-av_iconfont='entypo-fontello' title='' data-avia-related-tooltip='Compartir en LinkedIn' rel=\"noopener\"><span class='avia_hidden_link_text'>Compartir en LinkedIn<\/span><\/a><\/li><li class='av-share-link av-social-link-mail' ><a  aria-label=\"Compartir por correo\" href='mailto:?subject=Metricool%20para%20Pymes%20de%20Ays%C3%A9n%3A%20%C2%BFSabes%20la%20rentabilidad%20de%20tus%20redes%20sociales%3F&#038;body=https:\/\/radiorevelacionfm.cl\/?p=24053' aria-hidden='false' data-av_icon='\ue805' data-av_iconfont='entypo-fontello' title='' data-avia-related-tooltip='Compartir por correo'><span class='avia_hidden_link_text'>Compartir por correo<\/span><\/a><\/li><\/ul><\/div><\/div>\n<div  style='height:50px' class='hr hr-invisible   avia-builder-el-8  el_after_av_social_share  el_before_av_comments_list '><span class='hr-inner ' ><span class='hr-inner-style'><\/span><\/span><\/div>\n<div  class='av-buildercomment  av-blog-meta-html-info-disabled av-blog-meta-tag-disabled  '><\/div>\n","protected":false},"excerpt":{"rendered":"","protected":false},"author":1,"featured_media":24054,"comment_status":"open","ping_status":"open","sticky":false,"template":"","format":"standard","meta":{"footnotes":""},"categories":[45],"tags":[],"class_list":["post-24053","post","type-post","status-publish","format-standard","has-post-thumbnail","hentry","category-comercio"],"jetpack_featured_media_url":"https:\/\/radiorevelacionfm.cl\/wp-content\/uploads\/2022\/11\/Metricool-1-1.jpg","_links":{"self":[{"href":"https:\/\/radiorevelacionfm.cl\/index.php?rest_route=\/wp\/v2\/posts\/24053","targetHints":{"allow":["GET"]}}],"collection":[{"href":"https:\/\/radiorevelacionfm.cl\/index.php?rest_route=\/wp\/v2\/posts"}],"about":[{"href":"https:\/\/radiorevelacionfm.cl\/index.php?rest_route=\/wp\/v2\/types\/post"}],"author":[{"embeddable":true,"href":"https:\/\/radiorevelacionfm.cl\/index.php?rest_route=\/wp\/v2\/users\/1"}],"replies":[{"embeddable":true,"href":"https:\/\/radiorevelacionfm.cl\/index.php?rest_route=%2Fwp%2Fv2%2Fcomments&post=24053"}],"version-history":[{"count":2,"href":"https:\/\/radiorevelacionfm.cl\/index.php?rest_route=\/wp\/v2\/posts\/24053\/revisions"}],"predecessor-version":[{"id":24081,"href":"https:\/\/radiorevelacionfm.cl\/index.php?rest_route=\/wp\/v2\/posts\/24053\/revisions\/24081"}],"wp:featuredmedia":[{"embeddable":true,"href":"https:\/\/radiorevelacionfm.cl\/index.php?rest_route=\/wp\/v2\/media\/24054"}],"wp:attachment":[{"href":"https:\/\/radiorevelacionfm.cl\/index.php?rest_route=%2Fwp%2Fv2%2Fmedia&parent=24053"}],"wp:term":[{"taxonomy":"category","embeddable":true,"href":"https:\/\/radiorevelacionfm.cl\/index.php?rest_route=%2Fwp%2Fv2%2Fcategories&post=24053"},{"taxonomy":"post_tag","embeddable":true,"href":"https:\/\/radiorevelacionfm.cl\/index.php?rest_route=%2Fwp%2Fv2%2Ftags&post=24053"}],"curies":[{"name":"wp","href":"https:\/\/api.w.org\/{rel}","templated":true}]}}