{"id":24047,"date":"2022-11-11T09:57:38","date_gmt":"2022-11-11T12:57:38","guid":{"rendered":"https:\/\/radiorevelacionfm.cl\/?p=24047"},"modified":"2022-11-11T09:57:38","modified_gmt":"2022-11-11T12:57:38","slug":"tribunal-realiza-audiencia-de-alegatos-en-reclamacion-contra-central-hidroelectrica-los-maquis","status":"publish","type":"post","link":"https:\/\/radiorevelacionfm.cl\/?p=24047","title":{"rendered":"Tribunal realiza audiencia de alegatos en reclamaci\u00f3n contra Central Hidroel\u00e9ctrica Los Maquis"},"content":{"rendered":"<div class=\"flex_column av_one_full  flex_column_div av-zero-column-padding first  avia-builder-el-0  el_before_av_one_full  avia-builder-el-first  \" style='border-radius:0px; '><div  class='avia-image-container  av-styling-    avia-builder-el-1  avia-builder-el-no-sibling  avia-align-center '  itemprop=\"image\" itemscope=\"itemscope\" itemtype=\"https:\/\/schema.org\/ImageObject\"  ><div class='avia-image-container-inner'><div class='avia-image-overlay-wrap'><img decoding=\"async\" class='wp-image-9516 avia-img-lazy-loading-not-9516 avia_image' src=\"https:\/\/radiorevelacionfm.cl\/wp-content\/uploads\/2021\/10\/central-los-maquis-0-1_optimized.jpg\" alt='' title='central-los-maquis-(0)-(1)_optimized' height=\"600\" width=\"751\"  itemprop=\"thumbnailUrl\" srcset=\"https:\/\/radiorevelacionfm.cl\/wp-content\/uploads\/2021\/10\/central-los-maquis-0-1_optimized.jpg 751w, https:\/\/radiorevelacionfm.cl\/wp-content\/uploads\/2021\/10\/central-los-maquis-0-1_optimized-300x240.jpg 300w, https:\/\/radiorevelacionfm.cl\/wp-content\/uploads\/2021\/10\/central-los-maquis-0-1_optimized-705x563.jpg 705w, https:\/\/radiorevelacionfm.cl\/wp-content\/uploads\/2021\/10\/central-los-maquis-0-1_optimized-600x479.jpg 600w\" sizes=\"(max-width: 751px) 100vw, 751px\" \/><\/div><\/div><\/div><\/div><div class=\"flex_column av_one_full  flex_column_div av-zero-column-padding first  avia-builder-el-2  el_after_av_one_full  el_before_av_one_full  column-top-margin\" style='border-radius:0px; '><section class=\"av_textblock_section \"  itemscope=\"itemscope\" itemtype=\"https:\/\/schema.org\/BlogPosting\" itemprop=\"blogPost\" ><div class='avia_textblock  '   itemprop=\"text\" ><p style=\"text-align: center;\"><strong><span style=\"font-size: 18pt;\">Tribunal realiza audiencia de alegatos en reclamaci\u00f3n contra Central Hidroel\u00e9ctrica Los Maquis<\/span><\/strong><\/p>\n<div id=\"gtx-trans\" style=\"position: absolute; left: -50px; top: 4.31534px;\">\n<div class=\"gtx-trans-icon\"><\/div>\n<\/div>\n<\/div><\/section><\/div><div class=\"flex_column av_one_full  flex_column_div av-zero-column-padding first  avia-builder-el-4  el_after_av_one_full  el_before_av_hr  column-top-margin\" style='border-radius:0px; '><section class=\"av_textblock_section \"  itemscope=\"itemscope\" itemtype=\"https:\/\/schema.org\/BlogPosting\" itemprop=\"blogPost\" ><div class='avia_textblock  '   itemprop=\"text\" ><p style=\"text-align: justify;\">La Superintendencia del Medio Ambiente (SMA), mediante la Res. Ex. 850\/2022, resolvi\u00f3 requerir el ingreso del proyecto \u201cRehabilitaci\u00f3n central hidroel\u00e9ctrica Los Maquis\u201d de la Empresa El\u00e9ctrica Ays\u00e9n S.A. al Sistema de Evaluaci\u00f3n de Impacto Ambiental (SEIA), sin que haya iniciado un procedimiento sancionatorio por las faenas constructivas de dicho proyecto. Esto \u00faltimo motiv\u00f3 la reclamaci\u00f3n presentada por Crist\u00f3bal Weber Mckay y otra persona natural contra la SMA por considerar que el proyecto se encuentra en ejecuci\u00f3n sin contar con Resoluci\u00f3n de Calificaci\u00f3n Ambiental (RCA), circunstancia que satisface los requerimientos del hecho infraccional contenido en la letra b) del art\u00edculo 35 de la LOSMA (Ley Org\u00e1nica de la Superintendencia del Medio Ambiente).<\/p>\n<p style=\"text-align: justify;\">Durante la audiencia realizada el 10 de noviembre, el reclamante se refiri\u00f3 a su legitimaci\u00f3n activa y aleg\u00f3 que s\u00ed estar\u00eda directamente afectado por la resoluci\u00f3n en la que se indica que no se formular\u00e1n cargos al proyecto. Adem\u00e1s, aleg\u00f3 que la v\u00eda correctiva de la SMA no cumple su funci\u00f3n al requerir solo el ingreso al SEIA, no aplicar sanci\u00f3n y considerar que los efectos del proyecto, emplazado al interior de la Zona de Inter\u00e9s Tur\u00edstico (ZOIT) Chelenko, se podr\u00edan abordar en la etapa de evaluaci\u00f3n.<\/p>\n<p style=\"text-align: justify;\">El reclamante, agreg\u00f3 que el proyecto ya gener\u00f3 muchos efectos y que estos podr\u00edan identificarse en el marco de un proceso sancionatorio. Argument\u00f3, adem\u00e1s, que la Superintendencia no se ha hecho cargo de los efectos que ya gener\u00f3 el proyecto en su etapa de construcci\u00f3n. Tambi\u00e9n aleg\u00f3 que el futuro ingreso del proyecto al SEIA evaluar\u00e1 los impactos solo de manera prospectiva al ingresar posiblemente mediante una Declaraci\u00f3n de Impacto Ambiental (DIA) y que por tal motivo, no incorporar\u00e1 medidas de reparaci\u00f3n.<\/p>\n<p style=\"text-align: justify;\">A su turno, la SMA aleg\u00f3 que es l\u00f3gico que el Servicio no inicie un proceso cuando existen otros mecanismos para el retorno a la normativa ambiental infringida, como ocurre con la elusi\u00f3n al SEIA. A su juicio, en este caso, el requerimiento de ingreso se estim\u00f3 suficiente e id\u00f3neo para tal fin. Por otra parte, aleg\u00f3 que el requerimiento de ingreso al SEIA permite que se eval\u00faen los impactos, se tomen las medidas correspondientes y se obligue al titular a presentar un cronograma de ingreso para esa evaluaci\u00f3n en el menor tiempo posible. Concluy\u00f3 que el ingreso ser\u00eda m\u00e1s expedito que el procedimiento sancionatorio.<\/p>\n<p style=\"text-align: justify;\">En la audiencia tambi\u00e9n present\u00f3 sus alegatos el tercero independiente de la reclamada, quien reiter\u00f3 su solicitud de rechazo de la reclamaci\u00f3n en todas sus partes, ya que el titular del proyecto habr\u00eda actuado de buena fe y no hay evidencia de que hayan ocurrido impactos significativos, por lo que el proceso sancionatorio tampoco corresponder\u00eda. Agreg\u00f3 que la evaluaci\u00f3n futura ser\u00e1 la instancia en que se ponderar\u00e1n los impactos y otros aspectos.<\/p>\n<\/div><\/section><\/div><div  style='height:50px' class='hr hr-invisible   avia-builder-el-6  el_after_av_one_full  el_before_av_social_share '><span class='hr-inner ' ><span class='hr-inner-style'><\/span><\/span><\/div><\/p>\n<div  class='av-social-sharing-box  avia-builder-el-7  el_after_av_hr  el_before_av_hr  '><div class='av-share-box'><h5 class='av-share-link-description av-no-toc '>Compartir esta noticia<\/h5><ul class='av-share-box-list noLightbox'><li class='av-share-link av-social-link-facebook' ><a target=\"_blank\" aria-label=\"Compartir en Facebook\" href='https:\/\/www.facebook.com\/sharer.php?u=https:\/\/radiorevelacionfm.cl\/?p=24047&#038;t=Tribunal%20realiza%20audiencia%20de%20alegatos%20en%20reclamaci%C3%B3n%20contra%20Central%20Hidroel%C3%A9ctrica%20Los%20Maquis' aria-hidden='false' data-av_icon='\ue8f3' data-av_iconfont='entypo-fontello' title='' data-avia-related-tooltip='Compartir en Facebook' rel=\"noopener\"><span class='avia_hidden_link_text'>Compartir en Facebook<\/span><\/a><\/li><li class='av-share-link av-social-link-twitter' ><a target=\"_blank\" aria-label=\"Compartir en Twitter\" href='https:\/\/twitter.com\/share?text=Tribunal%20realiza%20audiencia%20de%20alegatos%20en%20reclamaci%C3%B3n%20contra%20Central%20Hidroel%C3%A9ctrica%20Los%20Maquis&#038;url=https:\/\/radiorevelacionfm.cl\/?p=24047' aria-hidden='false' data-av_icon='\ue8f1' data-av_iconfont='entypo-fontello' title='' data-avia-related-tooltip='Compartir en Twitter' rel=\"noopener\"><span class='avia_hidden_link_text'>Compartir en Twitter<\/span><\/a><\/li><li class='av-share-link av-social-link-whatsapp' ><a target=\"_blank\" aria-label=\"Compartir en Whatsapp\" href='https:\/\/api.whatsapp.com\/send?text=https:\/\/radiorevelacionfm.cl\/?p=24047' aria-hidden='false' data-av_icon='\uf232' data-av_iconfont='entypo-fontello' title='' data-avia-related-tooltip='Compartir en Whatsapp' rel=\"noopener\"><span class='avia_hidden_link_text'>Compartir en Whatsapp<\/span><\/a><\/li><li class='av-share-link av-social-link-linkedin' ><a target=\"_blank\" aria-label=\"Compartir en LinkedIn\" href='https:\/\/linkedin.com\/shareArticle?mini=true&#038;title=Tribunal%20realiza%20audiencia%20de%20alegatos%20en%20reclamaci%C3%B3n%20contra%20Central%20Hidroel%C3%A9ctrica%20Los%20Maquis&#038;url=https:\/\/radiorevelacionfm.cl\/?p=24047' aria-hidden='false' data-av_icon='\ue8fc' data-av_iconfont='entypo-fontello' title='' data-avia-related-tooltip='Compartir en LinkedIn' rel=\"noopener\"><span class='avia_hidden_link_text'>Compartir en LinkedIn<\/span><\/a><\/li><li class='av-share-link av-social-link-mail' ><a  aria-label=\"Compartir por correo\" href='mailto:?subject=Tribunal%20realiza%20audiencia%20de%20alegatos%20en%20reclamaci%C3%B3n%20contra%20Central%20Hidroel%C3%A9ctrica%20Los%20Maquis&#038;body=https:\/\/radiorevelacionfm.cl\/?p=24047' aria-hidden='false' data-av_icon='\ue805' data-av_iconfont='entypo-fontello' title='' data-avia-related-tooltip='Compartir por correo'><span class='avia_hidden_link_text'>Compartir por correo<\/span><\/a><\/li><\/ul><\/div><\/div>\n<div  style='height:50px' class='hr hr-invisible   avia-builder-el-8  el_after_av_social_share  el_before_av_comments_list '><span class='hr-inner ' ><span class='hr-inner-style'><\/span><\/span><\/div>\n<div  class='av-buildercomment  av-blog-meta-html-info-disabled av-blog-meta-tag-disabled  '><\/div>\n","protected":false},"excerpt":{"rendered":"","protected":false},"author":1,"featured_media":9516,"comment_status":"open","ping_status":"open","sticky":false,"template":"","format":"standard","meta":{"footnotes":""},"categories":[39],"tags":[],"class_list":["post-24047","post","type-post","status-publish","format-standard","has-post-thumbnail","hentry","category-medio-ambiente"],"jetpack_featured_media_url":"https:\/\/radiorevelacionfm.cl\/wp-content\/uploads\/2021\/10\/central-los-maquis-0-1_optimized.jpg","_links":{"self":[{"href":"https:\/\/radiorevelacionfm.cl\/index.php?rest_route=\/wp\/v2\/posts\/24047","targetHints":{"allow":["GET"]}}],"collection":[{"href":"https:\/\/radiorevelacionfm.cl\/index.php?rest_route=\/wp\/v2\/posts"}],"about":[{"href":"https:\/\/radiorevelacionfm.cl\/index.php?rest_route=\/wp\/v2\/types\/post"}],"author":[{"embeddable":true,"href":"https:\/\/radiorevelacionfm.cl\/index.php?rest_route=\/wp\/v2\/users\/1"}],"replies":[{"embeddable":true,"href":"https:\/\/radiorevelacionfm.cl\/index.php?rest_route=%2Fwp%2Fv2%2Fcomments&post=24047"}],"version-history":[{"count":2,"href":"https:\/\/radiorevelacionfm.cl\/index.php?rest_route=\/wp\/v2\/posts\/24047\/revisions"}],"predecessor-version":[{"id":24049,"href":"https:\/\/radiorevelacionfm.cl\/index.php?rest_route=\/wp\/v2\/posts\/24047\/revisions\/24049"}],"wp:featuredmedia":[{"embeddable":true,"href":"https:\/\/radiorevelacionfm.cl\/index.php?rest_route=\/wp\/v2\/media\/9516"}],"wp:attachment":[{"href":"https:\/\/radiorevelacionfm.cl\/index.php?rest_route=%2Fwp%2Fv2%2Fmedia&parent=24047"}],"wp:term":[{"taxonomy":"category","embeddable":true,"href":"https:\/\/radiorevelacionfm.cl\/index.php?rest_route=%2Fwp%2Fv2%2Fcategories&post=24047"},{"taxonomy":"post_tag","embeddable":true,"href":"https:\/\/radiorevelacionfm.cl\/index.php?rest_route=%2Fwp%2Fv2%2Ftags&post=24047"}],"curies":[{"name":"wp","href":"https:\/\/api.w.org\/{rel}","templated":true}]}}