{"id":24042,"date":"2022-11-10T20:07:43","date_gmt":"2022-11-10T23:07:43","guid":{"rendered":"https:\/\/radiorevelacionfm.cl\/?p=24042"},"modified":"2022-11-10T20:07:43","modified_gmt":"2022-11-10T23:07:43","slug":"alcaldes-de-aysen-exigen-respuesta-de-autoridades-y-del-gobierno-ante-crisis-financiera-en-la-educacion-municipal","status":"publish","type":"post","link":"https:\/\/radiorevelacionfm.cl\/?p=24042","title":{"rendered":"Alcaldes de Ays\u00e9n exigen respuesta de autoridades y del Gobierno ante crisis financiera en la educaci\u00f3n municipal"},"content":{"rendered":"<div class=\"flex_column av_one_full  flex_column_div av-zero-column-padding first  avia-builder-el-0  el_before_av_one_full  avia-builder-el-first  \" style='border-radius:0px; '><div  class='avia-image-container  av-styling-    avia-builder-el-1  avia-builder-el-no-sibling  avia-align-center '  itemprop=\"image\" itemscope=\"itemscope\" itemtype=\"https:\/\/schema.org\/ImageObject\"  ><div class='avia-image-container-inner'><div class='avia-image-overlay-wrap'><img decoding=\"async\" class='wp-image-24043 avia-img-lazy-loading-not-24043 avia_image' src=\"https:\/\/radiorevelacionfm.cl\/wp-content\/uploads\/2022\/11\/foto-nota-educacion-1-1.jpg\" alt='' title='foto nota educacion (1) (1)' height=\"600\" width=\"800\"  itemprop=\"thumbnailUrl\" srcset=\"https:\/\/radiorevelacionfm.cl\/wp-content\/uploads\/2022\/11\/foto-nota-educacion-1-1.jpg 800w, https:\/\/radiorevelacionfm.cl\/wp-content\/uploads\/2022\/11\/foto-nota-educacion-1-1-300x225.jpg 300w, https:\/\/radiorevelacionfm.cl\/wp-content\/uploads\/2022\/11\/foto-nota-educacion-1-1-768x576.jpg 768w, https:\/\/radiorevelacionfm.cl\/wp-content\/uploads\/2022\/11\/foto-nota-educacion-1-1-705x529.jpg 705w, https:\/\/radiorevelacionfm.cl\/wp-content\/uploads\/2022\/11\/foto-nota-educacion-1-1-600x450.jpg 600w\" sizes=\"(max-width: 800px) 100vw, 800px\" \/><\/div><\/div><\/div><\/div><div class=\"flex_column av_one_full  flex_column_div av-zero-column-padding first  avia-builder-el-2  el_after_av_one_full  el_before_av_one_full  column-top-margin\" style='border-radius:0px; '><section class=\"av_textblock_section \"  itemscope=\"itemscope\" itemtype=\"https:\/\/schema.org\/BlogPosting\" itemprop=\"blogPost\" ><div class='avia_textblock  '   itemprop=\"text\" ><p style=\"text-align: center;\"><strong><span style=\"font-size: 18pt;\">Alcaldes de Ays\u00e9n exigen respuesta de autoridades y del Gobierno ante crisis financiera en la educaci\u00f3n municipal<\/span><\/strong><\/p>\n<div id=\"gtx-trans\" style=\"position: absolute; left: -50px; top: 4.31534px;\">\n<div class=\"gtx-trans-icon\"><\/div>\n<\/div>\n<\/div><\/section><\/div><div class=\"flex_column av_one_full  flex_column_div av-zero-column-padding first  avia-builder-el-4  el_after_av_one_full  el_before_av_hr  column-top-margin\" style='border-radius:0px; '><section class=\"av_textblock_section \"  itemscope=\"itemscope\" itemtype=\"https:\/\/schema.org\/BlogPosting\" itemprop=\"blogPost\" ><div class='avia_textblock  '   itemprop=\"text\" ><p style=\"font-weight: 400; text-align: justify;\">Alcaldes de la Asociaci\u00f3n Regional de Municipalidades de Ays\u00e9n (AREMU), se pronunciaron al respecto al cr\u00edtico estado financiero que est\u00e1 atravesando el sistema educacional p\u00fablico, el cu\u00e1l se ha arrastrado de forma hist\u00f3rica y que se ha acrecentado por la baja asistencia de alumnos producto de la pandemia. El presidente de la AREMU, Marcelo Santana Vargas, afirma que \u201chemos estado pidiendo a las autoridades y parlamentarios que se pronuncien al respecto, no puede ser que todos est\u00e9n imp\u00e1vidos, sin voz y sin retroalimentar un tema en el que se requiere de apoyo\u201d.<\/p>\n<p style=\"font-weight: 400; text-align: justify;\">Las \u00faltimas semanas el problema financiero existente en el sistema de educaci\u00f3n p\u00fablica se ha mantenido en la palestra medial, m\u00e1s por controversias circunstanciales, que por la realidad que aqueja a las municipalidades a nivel nacional y particularmente en la Regi\u00f3n de Ays\u00e9n, donde \u201clas asistencias est\u00e1n por bajo el 70% en casi todos los niveles y eso perjudica los ingresos que mensualmente deben llegar a las direcciones de educaci\u00f3n para sostener la educaci\u00f3n municipal\u201d explica Marcelo Santana, presidente de la AREMU y alcalde de la comuna de R\u00edo Ib\u00e1\u00f1ez.<\/p>\n<p style=\"font-weight: 400; text-align: justify;\">Baja en las matr\u00edculas y menor porcentaje de asistencia, son algunos de los factores que acrecientan el hoyo financiero del sistema educativo. El alcalde de la comuna de Cisnes, Francisco Roncagliolo, explica que \u201cla operaci\u00f3n y mantenci\u00f3n de los servicios educacionales de la Regi\u00f3n de Ays\u00e9n est\u00e1n bastante complicados y eso se da por el incremento de los gastos, los cuales est\u00e1n relacionados directamente a la inflaci\u00f3n, a los costos de log\u00edstica y tambi\u00e9n a la cantidad de licencias m\u00e9dicas\u201d.<\/p>\n<p style=\"font-weight: 400; text-align: justify;\">\u201cHemos planteado a la Seremi de Educaci\u00f3n y al Delegado Presidencial en reuni\u00f3n AREMU, que hoy el ministerio tiene que reajustar los ingresos y eso est\u00e1 estancado. Tenemos variaciones importantes en los costos, pero no hay variaci\u00f3n en los ingresos\u201d a\u00f1ade el alcalde de Cisnes.<\/p>\n<p style=\"font-weight: 400; text-align: justify;\">Actualmente se ha dejado entrever la cr\u00edtica situaci\u00f3n financiera del sistema educativo p\u00fablico regional, no as\u00ed la urgencia de este, en un escenario en el cual los municipios se encuentran ad portas de comenzar el traspaso a los Servicios Locales de Educaci\u00f3n P\u00fablica (SLEP). El alcalde de Chile Chico, Luperciano Mu\u00f1oz, se\u00f1ala que \u201cnos parece inconcebible que un Gobierno que lleg\u00f3 por los movimientos sociales, b\u00e1sicamente por el movimiento social estudiantil, no se ocupe del problema de la educaci\u00f3n (\u2026) un llamado al gobierno, al delegado Presidencial Regional, a la Seremi, que por favor gestionen, hagan gesti\u00f3n a nivel nacional. Aqu\u00ed faltan actos, actitudes y compromisos de gesti\u00f3n institucional para que el gobierno se haga cargo de estos tremendos d\u00e9ficits\u201d.<\/p>\n<p style=\"font-weight: 400; text-align: justify;\">Un emplazamiento directo a las autoridades, ante el grave escenario educativo, al cual se suma el alcalde Marcelo Santana \u201cExigimos al ministerio de educaci\u00f3n al menos tenga respuestas a las gestiones que se han hecho (\u2026) se requiere de apoyo, no solo de voluntades sino tambi\u00e9n de acciones que permitan resolver el problema grave de financiamiento que tiene la educaci\u00f3n municipal de nuestro pa\u00eds\u201d.<\/p>\n<\/div><\/section><\/div><div  style='height:50px' class='hr hr-invisible   avia-builder-el-6  el_after_av_one_full  el_before_av_social_share '><span class='hr-inner ' ><span class='hr-inner-style'><\/span><\/span><\/div><\/p>\n<div  class='av-social-sharing-box  avia-builder-el-7  el_after_av_hr  el_before_av_hr  '><div class='av-share-box'><h5 class='av-share-link-description av-no-toc '>Compartir esta noticia<\/h5><ul class='av-share-box-list noLightbox'><li class='av-share-link av-social-link-facebook' ><a target=\"_blank\" aria-label=\"Compartir en Facebook\" href='https:\/\/www.facebook.com\/sharer.php?u=https:\/\/radiorevelacionfm.cl\/?p=24042&#038;t=Alcaldes%20de%20Ays%C3%A9n%20exigen%20respuesta%20de%20autoridades%20y%20del%20Gobierno%20ante%20crisis%20financiera%20en%20la%20educaci%C3%B3n%20municipal' aria-hidden='false' data-av_icon='\ue8f3' data-av_iconfont='entypo-fontello' title='' data-avia-related-tooltip='Compartir en Facebook' rel=\"noopener\"><span class='avia_hidden_link_text'>Compartir en Facebook<\/span><\/a><\/li><li class='av-share-link av-social-link-twitter' ><a target=\"_blank\" aria-label=\"Compartir en Twitter\" href='https:\/\/twitter.com\/share?text=Alcaldes%20de%20Ays%C3%A9n%20exigen%20respuesta%20de%20autoridades%20y%20del%20Gobierno%20ante%20crisis%20financiera%20en%20la%20educaci%C3%B3n%20municipal&#038;url=https:\/\/radiorevelacionfm.cl\/?p=24042' aria-hidden='false' data-av_icon='\ue8f1' data-av_iconfont='entypo-fontello' title='' data-avia-related-tooltip='Compartir en Twitter' rel=\"noopener\"><span class='avia_hidden_link_text'>Compartir en Twitter<\/span><\/a><\/li><li class='av-share-link av-social-link-whatsapp' ><a target=\"_blank\" aria-label=\"Compartir en Whatsapp\" href='https:\/\/api.whatsapp.com\/send?text=https:\/\/radiorevelacionfm.cl\/?p=24042' aria-hidden='false' data-av_icon='\uf232' data-av_iconfont='entypo-fontello' title='' data-avia-related-tooltip='Compartir en Whatsapp' rel=\"noopener\"><span class='avia_hidden_link_text'>Compartir en Whatsapp<\/span><\/a><\/li><li class='av-share-link av-social-link-linkedin' ><a target=\"_blank\" aria-label=\"Compartir en LinkedIn\" href='https:\/\/linkedin.com\/shareArticle?mini=true&#038;title=Alcaldes%20de%20Ays%C3%A9n%20exigen%20respuesta%20de%20autoridades%20y%20del%20Gobierno%20ante%20crisis%20financiera%20en%20la%20educaci%C3%B3n%20municipal&#038;url=https:\/\/radiorevelacionfm.cl\/?p=24042' aria-hidden='false' data-av_icon='\ue8fc' data-av_iconfont='entypo-fontello' title='' data-avia-related-tooltip='Compartir en LinkedIn' rel=\"noopener\"><span class='avia_hidden_link_text'>Compartir en LinkedIn<\/span><\/a><\/li><li class='av-share-link av-social-link-mail' ><a  aria-label=\"Compartir por correo\" href='mailto:?subject=Alcaldes%20de%20Ays%C3%A9n%20exigen%20respuesta%20de%20autoridades%20y%20del%20Gobierno%20ante%20crisis%20financiera%20en%20la%20educaci%C3%B3n%20municipal&#038;body=https:\/\/radiorevelacionfm.cl\/?p=24042' aria-hidden='false' data-av_icon='\ue805' data-av_iconfont='entypo-fontello' title='' data-avia-related-tooltip='Compartir por correo'><span class='avia_hidden_link_text'>Compartir por correo<\/span><\/a><\/li><\/ul><\/div><\/div>\n<div  style='height:50px' class='hr hr-invisible   avia-builder-el-8  el_after_av_social_share  el_before_av_comments_list '><span class='hr-inner ' ><span class='hr-inner-style'><\/span><\/span><\/div>\n<div  class='av-buildercomment  av-blog-meta-html-info-disabled av-blog-meta-tag-disabled  '><\/div>\n","protected":false},"excerpt":{"rendered":"","protected":false},"author":1,"featured_media":24043,"comment_status":"open","ping_status":"open","sticky":false,"template":"","format":"standard","meta":{"footnotes":""},"categories":[49],"tags":[],"class_list":["post-24042","post","type-post","status-publish","format-standard","has-post-thumbnail","hentry","category-educacion"],"jetpack_featured_media_url":"https:\/\/radiorevelacionfm.cl\/wp-content\/uploads\/2022\/11\/foto-nota-educacion-1-1.jpg","_links":{"self":[{"href":"https:\/\/radiorevelacionfm.cl\/index.php?rest_route=\/wp\/v2\/posts\/24042","targetHints":{"allow":["GET"]}}],"collection":[{"href":"https:\/\/radiorevelacionfm.cl\/index.php?rest_route=\/wp\/v2\/posts"}],"about":[{"href":"https:\/\/radiorevelacionfm.cl\/index.php?rest_route=\/wp\/v2\/types\/post"}],"author":[{"embeddable":true,"href":"https:\/\/radiorevelacionfm.cl\/index.php?rest_route=\/wp\/v2\/users\/1"}],"replies":[{"embeddable":true,"href":"https:\/\/radiorevelacionfm.cl\/index.php?rest_route=%2Fwp%2Fv2%2Fcomments&post=24042"}],"version-history":[{"count":2,"href":"https:\/\/radiorevelacionfm.cl\/index.php?rest_route=\/wp\/v2\/posts\/24042\/revisions"}],"predecessor-version":[{"id":24045,"href":"https:\/\/radiorevelacionfm.cl\/index.php?rest_route=\/wp\/v2\/posts\/24042\/revisions\/24045"}],"wp:featuredmedia":[{"embeddable":true,"href":"https:\/\/radiorevelacionfm.cl\/index.php?rest_route=\/wp\/v2\/media\/24043"}],"wp:attachment":[{"href":"https:\/\/radiorevelacionfm.cl\/index.php?rest_route=%2Fwp%2Fv2%2Fmedia&parent=24042"}],"wp:term":[{"taxonomy":"category","embeddable":true,"href":"https:\/\/radiorevelacionfm.cl\/index.php?rest_route=%2Fwp%2Fv2%2Fcategories&post=24042"},{"taxonomy":"post_tag","embeddable":true,"href":"https:\/\/radiorevelacionfm.cl\/index.php?rest_route=%2Fwp%2Fv2%2Ftags&post=24042"}],"curies":[{"name":"wp","href":"https:\/\/api.w.org\/{rel}","templated":true}]}}