{"id":24035,"date":"2022-11-10T18:13:49","date_gmt":"2022-11-10T21:13:49","guid":{"rendered":"https:\/\/radiorevelacionfm.cl\/?p=24035"},"modified":"2022-11-10T18:13:49","modified_gmt":"2022-11-10T21:13:49","slug":"injuv-realiza-conversatorio-de-salud-fisica-y-mental-con-jovenes-y-agrupaciones-de-la-sociedad-civil","status":"publish","type":"post","link":"https:\/\/radiorevelacionfm.cl\/?p=24035","title":{"rendered":"INJUV realiza conversatorio de salud f\u00edsica y mental con j\u00f3venes y agrupaciones de la sociedad civil"},"content":{"rendered":"<div class=\"flex_column av_one_full  flex_column_div av-zero-column-padding first  avia-builder-el-0  el_before_av_one_full  avia-builder-el-first  \" style='border-radius:0px; '><div  class='avia-image-container  av-styling-    avia-builder-el-1  avia-builder-el-no-sibling  avia-align-center '  itemprop=\"image\" itemscope=\"itemscope\" itemtype=\"https:\/\/schema.org\/ImageObject\"  ><div class='avia-image-container-inner'><div class='avia-image-overlay-wrap'><img decoding=\"async\" class='wp-image-24036 avia-img-lazy-loading-not-24036 avia_image' src=\"https:\/\/radiorevelacionfm.cl\/wp-content\/uploads\/2022\/11\/foto-1-28-1-1.jpg\" alt='' title='foto 1 (28) (1) (1)' height=\"600\" width=\"908\"  itemprop=\"thumbnailUrl\" srcset=\"https:\/\/radiorevelacionfm.cl\/wp-content\/uploads\/2022\/11\/foto-1-28-1-1.jpg 908w, https:\/\/radiorevelacionfm.cl\/wp-content\/uploads\/2022\/11\/foto-1-28-1-1-300x198.jpg 300w, https:\/\/radiorevelacionfm.cl\/wp-content\/uploads\/2022\/11\/foto-1-28-1-1-768x507.jpg 768w, https:\/\/radiorevelacionfm.cl\/wp-content\/uploads\/2022\/11\/foto-1-28-1-1-705x466.jpg 705w, https:\/\/radiorevelacionfm.cl\/wp-content\/uploads\/2022\/11\/foto-1-28-1-1-600x396.jpg 600w\" sizes=\"(max-width: 908px) 100vw, 908px\" \/><\/div><\/div><\/div><\/div><div class=\"flex_column av_one_full  flex_column_div av-zero-column-padding first  avia-builder-el-2  el_after_av_one_full  el_before_av_one_full  column-top-margin\" style='border-radius:0px; '><section class=\"av_textblock_section \"  itemscope=\"itemscope\" itemtype=\"https:\/\/schema.org\/BlogPosting\" itemprop=\"blogPost\" ><div class='avia_textblock  '   itemprop=\"text\" ><p style=\"text-align: center;\"><span style=\"font-size: 18pt;\"><strong>INJUV realiza conversatorio de salud f\u00edsica y mental con j\u00f3venes y agrupaciones de la sociedad civil<\/strong><\/span><\/p>\n<div id=\"gtx-trans\" style=\"position: absolute; left: -50px; top: 4.31534px;\">\n<div class=\"gtx-trans-icon\"><\/div>\n<\/div>\n<\/div><\/section><\/div><div class=\"flex_column av_one_full  flex_column_div av-zero-column-padding first  avia-builder-el-4  el_after_av_one_full  el_before_av_hr  column-top-margin\" style='border-radius:0px; '><section class=\"av_textblock_section \"  itemscope=\"itemscope\" itemtype=\"https:\/\/schema.org\/BlogPosting\" itemprop=\"blogPost\" ><div class='avia_textblock  '   itemprop=\"text\" ><p style=\"text-align: justify;\">J\u00f3venes de educaci\u00f3n superior y \u00a0agrupaciones de organizaci\u00f3n civil se reunieron en la Biblioteca Regional de Coyhaique con el objetivo de participar en \u00a0un encuentro territorial, iniciativa organizada por el Instituto Nacional de la Juventud de la regi\u00f3n y que tuvo como finalidad otorgar informaci\u00f3n y orientaci\u00f3n a las juventudes en temas relativos al autocuidado y bienestar, espec\u00edficamente en cuanto a las tem\u00e1ticas del programa Hablemos De Todo (HDT) del a\u00f1o 2023 y priorizar las tem\u00e1ticas en salud y bienestar que son de mayor inter\u00e9s, m\u00e1s importantes y\/o m\u00e1s desconocidas para las juventudes de la regi\u00f3n.<\/p>\n<p style=\"text-align: justify;\">En el encuentro se llevaron a cabo trabajos grupales\u00a0 donde se trataron \u00a0distintas tem\u00e1ticas elegidas por\u00a0 las y los j\u00f3venes, estas fueron; salud mental, salud sexual, salud reproductiva, violencias hacia las juventudes y autocuidado. Luego los grupos presentaron \u00a0a la audiencia\u00a0 un\u00a0\u00a0 sketch vivencial\u00a0 aplicando\u00a0 todos los conceptos y cifras de inter\u00e9s aprendidos, esto con el objetivo de nivelar los conceptos asociados a las tem\u00e1ticas y vivencias. Culmin\u00f3 la actividad con \u00a0un proceso de votaci\u00f3n, participaron todos las y los j\u00f3venes invitados, la instancia ayudar\u00e1 a priorizar las tem\u00e1ticas a trabajar para el a\u00f1o 2023.<\/p>\n<p style=\"text-align: justify;\">\u00a0\u201cDestacamos y agradecemos \u00a0la\u00a0 participaci\u00f3n de las juventudes y las distintas organizaciones de la sociedad civil, estos encuentros territoriales buscan relevar las tem\u00e1ticas con las que vamos a trabajar el pr\u00f3ximo a\u00f1o enfocadas en la salud mental. La idea es escuchar a las juventudes, que ellos nos gu\u00eden en sus necesidades, puesto que\u00a0 es la \u00fanica forma de que podamos crear pol\u00edticas p\u00fablicas efectivas y que\u00a0 tengan un impacto real en ellos\u201d, sostuvo la Directora Regional (s) de INJUV, G\u00e9nesis Arias Fuentes.<\/p>\n<p style=\"text-align: justify;\">Karla Labado, joven participante se\u00f1al\u00f3 que \u201cfue un encuentro muy entretenido ya que exist\u00edan muchas opiniones y todas y todos contamos nuestras experiencias, sin duda hab\u00edan muchos casos diferentes pero todos coincid\u00edan en un punto y eso fue lo que m\u00e1s me llam\u00f3 la atenci\u00f3n, fue una bonita experiencia\u201d.<\/p>\n<p style=\"text-align: justify;\">En tanto Dar\u00edo Mu\u00f1oz,\u00a0 indic\u00f3 que \u201cfue una actividad bastante provechosa, lo pasamos bien y aprendimos mucho m\u00e1s sobre los temas que tratamos como grupo en general, espero que INJUV siga realizando este tipo de actividades ya que nos sirven mucho como j\u00f3venes\u201d.<\/p>\n<p style=\"text-align: justify;\"><strong><u>Antecedentes generales<\/u><\/strong><\/p>\n<p style=\"text-align: justify;\">El Programa Hablemos de Todo tiene el prop\u00f3sito de lograr que j\u00f3venes entre 15 y 29 a\u00f1os, interesados en su salud y bienestar f\u00edsico y mental, disminuyan su exposici\u00f3n a factores de riesgo biopsicosociales propios de su grupo etario, relacionados a la falta de acceso a informaci\u00f3n y orientaci\u00f3n, a trav\u00e9s de un espacio seguro que proporcione informaci\u00f3n oportuna y confiable sobre tem\u00e1ticas de bienestar y autocuidado.<\/p>\n<p style=\"text-align: justify;\">Para ello, existen dos componentes que conforman el Programa HDT: El sitio web http:\/\/hablemosdetodo.injuv.gob.cl\/, donde se entrega informaci\u00f3n relativa a las tem\u00e1ticas que aborda el programa, as\u00ed como iniciativas p\u00fablicas disponibles, marcos normativos vigentes y derechos. A su vez, este componente contempla un servicio de Chat en l\u00ednea, que otorga asistencia, contenci\u00f3n psicosocial y orientaci\u00f3n a j\u00f3venes sobre tem\u00e1ticas asociadas a conductas de riesgo en los \u00e1mbitos de la salud sexual y reproductiva, consumos de alcohol, tabaco y otras drogas, violencias y discriminaci\u00f3n.<\/p>\n<\/div><\/section><\/div><div  style='height:50px' class='hr hr-invisible   avia-builder-el-6  el_after_av_one_full  el_before_av_social_share '><span class='hr-inner ' ><span class='hr-inner-style'><\/span><\/span><\/div><\/p>\n<div  class='av-social-sharing-box  avia-builder-el-7  el_after_av_hr  el_before_av_hr  '><div class='av-share-box'><h5 class='av-share-link-description av-no-toc '>Compartir esta noticia<\/h5><ul class='av-share-box-list noLightbox'><li class='av-share-link av-social-link-facebook' ><a target=\"_blank\" aria-label=\"Compartir en Facebook\" href='https:\/\/www.facebook.com\/sharer.php?u=https:\/\/radiorevelacionfm.cl\/?p=24035&#038;t=INJUV%20realiza%20conversatorio%20de%20salud%20f%C3%ADsica%20y%20mental%20con%20j%C3%B3venes%20y%20agrupaciones%20de%20la%20sociedad%20civil' aria-hidden='false' data-av_icon='\ue8f3' data-av_iconfont='entypo-fontello' title='' data-avia-related-tooltip='Compartir en Facebook' rel=\"noopener\"><span class='avia_hidden_link_text'>Compartir en Facebook<\/span><\/a><\/li><li class='av-share-link av-social-link-twitter' ><a target=\"_blank\" aria-label=\"Compartir en Twitter\" href='https:\/\/twitter.com\/share?text=INJUV%20realiza%20conversatorio%20de%20salud%20f%C3%ADsica%20y%20mental%20con%20j%C3%B3venes%20y%20agrupaciones%20de%20la%20sociedad%20civil&#038;url=https:\/\/radiorevelacionfm.cl\/?p=24035' aria-hidden='false' data-av_icon='\ue8f1' data-av_iconfont='entypo-fontello' title='' data-avia-related-tooltip='Compartir en Twitter' rel=\"noopener\"><span class='avia_hidden_link_text'>Compartir en Twitter<\/span><\/a><\/li><li class='av-share-link av-social-link-whatsapp' ><a target=\"_blank\" aria-label=\"Compartir en Whatsapp\" href='https:\/\/api.whatsapp.com\/send?text=https:\/\/radiorevelacionfm.cl\/?p=24035' aria-hidden='false' data-av_icon='\uf232' data-av_iconfont='entypo-fontello' title='' data-avia-related-tooltip='Compartir en Whatsapp' rel=\"noopener\"><span class='avia_hidden_link_text'>Compartir en Whatsapp<\/span><\/a><\/li><li class='av-share-link av-social-link-linkedin' ><a target=\"_blank\" aria-label=\"Compartir en LinkedIn\" href='https:\/\/linkedin.com\/shareArticle?mini=true&#038;title=INJUV%20realiza%20conversatorio%20de%20salud%20f%C3%ADsica%20y%20mental%20con%20j%C3%B3venes%20y%20agrupaciones%20de%20la%20sociedad%20civil&#038;url=https:\/\/radiorevelacionfm.cl\/?p=24035' aria-hidden='false' data-av_icon='\ue8fc' data-av_iconfont='entypo-fontello' title='' data-avia-related-tooltip='Compartir en LinkedIn' rel=\"noopener\"><span class='avia_hidden_link_text'>Compartir en LinkedIn<\/span><\/a><\/li><li class='av-share-link av-social-link-mail' ><a  aria-label=\"Compartir por correo\" href='mailto:?subject=INJUV%20realiza%20conversatorio%20de%20salud%20f%C3%ADsica%20y%20mental%20con%20j%C3%B3venes%20y%20agrupaciones%20de%20la%20sociedad%20civil&#038;body=https:\/\/radiorevelacionfm.cl\/?p=24035' aria-hidden='false' data-av_icon='\ue805' data-av_iconfont='entypo-fontello' title='' data-avia-related-tooltip='Compartir por correo'><span class='avia_hidden_link_text'>Compartir por correo<\/span><\/a><\/li><\/ul><\/div><\/div>\n<div  style='height:50px' class='hr hr-invisible   avia-builder-el-8  el_after_av_social_share  el_before_av_comments_list '><span class='hr-inner ' ><span class='hr-inner-style'><\/span><\/span><\/div>\n<div  class='av-buildercomment  av-blog-meta-html-info-disabled av-blog-meta-tag-disabled  '><\/div>\n","protected":false},"excerpt":{"rendered":"","protected":false},"author":1,"featured_media":24036,"comment_status":"open","ping_status":"open","sticky":false,"template":"","format":"standard","meta":{"footnotes":""},"categories":[38],"tags":[],"class_list":["post-24035","post","type-post","status-publish","format-standard","has-post-thumbnail","hentry","category-regional"],"jetpack_featured_media_url":"https:\/\/radiorevelacionfm.cl\/wp-content\/uploads\/2022\/11\/foto-1-28-1-1.jpg","_links":{"self":[{"href":"https:\/\/radiorevelacionfm.cl\/index.php?rest_route=\/wp\/v2\/posts\/24035","targetHints":{"allow":["GET"]}}],"collection":[{"href":"https:\/\/radiorevelacionfm.cl\/index.php?rest_route=\/wp\/v2\/posts"}],"about":[{"href":"https:\/\/radiorevelacionfm.cl\/index.php?rest_route=\/wp\/v2\/types\/post"}],"author":[{"embeddable":true,"href":"https:\/\/radiorevelacionfm.cl\/index.php?rest_route=\/wp\/v2\/users\/1"}],"replies":[{"embeddable":true,"href":"https:\/\/radiorevelacionfm.cl\/index.php?rest_route=%2Fwp%2Fv2%2Fcomments&post=24035"}],"version-history":[{"count":2,"href":"https:\/\/radiorevelacionfm.cl\/index.php?rest_route=\/wp\/v2\/posts\/24035\/revisions"}],"predecessor-version":[{"id":24041,"href":"https:\/\/radiorevelacionfm.cl\/index.php?rest_route=\/wp\/v2\/posts\/24035\/revisions\/24041"}],"wp:featuredmedia":[{"embeddable":true,"href":"https:\/\/radiorevelacionfm.cl\/index.php?rest_route=\/wp\/v2\/media\/24036"}],"wp:attachment":[{"href":"https:\/\/radiorevelacionfm.cl\/index.php?rest_route=%2Fwp%2Fv2%2Fmedia&parent=24035"}],"wp:term":[{"taxonomy":"category","embeddable":true,"href":"https:\/\/radiorevelacionfm.cl\/index.php?rest_route=%2Fwp%2Fv2%2Fcategories&post=24035"},{"taxonomy":"post_tag","embeddable":true,"href":"https:\/\/radiorevelacionfm.cl\/index.php?rest_route=%2Fwp%2Fv2%2Ftags&post=24035"}],"curies":[{"name":"wp","href":"https:\/\/api.w.org\/{rel}","templated":true}]}}