{"id":24032,"date":"2022-11-11T10:09:06","date_gmt":"2022-11-11T13:09:06","guid":{"rendered":"https:\/\/radiorevelacionfm.cl\/?p=24032"},"modified":"2022-11-11T10:09:06","modified_gmt":"2022-11-11T13:09:06","slug":"gobernadora-regional-reanuda-trabajos-con-la-mesa-de-patrimonio","status":"publish","type":"post","link":"https:\/\/radiorevelacionfm.cl\/?p=24032","title":{"rendered":"Gobernadora Regional reanuda trabajos con la Mesa de Patrimonio"},"content":{"rendered":"<div class=\"flex_column av_one_full  flex_column_div av-zero-column-padding first  avia-builder-el-0  el_before_av_one_full  avia-builder-el-first  \" style='border-radius:0px; '><div  class='avia-image-container  av-styling-    avia-builder-el-1  avia-builder-el-no-sibling  avia-align-center '  itemprop=\"image\" itemscope=\"itemscope\" itemtype=\"https:\/\/schema.org\/ImageObject\"  ><div class='avia-image-container-inner'><div class='avia-image-overlay-wrap'><img decoding=\"async\" class='wp-image-24033 avia-img-lazy-loading-not-24033 avia_image' src=\"https:\/\/radiorevelacionfm.cl\/wp-content\/uploads\/2022\/11\/WhatsApp-Image-2022-11-08-at-5.48.14-PM-1.jpeg\" alt='' title='WhatsApp Image 2022-11-08 at 5.48.14 PM (1)' height=\"600\" width=\"900\"  itemprop=\"thumbnailUrl\" srcset=\"https:\/\/radiorevelacionfm.cl\/wp-content\/uploads\/2022\/11\/WhatsApp-Image-2022-11-08-at-5.48.14-PM-1.jpeg 900w, https:\/\/radiorevelacionfm.cl\/wp-content\/uploads\/2022\/11\/WhatsApp-Image-2022-11-08-at-5.48.14-PM-1-300x200.jpeg 300w, https:\/\/radiorevelacionfm.cl\/wp-content\/uploads\/2022\/11\/WhatsApp-Image-2022-11-08-at-5.48.14-PM-1-768x512.jpeg 768w, https:\/\/radiorevelacionfm.cl\/wp-content\/uploads\/2022\/11\/WhatsApp-Image-2022-11-08-at-5.48.14-PM-1-705x470.jpeg 705w, https:\/\/radiorevelacionfm.cl\/wp-content\/uploads\/2022\/11\/WhatsApp-Image-2022-11-08-at-5.48.14-PM-1-600x400.jpeg 600w\" sizes=\"(max-width: 900px) 100vw, 900px\" \/><\/div><\/div><\/div><\/div><div class=\"flex_column av_one_full  flex_column_div av-zero-column-padding first  avia-builder-el-2  el_after_av_one_full  el_before_av_one_full  column-top-margin\" style='border-radius:0px; '><section class=\"av_textblock_section \"  itemscope=\"itemscope\" itemtype=\"https:\/\/schema.org\/BlogPosting\" itemprop=\"blogPost\" ><div class='avia_textblock  '   itemprop=\"text\" ><p style=\"text-align: center;\"><strong><span style=\"font-size: 18pt;\">Gobernadora Regional reanuda trabajos con la Mesa de Patrimonio<\/span><\/strong><\/p>\n<div id=\"gtx-trans\" style=\"position: absolute; left: -50px; top: 4.31534px;\">\n<div class=\"gtx-trans-icon\"><\/div>\n<\/div>\n<\/div><\/section><\/div><div class=\"flex_column av_one_full  flex_column_div av-zero-column-padding first  avia-builder-el-4  el_after_av_one_full  el_before_av_hr  column-top-margin\" style='border-radius:0px; '><section class=\"av_textblock_section \"  itemscope=\"itemscope\" itemtype=\"https:\/\/schema.org\/BlogPosting\" itemprop=\"blogPost\" ><div class='avia_textblock  '   itemprop=\"text\" ><p dir=\"ltr\" style=\"text-align: justify;\">Desde el 2016, aproximadamente, la \u00abMesa de Patrimonio\u00bb sesion\u00f3 por \u00faltima vez. La Gobernadora Regional, Andrea Mac\u00edas Palma, reanud\u00f3 el trabajo en conjunto con distintos representantes del sector p\u00fablico, su prop\u00f3sito es impulsar nuevos patrimonios en la Regi\u00f3n de Ays\u00e9n y as\u00ed resaltar la base hist\u00f3rica y tur\u00edstica local.<\/p>\n<p dir=\"ltr\" style=\"text-align: justify;\">La Gobernadora Regional indic\u00f3 que es relevante retomar el trabajo, ya que es fundamental para el desarrollo de la regi\u00f3n, para la identidad de la misma y una oportunidad de vincularse con espacios productivos. Adem\u00e1s, agreg\u00f3 que \u00abbuscamos a trav\u00e9s de esta mesa, articular a todos los sectores que tienen injerencia en la materia y poder trabajar de manera conjunta, colaborativa y planificada en una cartera de proyectos que permita ir poniendo en valor el patrimonio de nuestra regi\u00f3n\u00bb, dijo la primera autoridad regional.<\/p>\n<p dir=\"ltr\" style=\"text-align: justify;\">Uno de los principales objetivos de la Mesa de Patrimonio es rescatar la historia de los primeros colonos de la Regi\u00f3n de Ays\u00e9n, considerando viviendas, iglesias, locales, espacios comunes y tambi\u00e9n las historias.<\/p>\n<p dir=\"ltr\" style=\"text-align: justify;\">La Mesa de Patrimonio est\u00e1 conformada por secretarios y secretarias regionales ministeriales, representante del Consejo Regional, Servicio Nacional del Patrimonio Cultural, Consejo de Monumentos Nacionales y representantes de la sociedad civil.<\/p>\n<p dir=\"ltr\" style=\"text-align: justify;\">Uno de los integrantes, el director del Servicio Nacional del Patrimonio Cultural de la Regi\u00f3n de Ays\u00e9n, Jos\u00e9 Mansilla, agradeci\u00f3 la reanudaci\u00f3n de la mesa. \u00abNos permite generar sinergia entre todas las instituciones p\u00fablicas que formamos parte de la mesa m\u00e1s la comunidad, para llevar a cabo proyectos asociados al patrimonio. Tanto los que ya tenemos declarados como monumentos hist\u00f3ricos, como otros que han sido detectados a trav\u00e9s de catastros y estudios\u00bb.<\/p>\n<p dir=\"ltr\" style=\"text-align: justify;\">En la ceremonia de reinauguraci\u00f3n de la mesa expuso la directora de Arquitectura de la Seremi de Obras P\u00fablicas, Paola Az\u00f3car, para informar sobre los avances que hay desde el 2008 en relaci\u00f3n al patrimonio material e inmaterial, los desaf\u00edos tras varios a\u00f1os sin analizar la material y cu\u00e1les con los objetivos que se esperan.<\/p>\n<p dir=\"ltr\" style=\"text-align: justify;\">\u00abLo que esperamos nosotros es poder llegar a tener una cartera de proyectos que identifique cu\u00e1les son las prioridades en t\u00e9rminos de patrimonios. Que tenga componentes, cierto, de una distribuci\u00f3n equitativa dentro del territorio que reconozca las riquezas y las potencialidades que tiene cada una de las localidades en esta regi\u00f3n y permita tener una comunicaci\u00f3n constante con aquellas instituciones que est\u00e1n involucradas, de alguna y otra forma, al que hacer patrimonial de la regi\u00f3n\u00bb, indic\u00f3 Paola Az\u00f3car, directora de Arquitectura de la Seremi de Obras P\u00fablicas de la Regi\u00f3n de Ays\u00e9n.<\/p>\n<p dir=\"ltr\" style=\"text-align: justify;\">La Mesa de Patrimonio sesionar\u00e1 cada dos meses para discutir los avances y desaf\u00edos y estar\u00e1 a cargo de la Divisi\u00f3n de Infraestructura y Transporte del Gobierno Regional de Ays\u00e9n.<\/p>\n<p dir=\"ltr\" style=\"text-align: justify;\">Para el Consejero Regional por la Provincia de Ays\u00e9n, Marco Gillibrand, es de gran importancia retomar el trabajo. \u00abCreo que lo vamos a lograr a cabalidad, porque todo el mundo tiene las ganas de tener un buen museo, que ya lo tenemos, pero que tambi\u00e9n las otras localidades tambi\u00e9n las tengan y apoyar a todos los centros culturales para poder recoger todo lo que es la historia de nuestra regi\u00f3n\u00bb.<\/p>\n<\/div><\/section><\/div><div  style='height:50px' class='hr hr-invisible   avia-builder-el-6  el_after_av_one_full  el_before_av_social_share '><span class='hr-inner ' ><span class='hr-inner-style'><\/span><\/span><\/div><\/p>\n<div  class='av-social-sharing-box  avia-builder-el-7  el_after_av_hr  el_before_av_hr  '><div class='av-share-box'><h5 class='av-share-link-description av-no-toc '>Compartir esta noticia<\/h5><ul class='av-share-box-list noLightbox'><li class='av-share-link av-social-link-facebook' ><a target=\"_blank\" aria-label=\"Compartir en Facebook\" href='https:\/\/www.facebook.com\/sharer.php?u=https:\/\/radiorevelacionfm.cl\/?p=24032&#038;t=Gobernadora%20Regional%20reanuda%20trabajos%20con%20la%20Mesa%20de%20Patrimonio' aria-hidden='false' data-av_icon='\ue8f3' data-av_iconfont='entypo-fontello' title='' data-avia-related-tooltip='Compartir en Facebook' rel=\"noopener\"><span class='avia_hidden_link_text'>Compartir en Facebook<\/span><\/a><\/li><li class='av-share-link av-social-link-twitter' ><a target=\"_blank\" aria-label=\"Compartir en Twitter\" href='https:\/\/twitter.com\/share?text=Gobernadora%20Regional%20reanuda%20trabajos%20con%20la%20Mesa%20de%20Patrimonio&#038;url=https:\/\/radiorevelacionfm.cl\/?p=24032' aria-hidden='false' data-av_icon='\ue8f1' data-av_iconfont='entypo-fontello' title='' data-avia-related-tooltip='Compartir en Twitter' rel=\"noopener\"><span class='avia_hidden_link_text'>Compartir en Twitter<\/span><\/a><\/li><li class='av-share-link av-social-link-whatsapp' ><a target=\"_blank\" aria-label=\"Compartir en Whatsapp\" href='https:\/\/api.whatsapp.com\/send?text=https:\/\/radiorevelacionfm.cl\/?p=24032' aria-hidden='false' data-av_icon='\uf232' data-av_iconfont='entypo-fontello' title='' data-avia-related-tooltip='Compartir en Whatsapp' rel=\"noopener\"><span class='avia_hidden_link_text'>Compartir en Whatsapp<\/span><\/a><\/li><li class='av-share-link av-social-link-linkedin' ><a target=\"_blank\" aria-label=\"Compartir en LinkedIn\" href='https:\/\/linkedin.com\/shareArticle?mini=true&#038;title=Gobernadora%20Regional%20reanuda%20trabajos%20con%20la%20Mesa%20de%20Patrimonio&#038;url=https:\/\/radiorevelacionfm.cl\/?p=24032' aria-hidden='false' data-av_icon='\ue8fc' data-av_iconfont='entypo-fontello' title='' data-avia-related-tooltip='Compartir en LinkedIn' rel=\"noopener\"><span class='avia_hidden_link_text'>Compartir en LinkedIn<\/span><\/a><\/li><li class='av-share-link av-social-link-mail' ><a  aria-label=\"Compartir por correo\" href='mailto:?subject=Gobernadora%20Regional%20reanuda%20trabajos%20con%20la%20Mesa%20de%20Patrimonio&#038;body=https:\/\/radiorevelacionfm.cl\/?p=24032' aria-hidden='false' data-av_icon='\ue805' data-av_iconfont='entypo-fontello' title='' data-avia-related-tooltip='Compartir por correo'><span class='avia_hidden_link_text'>Compartir por correo<\/span><\/a><\/li><\/ul><\/div><\/div>\n<div  style='height:50px' class='hr hr-invisible   avia-builder-el-8  el_after_av_social_share  el_before_av_comments_list '><span class='hr-inner ' ><span class='hr-inner-style'><\/span><\/span><\/div>\n<div  class='av-buildercomment  av-blog-meta-html-info-disabled av-blog-meta-tag-disabled  '><\/div>\n","protected":false},"excerpt":{"rendered":"","protected":false},"author":1,"featured_media":24033,"comment_status":"open","ping_status":"open","sticky":false,"template":"","format":"standard","meta":{"footnotes":""},"categories":[52],"tags":[],"class_list":["post-24032","post","type-post","status-publish","format-standard","has-post-thumbnail","hentry","category-cultura"],"jetpack_featured_media_url":"https:\/\/radiorevelacionfm.cl\/wp-content\/uploads\/2022\/11\/WhatsApp-Image-2022-11-08-at-5.48.14-PM-1.jpeg","_links":{"self":[{"href":"https:\/\/radiorevelacionfm.cl\/index.php?rest_route=\/wp\/v2\/posts\/24032","targetHints":{"allow":["GET"]}}],"collection":[{"href":"https:\/\/radiorevelacionfm.cl\/index.php?rest_route=\/wp\/v2\/posts"}],"about":[{"href":"https:\/\/radiorevelacionfm.cl\/index.php?rest_route=\/wp\/v2\/types\/post"}],"author":[{"embeddable":true,"href":"https:\/\/radiorevelacionfm.cl\/index.php?rest_route=\/wp\/v2\/users\/1"}],"replies":[{"embeddable":true,"href":"https:\/\/radiorevelacionfm.cl\/index.php?rest_route=%2Fwp%2Fv2%2Fcomments&post=24032"}],"version-history":[{"count":2,"href":"https:\/\/radiorevelacionfm.cl\/index.php?rest_route=\/wp\/v2\/posts\/24032\/revisions"}],"predecessor-version":[{"id":24051,"href":"https:\/\/radiorevelacionfm.cl\/index.php?rest_route=\/wp\/v2\/posts\/24032\/revisions\/24051"}],"wp:featuredmedia":[{"embeddable":true,"href":"https:\/\/radiorevelacionfm.cl\/index.php?rest_route=\/wp\/v2\/media\/24033"}],"wp:attachment":[{"href":"https:\/\/radiorevelacionfm.cl\/index.php?rest_route=%2Fwp%2Fv2%2Fmedia&parent=24032"}],"wp:term":[{"taxonomy":"category","embeddable":true,"href":"https:\/\/radiorevelacionfm.cl\/index.php?rest_route=%2Fwp%2Fv2%2Fcategories&post=24032"},{"taxonomy":"post_tag","embeddable":true,"href":"https:\/\/radiorevelacionfm.cl\/index.php?rest_route=%2Fwp%2Fv2%2Ftags&post=24032"}],"curies":[{"name":"wp","href":"https:\/\/api.w.org\/{rel}","templated":true}]}}