{"id":2403,"date":"2021-02-04T21:05:41","date_gmt":"2021-02-05T00:05:41","guid":{"rendered":"https:\/\/radiorevelacionfm.cl\/?p=2403"},"modified":"2021-02-04T21:05:41","modified_gmt":"2021-02-05T00:05:41","slug":"abrupto-termino-de-conectividad-aerea-entre-villa-ohiggins-y-coyhaique-genero-malestar-en-la-comunidad-local","status":"publish","type":"post","link":"https:\/\/radiorevelacionfm.cl\/?p=2403","title":{"rendered":"Abrupto t\u00e9rmino de conectividad a\u00e9rea entre Villa O\u2019Higgins y Coyhaique gener\u00f3 malestar en la comunidad local"},"content":{"rendered":"<div class=\"flex_column av_one_full  flex_column_div av-zero-column-padding first  avia-builder-el-0  el_before_av_one_full  avia-builder-el-first  \" style='border-radius:0px; '><div  class='avia-image-container  av-styling-    avia-builder-el-1  avia-builder-el-no-sibling  avia-align-center '  itemprop=\"image\" itemscope=\"itemscope\" itemtype=\"https:\/\/schema.org\/ImageObject\"  ><div class='avia-image-container-inner'><div class='avia-image-overlay-wrap'><img decoding=\"async\" class='wp-image-0 avia-img-lazy-loading-not-0 avia_image' src=\"https:\/\/radiorevelacionfm.cl\/wp-content\/uploads\/2021\/02\/imagen-2_1.jpeg\" alt='' title=''   itemprop=\"thumbnailUrl\"  \/><\/div><\/div><\/div><\/div><div class=\"flex_column av_one_full  flex_column_div av-zero-column-padding first  avia-builder-el-2  el_after_av_one_full  el_before_av_one_full  column-top-margin\" style='border-radius:0px; '><section class=\"av_textblock_section \"  itemscope=\"itemscope\" itemtype=\"https:\/\/schema.org\/BlogPosting\" itemprop=\"blogPost\" ><div class='avia_textblock  '   itemprop=\"text\" ><p style=\"text-align: center;\"><strong><span style=\"font-size: 18pt;\">Abrupto t\u00e9rmino de conectividad a\u00e9rea entre Villa O\u2019Higgins y Coyhaique gener\u00f3 malestar en la comunidad local<\/span><\/strong><\/p>\n<div id=\"gtx-trans\" style=\"position: absolute; left: -50px; top: 4.31534px;\">\n<div class=\"gtx-trans-icon\"><\/div>\n<\/div>\n<\/div><\/section><\/div><div class=\"flex_column av_one_full  flex_column_div av-zero-column-padding first  avia-builder-el-4  el_after_av_one_full  el_before_av_hr  column-top-margin\" style='border-radius:0px; '><section class=\"av_textblock_section \"  itemscope=\"itemscope\" itemtype=\"https:\/\/schema.org\/BlogPosting\" itemprop=\"blogPost\" ><div class='avia_textblock  '   itemprop=\"text\" ><p style=\"text-align: justify;\">Muestras PCR y ex\u00e1menes cardiovasculares quedaron sin poder enviarse ante el inesperado fin de los vuelos.<\/p>\n<p style=\"text-align: justify;\">Hace aproximadamente tres semanas, se dio el vamos a un nuevo subsidio a\u00e9reo entre Coyhaique y Villa O\u2019Higgins, anhelo que se ve\u00eda concretado tras el anuncio por parte del Seremi de Transportes Fabi\u00e1n Rojas.<\/p>\n<p style=\"text-align: justify;\">Esta situaci\u00f3n, que en su momento gener\u00f3 alegr\u00eda, se transform\u00f3 en frustraci\u00f3n para la localidad, ya que una descoordinaci\u00f3n entre el Ministerio de Transportes y la empresa Aerocord impidi\u00f3 que los vuelos continuaran.<\/p>\n<p style=\"text-align: justify;\">\u201cEl d\u00eda 11 de enero del presente a\u00f1o, est\u00e1bamos todos felices, con el nuevo subsidio a\u00e9reo con aeronave Grand Caravan, que cubrir\u00eda la ruta a\u00e9rea, Coyhaique \u2013 Villa O\u2019Higgins \u2013 Coyhaique. Esta alegr\u00eda nos dur\u00f3 menos de un mes, ya que el jueves 04, sin previo aviso, ni desde la Seremi de Transportes ni de la empresa, se dej\u00f3 una vez m\u00e1s sin conectividad a\u00e9rea a nuestra comuna\u201d, indic\u00f3 el alcalde de la comuna Roberto Recabal.<\/p>\n<p style=\"text-align: justify;\">La situaci\u00f3n dej\u00f3 en una fr\u00e1gil condici\u00f3n la ya dificultosa conectividad entre la austral localidad y el centro poblado m\u00e1s grande de la regi\u00f3n, gener\u00e1ndose diversos inconvenientes que tiene molestos y frustrados a sus habitantes.<\/p>\n<p style=\"text-align: justify;\">Al respecto, la autoridad local manifest\u00f3 que \u201ccomo representante de esta comunidad, hago llegar el malestar generalizado que ha ocasionado esta decisi\u00f3n, tanto en los pasajeros que ten\u00edan que abordar en Coyhaique, como los que ten\u00edan programada su salida de nuestra capital comunal. Lo que agrava m\u00e1s la situaci\u00f3n es que no se pudieron enviar muestras de test PCR y ex\u00e1menes cardiovasculares que solo duran dos horas, esperamos que a la brevedad posible se retome este servicio que es vital para esta austral comuna\u201d.<\/p>\n<p style=\"text-align: justify;\">Ni la empresa que se adjudic\u00f3 el subsidio para conectar la comuna con Coyhaique, ni la Seremi de Transportes se han referido p\u00fablicamente a esta situaci\u00f3n, que genera diversos inconvenientes a los habitantes de Villa O&#8217;Higgins, ubicada a m\u00e1s de 570 kil\u00f3metros de la capital regional.<\/p>\n<\/div><\/section><\/div><div  style='height:50px' class='hr hr-invisible   avia-builder-el-6  el_after_av_one_full  el_before_av_social_share '><span class='hr-inner ' ><span class='hr-inner-style'><\/span><\/span><\/div><\/p>\n<div  class='av-social-sharing-box  avia-builder-el-7  el_after_av_hr  el_before_av_hr  '><div class='av-share-box'><h5 class='av-share-link-description av-no-toc '>Compartir esta noticia<\/h5><ul class='av-share-box-list noLightbox'><li class='av-share-link av-social-link-facebook' ><a target=\"_blank\" aria-label=\"Compartir en Facebook\" href='https:\/\/www.facebook.com\/sharer.php?u=https:\/\/radiorevelacionfm.cl\/?p=2403&#038;t=Abrupto%20t%C3%A9rmino%20de%20conectividad%20a%C3%A9rea%20entre%20Villa%20O%E2%80%99Higgins%20y%20Coyhaique%20gener%C3%B3%20malestar%20en%20la%20comunidad%20local' aria-hidden='false' data-av_icon='\ue8f3' data-av_iconfont='entypo-fontello' title='' data-avia-related-tooltip='Compartir en Facebook' rel=\"noopener\"><span class='avia_hidden_link_text'>Compartir en Facebook<\/span><\/a><\/li><li class='av-share-link av-social-link-twitter' ><a target=\"_blank\" aria-label=\"Compartir en Twitter\" href='https:\/\/twitter.com\/share?text=Abrupto%20t%C3%A9rmino%20de%20conectividad%20a%C3%A9rea%20entre%20Villa%20O%E2%80%99Higgins%20y%20Coyhaique%20gener%C3%B3%20malestar%20en%20la%20comunidad%20local&#038;url=https:\/\/radiorevelacionfm.cl\/?p=2403' aria-hidden='false' data-av_icon='\ue8f1' data-av_iconfont='entypo-fontello' title='' data-avia-related-tooltip='Compartir en Twitter' rel=\"noopener\"><span class='avia_hidden_link_text'>Compartir en Twitter<\/span><\/a><\/li><li class='av-share-link av-social-link-whatsapp' ><a target=\"_blank\" aria-label=\"Compartir en Whatsapp\" href='https:\/\/api.whatsapp.com\/send?text=https:\/\/radiorevelacionfm.cl\/?p=2403' aria-hidden='false' data-av_icon='\uf232' data-av_iconfont='entypo-fontello' title='' data-avia-related-tooltip='Compartir en Whatsapp' rel=\"noopener\"><span class='avia_hidden_link_text'>Compartir en Whatsapp<\/span><\/a><\/li><li class='av-share-link av-social-link-linkedin' ><a target=\"_blank\" aria-label=\"Compartir en LinkedIn\" href='https:\/\/linkedin.com\/shareArticle?mini=true&#038;title=Abrupto%20t%C3%A9rmino%20de%20conectividad%20a%C3%A9rea%20entre%20Villa%20O%E2%80%99Higgins%20y%20Coyhaique%20gener%C3%B3%20malestar%20en%20la%20comunidad%20local&#038;url=https:\/\/radiorevelacionfm.cl\/?p=2403' aria-hidden='false' data-av_icon='\ue8fc' data-av_iconfont='entypo-fontello' title='' data-avia-related-tooltip='Compartir en LinkedIn' rel=\"noopener\"><span class='avia_hidden_link_text'>Compartir en LinkedIn<\/span><\/a><\/li><li class='av-share-link av-social-link-mail' ><a  aria-label=\"Compartir por correo\" href='mailto:?subject=Abrupto%20t%C3%A9rmino%20de%20conectividad%20a%C3%A9rea%20entre%20Villa%20O%E2%80%99Higgins%20y%20Coyhaique%20gener%C3%B3%20malestar%20en%20la%20comunidad%20local&#038;body=https:\/\/radiorevelacionfm.cl\/?p=2403' aria-hidden='false' data-av_icon='\ue805' data-av_iconfont='entypo-fontello' title='' data-avia-related-tooltip='Compartir por correo'><span class='avia_hidden_link_text'>Compartir por correo<\/span><\/a><\/li><\/ul><\/div><\/div>\n<div  style='height:50px' class='hr hr-invisible   avia-builder-el-8  el_after_av_social_share  el_before_av_comments_list '><span class='hr-inner ' ><span class='hr-inner-style'><\/span><\/span><\/div>\n<div  class='av-buildercomment  av-blog-meta-html-info-disabled av-blog-meta-tag-disabled  '><\/div>\n","protected":false},"excerpt":{"rendered":"","protected":false},"author":1,"featured_media":0,"comment_status":"open","ping_status":"open","sticky":false,"template":"","format":"standard","meta":{"footnotes":""},"categories":[38],"tags":[],"class_list":["post-2403","post","type-post","status-publish","format-standard","hentry","category-regional"],"jetpack_featured_media_url":"","_links":{"self":[{"href":"https:\/\/radiorevelacionfm.cl\/index.php?rest_route=\/wp\/v2\/posts\/2403","targetHints":{"allow":["GET"]}}],"collection":[{"href":"https:\/\/radiorevelacionfm.cl\/index.php?rest_route=\/wp\/v2\/posts"}],"about":[{"href":"https:\/\/radiorevelacionfm.cl\/index.php?rest_route=\/wp\/v2\/types\/post"}],"author":[{"embeddable":true,"href":"https:\/\/radiorevelacionfm.cl\/index.php?rest_route=\/wp\/v2\/users\/1"}],"replies":[{"embeddable":true,"href":"https:\/\/radiorevelacionfm.cl\/index.php?rest_route=%2Fwp%2Fv2%2Fcomments&post=2403"}],"version-history":[{"count":1,"href":"https:\/\/radiorevelacionfm.cl\/index.php?rest_route=\/wp\/v2\/posts\/2403\/revisions"}],"predecessor-version":[{"id":2405,"href":"https:\/\/radiorevelacionfm.cl\/index.php?rest_route=\/wp\/v2\/posts\/2403\/revisions\/2405"}],"wp:attachment":[{"href":"https:\/\/radiorevelacionfm.cl\/index.php?rest_route=%2Fwp%2Fv2%2Fmedia&parent=2403"}],"wp:term":[{"taxonomy":"category","embeddable":true,"href":"https:\/\/radiorevelacionfm.cl\/index.php?rest_route=%2Fwp%2Fv2%2Fcategories&post=2403"},{"taxonomy":"post_tag","embeddable":true,"href":"https:\/\/radiorevelacionfm.cl\/index.php?rest_route=%2Fwp%2Fv2%2Ftags&post=2403"}],"curies":[{"name":"wp","href":"https:\/\/api.w.org\/{rel}","templated":true}]}}