{"id":24026,"date":"2022-11-11T09:39:47","date_gmt":"2022-11-11T12:39:47","guid":{"rendered":"https:\/\/radiorevelacionfm.cl\/?p=24026"},"modified":"2022-11-11T09:39:47","modified_gmt":"2022-11-11T12:39:47","slug":"seremi-de-energia-destaca-promulgacion-de-la-ley-de-almacenamiento-y-electromovilidad","status":"publish","type":"post","link":"https:\/\/radiorevelacionfm.cl\/?p=24026","title":{"rendered":"Seremi de Energ\u00eda destaca promulgaci\u00f3n de la Ley de Almacenamiento y Electromovilidad"},"content":{"rendered":"<div class=\"flex_column av_one_full  flex_column_div av-zero-column-padding first  avia-builder-el-0  el_before_av_one_full  avia-builder-el-first  \" style='border-radius:0px; '><div  class='avia-image-container  av-styling-    avia-builder-el-1  avia-builder-el-no-sibling  avia-align-center '  itemprop=\"image\" itemscope=\"itemscope\" itemtype=\"https:\/\/schema.org\/ImageObject\"  ><div class='avia-image-container-inner'><div class='avia-image-overlay-wrap'><img decoding=\"async\" class='wp-image-24027 avia-img-lazy-loading-not-24027 avia_image' src=\"https:\/\/radiorevelacionfm.cl\/wp-content\/uploads\/2022\/11\/u5a1479_a-1_optimized.jpg\" alt='' title='_u5a1479_a-(1)_optimized' height=\"600\" width=\"1067\"  itemprop=\"thumbnailUrl\" srcset=\"https:\/\/radiorevelacionfm.cl\/wp-content\/uploads\/2022\/11\/u5a1479_a-1_optimized.jpg 1067w, https:\/\/radiorevelacionfm.cl\/wp-content\/uploads\/2022\/11\/u5a1479_a-1_optimized-300x169.jpg 300w, https:\/\/radiorevelacionfm.cl\/wp-content\/uploads\/2022\/11\/u5a1479_a-1_optimized-1030x579.jpg 1030w, https:\/\/radiorevelacionfm.cl\/wp-content\/uploads\/2022\/11\/u5a1479_a-1_optimized-768x432.jpg 768w, https:\/\/radiorevelacionfm.cl\/wp-content\/uploads\/2022\/11\/u5a1479_a-1_optimized-705x396.jpg 705w, https:\/\/radiorevelacionfm.cl\/wp-content\/uploads\/2022\/11\/u5a1479_a-1_optimized-600x337.jpg 600w\" sizes=\"(max-width: 1067px) 100vw, 1067px\" \/><\/div><\/div><\/div><\/div><div class=\"flex_column av_one_full  flex_column_div av-zero-column-padding first  avia-builder-el-2  el_after_av_one_full  el_before_av_one_full  column-top-margin\" style='border-radius:0px; '><section class=\"av_textblock_section \"  itemscope=\"itemscope\" itemtype=\"https:\/\/schema.org\/BlogPosting\" itemprop=\"blogPost\" ><div class='avia_textblock  '   itemprop=\"text\" ><p style=\"text-align: center;\"><strong><span style=\"font-size: 18pt;\">Seremi de Energ\u00eda destaca promulgaci\u00f3n de la Ley de Almacenamiento y Electromovilidad<\/span><\/strong><\/p>\n<div id=\"gtx-trans\" style=\"position: absolute; left: -50px; top: 4.31534px;\">\n<div class=\"gtx-trans-icon\"><\/div>\n<\/div>\n<\/div><\/section><\/div><div class=\"flex_column av_one_full  flex_column_div av-zero-column-padding first  avia-builder-el-4  el_after_av_one_full  el_before_av_hr  column-top-margin\" style='border-radius:0px; '><section class=\"av_textblock_section \"  itemscope=\"itemscope\" itemtype=\"https:\/\/schema.org\/BlogPosting\" itemprop=\"blogPost\" ><div class='avia_textblock  '   itemprop=\"text\" ><p style=\"text-align: justify;\">El Seremi de Energ\u00eda de Ays\u00e9n, Carlos D\u00edaz, destac\u00f3 la nueva norma jur\u00eddica presentada en diciembre del 2021 que promueve la participaci\u00f3n de energ\u00edas renovables en la matriz el\u00e9ctrica, permitiendo su acopio y evitando el vertimiento de la producci\u00f3n generada.<\/p>\n<p style=\"text-align: justify;\">En una ceremonia presidida por el ministro de Energ\u00eda, Diego Pardow, se oficializ\u00f3 la iniciativa legal que se aprob\u00f3 por unanimidad en el Congreso en octubre pasado y que tiene por meta lograr que Chile sea carbono neutral antes de 2050.<\/p>\n<p style=\"text-align: justify;\">En este sentido la autoridad nacional de energ\u00eda destac\u00f3 que \u201cel primer tiempo de las pol\u00edticas p\u00fablicas para el fomento de energ\u00edas renovables fue el que culmina con el hito que representa que la capacidad de generaci\u00f3n con energ\u00edas variables supere al carb\u00f3n en el agregado. Ahora se inicia un segundo tiempo que permitir\u00e1 el desarrollo de energ\u00edas renovables flexibles, es decir Incentivar el uso tecnolog\u00edas limpias que permitan al sistema responder durante los peak de demanda de manera de dejar de depender de los combustibles f\u00f3siles\u201d.<\/p>\n<p style=\"text-align: justify;\">Por su parte el Seremi D\u00edaz explic\u00f3 que \u201cestamos contra el tiempo, y debemos poner nuestros mejores esfuerzos para evitar que el cambio clim\u00e1tico siga avanzando. En ese sentido, es necesario trabajar en varios frentes, y el almacenamiento y la electromovilidad son dos medidas cruciales para fortalecer y profundizar la transici\u00f3n energ\u00e9tica\u201d.<\/p>\n<p style=\"text-align: justify;\"><strong>Ley de Almacenamiento y Electromovilidad<\/strong><\/p>\n<p style=\"text-align: justify;\">Esta ley es el resultado de un trabajo caracterizado porque las medidas energ\u00e9ticas en Chile son pol\u00edticas p\u00fablicas estables, que trascienden a los gobiernos y que muestran el compromiso que viene hace d\u00e9cadas para impulsar el fomento de las energ\u00edas renovables.<\/p>\n<p style=\"text-align: justify;\">Entre sus principales caracter\u00edsticas, est\u00e1 el que habilitar\u00e1 que los proyectos de almacenamiento puro, es decir, aquellos sistemas que no est\u00e1n asociados a centrales de generaci\u00f3n, se les pague por inyectar energ\u00eda al sistema el\u00e9ctrico y por estar disponibles en los momentos de mayor demanda.<\/p>\n<p style=\"text-align: justify;\">Por otra parte, la ley permitir\u00e1 la aceleraci\u00f3n del retiro de centrales a carb\u00f3n, entregando mayor seguridad al sistema el\u00e9ctrico, y avanzando en el proceso de descarbonizaci\u00f3n.<\/p>\n<p style=\"text-align: justify;\">La iniciativa legal tambi\u00e9n considera el impulso de la electromovilidad por medio de est\u00edmulos para migrar a este tipo de tecnolog\u00eda. Por ejemplo, la norma rebajar\u00e1 transitoriamente por 8 a\u00f1os el costo de los permisos de circulaci\u00f3n de los veh\u00edculos el\u00e9ctricos para equipararlo con el de autom\u00f3viles de combusti\u00f3n interna, los que son cerca de un 65% m\u00e1s baratos. En los primeros dos a\u00f1os existir\u00e1 una eximici\u00f3n total, la cual ir\u00e1 disminuyendo gradualmente hasta el octavo a\u00f1o.<\/p>\n<\/div><\/section><\/div><div  style='height:50px' class='hr hr-invisible   avia-builder-el-6  el_after_av_one_full  el_before_av_social_share '><span class='hr-inner ' ><span class='hr-inner-style'><\/span><\/span><\/div><\/p>\n<div  class='av-social-sharing-box  avia-builder-el-7  el_after_av_hr  el_before_av_hr  '><div class='av-share-box'><h5 class='av-share-link-description av-no-toc '>Compartir esta noticia<\/h5><ul class='av-share-box-list noLightbox'><li class='av-share-link av-social-link-facebook' ><a target=\"_blank\" aria-label=\"Compartir en Facebook\" href='https:\/\/www.facebook.com\/sharer.php?u=https:\/\/radiorevelacionfm.cl\/?p=24026&#038;t=Seremi%20de%20Energ%C3%ADa%20destaca%20promulgaci%C3%B3n%20de%20la%20Ley%20de%20Almacenamiento%20y%20Electromovilidad' aria-hidden='false' data-av_icon='\ue8f3' data-av_iconfont='entypo-fontello' title='' data-avia-related-tooltip='Compartir en Facebook' rel=\"noopener\"><span class='avia_hidden_link_text'>Compartir en Facebook<\/span><\/a><\/li><li class='av-share-link av-social-link-twitter' ><a target=\"_blank\" aria-label=\"Compartir en Twitter\" href='https:\/\/twitter.com\/share?text=Seremi%20de%20Energ%C3%ADa%20destaca%20promulgaci%C3%B3n%20de%20la%20Ley%20de%20Almacenamiento%20y%20Electromovilidad&#038;url=https:\/\/radiorevelacionfm.cl\/?p=24026' aria-hidden='false' data-av_icon='\ue8f1' data-av_iconfont='entypo-fontello' title='' data-avia-related-tooltip='Compartir en Twitter' rel=\"noopener\"><span class='avia_hidden_link_text'>Compartir en Twitter<\/span><\/a><\/li><li class='av-share-link av-social-link-whatsapp' ><a target=\"_blank\" aria-label=\"Compartir en Whatsapp\" href='https:\/\/api.whatsapp.com\/send?text=https:\/\/radiorevelacionfm.cl\/?p=24026' aria-hidden='false' data-av_icon='\uf232' data-av_iconfont='entypo-fontello' title='' data-avia-related-tooltip='Compartir en Whatsapp' rel=\"noopener\"><span class='avia_hidden_link_text'>Compartir en Whatsapp<\/span><\/a><\/li><li class='av-share-link av-social-link-linkedin' ><a target=\"_blank\" aria-label=\"Compartir en LinkedIn\" href='https:\/\/linkedin.com\/shareArticle?mini=true&#038;title=Seremi%20de%20Energ%C3%ADa%20destaca%20promulgaci%C3%B3n%20de%20la%20Ley%20de%20Almacenamiento%20y%20Electromovilidad&#038;url=https:\/\/radiorevelacionfm.cl\/?p=24026' aria-hidden='false' data-av_icon='\ue8fc' data-av_iconfont='entypo-fontello' title='' data-avia-related-tooltip='Compartir en LinkedIn' rel=\"noopener\"><span class='avia_hidden_link_text'>Compartir en LinkedIn<\/span><\/a><\/li><li class='av-share-link av-social-link-mail' ><a  aria-label=\"Compartir por correo\" href='mailto:?subject=Seremi%20de%20Energ%C3%ADa%20destaca%20promulgaci%C3%B3n%20de%20la%20Ley%20de%20Almacenamiento%20y%20Electromovilidad&#038;body=https:\/\/radiorevelacionfm.cl\/?p=24026' aria-hidden='false' data-av_icon='\ue805' data-av_iconfont='entypo-fontello' title='' data-avia-related-tooltip='Compartir por correo'><span class='avia_hidden_link_text'>Compartir por correo<\/span><\/a><\/li><\/ul><\/div><\/div>\n<div  style='height:50px' class='hr hr-invisible   avia-builder-el-8  el_after_av_social_share  el_before_av_comments_list '><span class='hr-inner ' ><span class='hr-inner-style'><\/span><\/span><\/div>\n<div  class='av-buildercomment  av-blog-meta-html-info-disabled av-blog-meta-tag-disabled  '><\/div>\n","protected":false},"excerpt":{"rendered":"","protected":false},"author":1,"featured_media":24027,"comment_status":"open","ping_status":"open","sticky":false,"template":"","format":"standard","meta":{"footnotes":""},"categories":[38],"tags":[],"class_list":["post-24026","post","type-post","status-publish","format-standard","has-post-thumbnail","hentry","category-regional"],"jetpack_featured_media_url":"https:\/\/radiorevelacionfm.cl\/wp-content\/uploads\/2022\/11\/u5a1479_a-1_optimized.jpg","_links":{"self":[{"href":"https:\/\/radiorevelacionfm.cl\/index.php?rest_route=\/wp\/v2\/posts\/24026","targetHints":{"allow":["GET"]}}],"collection":[{"href":"https:\/\/radiorevelacionfm.cl\/index.php?rest_route=\/wp\/v2\/posts"}],"about":[{"href":"https:\/\/radiorevelacionfm.cl\/index.php?rest_route=\/wp\/v2\/types\/post"}],"author":[{"embeddable":true,"href":"https:\/\/radiorevelacionfm.cl\/index.php?rest_route=\/wp\/v2\/users\/1"}],"replies":[{"embeddable":true,"href":"https:\/\/radiorevelacionfm.cl\/index.php?rest_route=%2Fwp%2Fv2%2Fcomments&post=24026"}],"version-history":[{"count":2,"href":"https:\/\/radiorevelacionfm.cl\/index.php?rest_route=\/wp\/v2\/posts\/24026\/revisions"}],"predecessor-version":[{"id":24046,"href":"https:\/\/radiorevelacionfm.cl\/index.php?rest_route=\/wp\/v2\/posts\/24026\/revisions\/24046"}],"wp:featuredmedia":[{"embeddable":true,"href":"https:\/\/radiorevelacionfm.cl\/index.php?rest_route=\/wp\/v2\/media\/24027"}],"wp:attachment":[{"href":"https:\/\/radiorevelacionfm.cl\/index.php?rest_route=%2Fwp%2Fv2%2Fmedia&parent=24026"}],"wp:term":[{"taxonomy":"category","embeddable":true,"href":"https:\/\/radiorevelacionfm.cl\/index.php?rest_route=%2Fwp%2Fv2%2Fcategories&post=24026"},{"taxonomy":"post_tag","embeddable":true,"href":"https:\/\/radiorevelacionfm.cl\/index.php?rest_route=%2Fwp%2Fv2%2Ftags&post=24026"}],"curies":[{"name":"wp","href":"https:\/\/api.w.org\/{rel}","templated":true}]}}