{"id":24023,"date":"2022-11-10T17:30:50","date_gmt":"2022-11-10T20:30:50","guid":{"rendered":"https:\/\/radiorevelacionfm.cl\/?p=24023"},"modified":"2022-11-10T17:30:50","modified_gmt":"2022-11-10T20:30:50","slug":"con-mas-de-50-expositores-se-inicia-la-feria-de-las-culturas-aysen-2022","status":"publish","type":"post","link":"https:\/\/radiorevelacionfm.cl\/?p=24023","title":{"rendered":"Con m\u00e1s de 50 expositores se inicia la Feria de las Culturas Ays\u00e9n 2022"},"content":{"rendered":"<div class=\"flex_column av_one_full  flex_column_div av-zero-column-padding first  avia-builder-el-0  el_before_av_one_full  avia-builder-el-first  \" style='border-radius:0px; '><div  class='avia-image-container  av-styling-    avia-builder-el-1  avia-builder-el-no-sibling  avia-align-center '  itemprop=\"image\" itemscope=\"itemscope\" itemtype=\"https:\/\/schema.org\/ImageObject\"  ><div class='avia-image-container-inner'><div class='avia-image-overlay-wrap'><img decoding=\"async\" class='wp-image-24024 avia-img-lazy-loading-not-24024 avia_image' src=\"https:\/\/radiorevelacionfm.cl\/wp-content\/uploads\/2022\/11\/feria-8-2-1-1.jpg\" alt='' title='feria 8-2 (1) (1)' height=\"600\" width=\"899\"  itemprop=\"thumbnailUrl\" srcset=\"https:\/\/radiorevelacionfm.cl\/wp-content\/uploads\/2022\/11\/feria-8-2-1-1.jpg 899w, https:\/\/radiorevelacionfm.cl\/wp-content\/uploads\/2022\/11\/feria-8-2-1-1-300x200.jpg 300w, https:\/\/radiorevelacionfm.cl\/wp-content\/uploads\/2022\/11\/feria-8-2-1-1-768x513.jpg 768w, https:\/\/radiorevelacionfm.cl\/wp-content\/uploads\/2022\/11\/feria-8-2-1-1-705x471.jpg 705w, https:\/\/radiorevelacionfm.cl\/wp-content\/uploads\/2022\/11\/feria-8-2-1-1-600x400.jpg 600w\" sizes=\"(max-width: 899px) 100vw, 899px\" \/><\/div><\/div><\/div><\/div><div class=\"flex_column av_one_full  flex_column_div av-zero-column-padding first  avia-builder-el-2  el_after_av_one_full  el_before_av_one_full  column-top-margin\" style='border-radius:0px; '><section class=\"av_textblock_section \"  itemscope=\"itemscope\" itemtype=\"https:\/\/schema.org\/BlogPosting\" itemprop=\"blogPost\" ><div class='avia_textblock  '   itemprop=\"text\" ><p style=\"text-align: center;\"><span style=\"font-size: 18pt;\"><b class=\"v1ContentPasted0\">Con m\u00e1s de 50 expositores se inicia la Feria de las Culturas Ays\u00e9n 2022<\/b><\/span><\/p>\n<div id=\"gtx-trans\" style=\"position: absolute; left: -50px; top: 4.31534px;\">\n<div class=\"gtx-trans-icon\"><\/div>\n<\/div>\n<\/div><\/section><\/div><div class=\"flex_column av_one_full  flex_column_div av-zero-column-padding first  avia-builder-el-4  el_after_av_one_full  el_before_av_hr  column-top-margin\" style='border-radius:0px; '><section class=\"av_textblock_section \"  itemscope=\"itemscope\" itemtype=\"https:\/\/schema.org\/BlogPosting\" itemprop=\"blogPost\" ><div class='avia_textblock  '   itemprop=\"text\" ><p style=\"text-align: justify;\">La Plaza Pentagonal de Coyhaique ser\u00e1 durante los siguientes tres d\u00edas el epicentro de la actividad art\u00edstica y cultural de la ciudad. M\u00e1s de 50 expositores, entre artesanas, artistas visuales, representantes de comunidades migrantes y del mundo gastron\u00f3mico, estar\u00e1n con sus obras y productos en la Feria de las Culturas Ays\u00e9n 2022, organizada por la Unidad de Ciudadan\u00eda de la Seremi de Culturas Ays\u00e9n y la Agrupaci\u00f3n Gremial Artesanos de Ays\u00e9n.<\/p>\n<p style=\"text-align: justify;\">El seremi de Culturas Ays\u00e9n, Felipe Quiroz, dijo que \u201cestamos ante una importante actividad de reactivaci\u00f3n cultural en que el espacio p\u00fablico vuelve a ser protagonista del quehacer cultural. Estaremos 3 d\u00edas reunidos con artesanas, artistas visuales, fot\u00f3grafos, cultores gastron\u00f3micos, agentes de las comunidades migrantes y artistas esc\u00e9nicos en la Plaza Pentagonal, por lo que invitamos a vecinos y vecinas a que vengan y disfruten en familia de esta masiva muestra art\u00edstico cultural que hemos preparado con mucho cari\u00f1o para los vecinos y vecinas\u201d.<\/p>\n<p style=\"text-align: justify;\">La Feria de las Culturas Ays\u00e9n 2022 contempla n\u00fameros musicales, una muestra gastron\u00f3mica, m\u00e1s de 50 stands con artesanas y artesanos de O\u2019Higgins, Lago Verde, Ib\u00e1\u00f1ez, Puerto Ays\u00e9n, Coyhaique, Cochrane, Cisnes, Melinka, Chile Chico, Arroyo El Gato y Cerro Galera, y una serie de presentaciones de artes esc\u00e9nicas basadas en el proyecto Tu Cultura en Im\u00e1genes.<\/p>\n<p style=\"text-align: justify;\">La artesana y presidenta de la Agrupaci\u00f3n Gremial Artesanos de Ays\u00e9n, Carolina Vargas, dijo que \u201cestoy muy contenta de participar de esta fiesta de las culturas y feliz de ver a mi pares, la calidad de las artesan\u00edas que se est\u00e1n presentando\u201d.<\/p>\n<p style=\"text-align: justify;\">Durante la ceremonia inaugural, se entregaron los Premios Regionales de las Culturas, las Artes y el Patrimonio a las artesanas Carol Epuyao y Carolina Vargas, y al artista Rodrigo Lizama, en las categor\u00edas mineral, animal y vegetal, respectivamente.<\/p>\n<p style=\"text-align: justify;\">La Feria de las Culturas Ays\u00e9n 2022 est\u00e1 pensada para toda la familia. Los ni\u00f1os, ni\u00f1as y j\u00f3venes podr\u00e1n disfrutar de Cuentacuentos y de los laboratorios de Cecrea, de Convergencia Ciber Punk y de Naturaleza. Financia la Seremi de Culturas Ays\u00e9n y Artesan\u00edas de Chile. Colaboran Indap Ays\u00e9n y la Seremi de la Mujer y Equidad de G\u00e9nero de la Regi\u00f3n de Ays\u00e9n.<\/p>\n<\/div><\/section><\/div><div  style='height:50px' class='hr hr-invisible   avia-builder-el-6  el_after_av_one_full  el_before_av_social_share '><span class='hr-inner ' ><span class='hr-inner-style'><\/span><\/span><\/div><\/p>\n<div  class='av-social-sharing-box  avia-builder-el-7  el_after_av_hr  el_before_av_hr  '><div class='av-share-box'><h5 class='av-share-link-description av-no-toc '>Compartir esta noticia<\/h5><ul class='av-share-box-list noLightbox'><li class='av-share-link av-social-link-facebook' ><a target=\"_blank\" aria-label=\"Compartir en Facebook\" href='https:\/\/www.facebook.com\/sharer.php?u=https:\/\/radiorevelacionfm.cl\/?p=24023&#038;t=Con%20m%C3%A1s%20de%2050%20expositores%20se%20inicia%20la%20Feria%20de%20las%20Culturas%20Ays%C3%A9n%202022' aria-hidden='false' data-av_icon='\ue8f3' data-av_iconfont='entypo-fontello' title='' data-avia-related-tooltip='Compartir en Facebook' rel=\"noopener\"><span class='avia_hidden_link_text'>Compartir en Facebook<\/span><\/a><\/li><li class='av-share-link av-social-link-twitter' ><a target=\"_blank\" aria-label=\"Compartir en Twitter\" href='https:\/\/twitter.com\/share?text=Con%20m%C3%A1s%20de%2050%20expositores%20se%20inicia%20la%20Feria%20de%20las%20Culturas%20Ays%C3%A9n%202022&#038;url=https:\/\/radiorevelacionfm.cl\/?p=24023' aria-hidden='false' data-av_icon='\ue8f1' data-av_iconfont='entypo-fontello' title='' data-avia-related-tooltip='Compartir en Twitter' rel=\"noopener\"><span class='avia_hidden_link_text'>Compartir en Twitter<\/span><\/a><\/li><li class='av-share-link av-social-link-whatsapp' ><a target=\"_blank\" aria-label=\"Compartir en Whatsapp\" href='https:\/\/api.whatsapp.com\/send?text=https:\/\/radiorevelacionfm.cl\/?p=24023' aria-hidden='false' data-av_icon='\uf232' data-av_iconfont='entypo-fontello' title='' data-avia-related-tooltip='Compartir en Whatsapp' rel=\"noopener\"><span class='avia_hidden_link_text'>Compartir en Whatsapp<\/span><\/a><\/li><li class='av-share-link av-social-link-linkedin' ><a target=\"_blank\" aria-label=\"Compartir en LinkedIn\" href='https:\/\/linkedin.com\/shareArticle?mini=true&#038;title=Con%20m%C3%A1s%20de%2050%20expositores%20se%20inicia%20la%20Feria%20de%20las%20Culturas%20Ays%C3%A9n%202022&#038;url=https:\/\/radiorevelacionfm.cl\/?p=24023' aria-hidden='false' data-av_icon='\ue8fc' data-av_iconfont='entypo-fontello' title='' data-avia-related-tooltip='Compartir en LinkedIn' rel=\"noopener\"><span class='avia_hidden_link_text'>Compartir en LinkedIn<\/span><\/a><\/li><li class='av-share-link av-social-link-mail' ><a  aria-label=\"Compartir por correo\" href='mailto:?subject=Con%20m%C3%A1s%20de%2050%20expositores%20se%20inicia%20la%20Feria%20de%20las%20Culturas%20Ays%C3%A9n%202022&#038;body=https:\/\/radiorevelacionfm.cl\/?p=24023' aria-hidden='false' data-av_icon='\ue805' data-av_iconfont='entypo-fontello' title='' data-avia-related-tooltip='Compartir por correo'><span class='avia_hidden_link_text'>Compartir por correo<\/span><\/a><\/li><\/ul><\/div><\/div>\n<div  style='height:50px' class='hr hr-invisible   avia-builder-el-8  el_after_av_social_share  el_before_av_comments_list '><span class='hr-inner ' ><span class='hr-inner-style'><\/span><\/span><\/div>\n<div  class='av-buildercomment  av-blog-meta-html-info-disabled av-blog-meta-tag-disabled  '><\/div>\n","protected":false},"excerpt":{"rendered":"","protected":false},"author":1,"featured_media":24024,"comment_status":"open","ping_status":"open","sticky":false,"template":"","format":"standard","meta":{"footnotes":""},"categories":[52],"tags":[],"class_list":["post-24023","post","type-post","status-publish","format-standard","has-post-thumbnail","hentry","category-cultura"],"jetpack_featured_media_url":"https:\/\/radiorevelacionfm.cl\/wp-content\/uploads\/2022\/11\/feria-8-2-1-1.jpg","_links":{"self":[{"href":"https:\/\/radiorevelacionfm.cl\/index.php?rest_route=\/wp\/v2\/posts\/24023","targetHints":{"allow":["GET"]}}],"collection":[{"href":"https:\/\/radiorevelacionfm.cl\/index.php?rest_route=\/wp\/v2\/posts"}],"about":[{"href":"https:\/\/radiorevelacionfm.cl\/index.php?rest_route=\/wp\/v2\/types\/post"}],"author":[{"embeddable":true,"href":"https:\/\/radiorevelacionfm.cl\/index.php?rest_route=\/wp\/v2\/users\/1"}],"replies":[{"embeddable":true,"href":"https:\/\/radiorevelacionfm.cl\/index.php?rest_route=%2Fwp%2Fv2%2Fcomments&post=24023"}],"version-history":[{"count":2,"href":"https:\/\/radiorevelacionfm.cl\/index.php?rest_route=\/wp\/v2\/posts\/24023\/revisions"}],"predecessor-version":[{"id":24031,"href":"https:\/\/radiorevelacionfm.cl\/index.php?rest_route=\/wp\/v2\/posts\/24023\/revisions\/24031"}],"wp:featuredmedia":[{"embeddable":true,"href":"https:\/\/radiorevelacionfm.cl\/index.php?rest_route=\/wp\/v2\/media\/24024"}],"wp:attachment":[{"href":"https:\/\/radiorevelacionfm.cl\/index.php?rest_route=%2Fwp%2Fv2%2Fmedia&parent=24023"}],"wp:term":[{"taxonomy":"category","embeddable":true,"href":"https:\/\/radiorevelacionfm.cl\/index.php?rest_route=%2Fwp%2Fv2%2Fcategories&post=24023"},{"taxonomy":"post_tag","embeddable":true,"href":"https:\/\/radiorevelacionfm.cl\/index.php?rest_route=%2Fwp%2Fv2%2Ftags&post=24023"}],"curies":[{"name":"wp","href":"https:\/\/api.w.org\/{rel}","templated":true}]}}