{"id":24017,"date":"2022-11-10T16:03:48","date_gmt":"2022-11-10T19:03:48","guid":{"rendered":"https:\/\/radiorevelacionfm.cl\/?p=24017"},"modified":"2022-11-10T16:03:48","modified_gmt":"2022-11-10T19:03:48","slug":"seremi-de-vivienda-conocio-experiencias-innovadoras-sobre-vivienda-industrializada-que-se-podrian-aplicar-en-la-region","status":"publish","type":"post","link":"https:\/\/radiorevelacionfm.cl\/?p=24017","title":{"rendered":"Seremi de Vivienda conoci\u00f3 experiencias innovadoras sobre vivienda industrializada que se podr\u00edan aplicar en la regi\u00f3n"},"content":{"rendered":"<div class=\"flex_column av_one_full  flex_column_div av-zero-column-padding first  avia-builder-el-0  el_before_av_one_full  avia-builder-el-first  \" style='border-radius:0px; '><div  class='avia-image-container  av-styling-    avia-builder-el-1  avia-builder-el-no-sibling  avia-align-center '  itemprop=\"image\" itemscope=\"itemscope\" itemtype=\"https:\/\/schema.org\/ImageObject\"  ><div class='avia-image-container-inner'><div class='avia-image-overlay-wrap'><img decoding=\"async\" class='wp-image-24018 avia-img-lazy-loading-not-24018 avia_image' src=\"https:\/\/radiorevelacionfm.cl\/wp-content\/uploads\/2022\/11\/Seremi-y-Director-S-Serviu-visita-Empresa-Santiago1-1-1.jpg\" alt='' title='Seremi y Director (S) Serviu visita Empresa Santiago1 (1) (1)' height=\"600\" width=\"791\"  itemprop=\"thumbnailUrl\" srcset=\"https:\/\/radiorevelacionfm.cl\/wp-content\/uploads\/2022\/11\/Seremi-y-Director-S-Serviu-visita-Empresa-Santiago1-1-1.jpg 791w, https:\/\/radiorevelacionfm.cl\/wp-content\/uploads\/2022\/11\/Seremi-y-Director-S-Serviu-visita-Empresa-Santiago1-1-1-300x228.jpg 300w, https:\/\/radiorevelacionfm.cl\/wp-content\/uploads\/2022\/11\/Seremi-y-Director-S-Serviu-visita-Empresa-Santiago1-1-1-768x583.jpg 768w, https:\/\/radiorevelacionfm.cl\/wp-content\/uploads\/2022\/11\/Seremi-y-Director-S-Serviu-visita-Empresa-Santiago1-1-1-705x535.jpg 705w, https:\/\/radiorevelacionfm.cl\/wp-content\/uploads\/2022\/11\/Seremi-y-Director-S-Serviu-visita-Empresa-Santiago1-1-1-600x455.jpg 600w\" sizes=\"(max-width: 791px) 100vw, 791px\" \/><\/div><\/div><\/div><\/div><div class=\"flex_column av_one_full  flex_column_div av-zero-column-padding first  avia-builder-el-2  el_after_av_one_full  el_before_av_one_full  column-top-margin\" style='border-radius:0px; '><section class=\"av_textblock_section \"  itemscope=\"itemscope\" itemtype=\"https:\/\/schema.org\/BlogPosting\" itemprop=\"blogPost\" ><div class='avia_textblock  '   itemprop=\"text\" ><p style=\"text-align: center;\"><span style=\"font-size: 18pt;\"><strong>Seremi de Vivienda conoci\u00f3 experiencias innovadoras sobre vivienda industrializada que se podr\u00edan aplicar en la regi\u00f3n<\/strong><\/span><\/p>\n<div id=\"gtx-trans\" style=\"position: absolute; left: -50px; top: 4.31534px;\">\n<div class=\"gtx-trans-icon\"><\/div>\n<\/div>\n<\/div><\/section><\/div><div class=\"flex_column av_one_full  flex_column_div av-zero-column-padding first  avia-builder-el-4  el_after_av_one_full  el_before_av_hr  column-top-margin\" style='border-radius:0px; '><section class=\"av_textblock_section \"  itemscope=\"itemscope\" itemtype=\"https:\/\/schema.org\/BlogPosting\" itemprop=\"blogPost\" ><div class='avia_textblock  '   itemprop=\"text\" ><p style=\"text-align: justify;\">Con diversas reuniones y una visita a terreno para conocer experiencias innovadoras en la construcci\u00f3n de soluciones habitacionales bajo la modalidad de la vivienda industrializada, finaliz\u00f3 esta semana sus actividades en Santiago la Seremi de Vivienda y Urbanismo, Paulina Ruz Delf\u00edn, quien estuvo acompa\u00f1ada por el Director (S) del Serviu, Eduardo Navarro Carrasco y la encargada del Plan de Emergencia Habitacional de la Seremi, Natacha Pot Espi\u00f1eira.<\/p>\n<p style=\"text-align: justify;\">Explic\u00f3 la Seremi de Vivienda, Paulina Ruz, que este encuentro con representantes de la empresa TWH y posterior visita a la planta de acero de la empresa nacional Imel, se enmarcan en el Plan de Emergencia Habitacional impulsado por el Ministerio de Vivienda y Urbanismo a trav\u00e9s del Plan de Gobierno del Presidente Gabriel B\u00f3ric, entendiendo que en todas las regiones se debe propender a diversificar y mejorar las formas de acceso a la vivienda.<\/p>\n<p style=\"text-align: justify;\">\u201cHa sido una jornada muy provechosa en vista de lo que estamos proyectando para nuestra regi\u00f3n en los pr\u00f3ximos a\u00f1os, incluyendo la demanda y los desaf\u00edos que nos hemos impuesto, sobre todo en lo que se refiere a la construcci\u00f3n y entrega de viviendas sociales. Estas dos grandes empresas que pudimos conocer est\u00e1n innovando bajo el concepto de la vivienda industrializada, permitiendo con ello aminorar los tiempos tradicionales que hoy rigen en cuanto a la construcci\u00f3n de los conjuntos habitacionales. Son experiencias valiosas, de las cuales debemos sacar ense\u00f1anzas y estudiar la mejor forma de aplicar las nuevas tecnolog\u00edas en nuestra realidad, para que as\u00ed podemos avanzar m\u00e1s r\u00e1pido en la entrega de soluciones habitacionales, sin perder la calidad y el dise\u00f1o que son puntos prioritarios en nuestro trabajo \u201c, expres\u00f3 la autoridad.<\/p>\n<p style=\"text-align: justify;\">Agreg\u00f3 la Seremi que dentro de las actividades desarrolladas en la capital del pa\u00eds destaca tambi\u00e9n una provechosa jornada de trabajo con el Ministro de Vivienda, Carlos Montes, la Subsecretaria Tatiana Rojas y los Secretarios Ministeriales de la zona sur del pa\u00eds, donde se presentaron los avances del Plan de Emergencia Habitacional respecto de las distintas l\u00edneas programadas para los pr\u00f3ximos cuatro a\u00f1os, tanto a nivel regional como comunal.<\/p>\n<p style=\"text-align: justify;\">\u00a0\u201cEsto tambi\u00e9n fue muy importante, ya que el Plan de Emergencia Habitacional en marcha implica tambi\u00e9n descentralizar los beneficios que como Estado podemos garantizar a las familias del pa\u00eds, incluyendo por supuesto aquellas que habitan zonas extremas, como es el caso de nuestra regi\u00f3n de Ays\u00e9n\u201d, manifest\u00f3.<\/p>\n<p style=\"text-align: justify;\">Cabe consignar que una de las grandes tareas del Gobierno es cumplir con la meta de entregar 260 mil nuevas viviendas sociales en el pa\u00eds en los pr\u00f3ximos cuatro a\u00f1os, mil 300 de ellas en nuestra regi\u00f3n, para lo cual se est\u00e1n estudiando propuestas que permitan seguir disminuyendo los tiempos y los costos de construcci\u00f3n, experiencias que en algunos casos ya se est\u00e1n aplicando en otras regiones del pa\u00eds y se podr\u00edan empezar a utilizar a futuro en diversas localidades de nuestra extensa geograf\u00eda regional.<\/p>\n<\/div><\/section><\/div><div  style='height:50px' class='hr hr-invisible   avia-builder-el-6  el_after_av_one_full  el_before_av_social_share '><span class='hr-inner ' ><span class='hr-inner-style'><\/span><\/span><\/div><\/p>\n<div  class='av-social-sharing-box  avia-builder-el-7  el_after_av_hr  el_before_av_hr  '><div class='av-share-box'><h5 class='av-share-link-description av-no-toc '>Compartir esta noticia<\/h5><ul class='av-share-box-list noLightbox'><li class='av-share-link av-social-link-facebook' ><a target=\"_blank\" aria-label=\"Compartir en Facebook\" href='https:\/\/www.facebook.com\/sharer.php?u=https:\/\/radiorevelacionfm.cl\/?p=24017&#038;t=Seremi%20de%20Vivienda%20conoci%C3%B3%20experiencias%20innovadoras%20sobre%20vivienda%20industrializada%20que%20se%20podr%C3%ADan%20aplicar%20en%20la%20regi%C3%B3n' aria-hidden='false' data-av_icon='\ue8f3' data-av_iconfont='entypo-fontello' title='' data-avia-related-tooltip='Compartir en Facebook' rel=\"noopener\"><span class='avia_hidden_link_text'>Compartir en Facebook<\/span><\/a><\/li><li class='av-share-link av-social-link-twitter' ><a target=\"_blank\" aria-label=\"Compartir en Twitter\" href='https:\/\/twitter.com\/share?text=Seremi%20de%20Vivienda%20conoci%C3%B3%20experiencias%20innovadoras%20sobre%20vivienda%20industrializada%20que%20se%20podr%C3%ADan%20aplicar%20en%20la%20regi%C3%B3n&#038;url=https:\/\/radiorevelacionfm.cl\/?p=24017' aria-hidden='false' data-av_icon='\ue8f1' data-av_iconfont='entypo-fontello' title='' data-avia-related-tooltip='Compartir en Twitter' rel=\"noopener\"><span class='avia_hidden_link_text'>Compartir en Twitter<\/span><\/a><\/li><li class='av-share-link av-social-link-whatsapp' ><a target=\"_blank\" aria-label=\"Compartir en Whatsapp\" href='https:\/\/api.whatsapp.com\/send?text=https:\/\/radiorevelacionfm.cl\/?p=24017' aria-hidden='false' data-av_icon='\uf232' data-av_iconfont='entypo-fontello' title='' data-avia-related-tooltip='Compartir en Whatsapp' rel=\"noopener\"><span class='avia_hidden_link_text'>Compartir en Whatsapp<\/span><\/a><\/li><li class='av-share-link av-social-link-linkedin' ><a target=\"_blank\" aria-label=\"Compartir en LinkedIn\" href='https:\/\/linkedin.com\/shareArticle?mini=true&#038;title=Seremi%20de%20Vivienda%20conoci%C3%B3%20experiencias%20innovadoras%20sobre%20vivienda%20industrializada%20que%20se%20podr%C3%ADan%20aplicar%20en%20la%20regi%C3%B3n&#038;url=https:\/\/radiorevelacionfm.cl\/?p=24017' aria-hidden='false' data-av_icon='\ue8fc' data-av_iconfont='entypo-fontello' title='' data-avia-related-tooltip='Compartir en LinkedIn' rel=\"noopener\"><span class='avia_hidden_link_text'>Compartir en LinkedIn<\/span><\/a><\/li><li class='av-share-link av-social-link-mail' ><a  aria-label=\"Compartir por correo\" href='mailto:?subject=Seremi%20de%20Vivienda%20conoci%C3%B3%20experiencias%20innovadoras%20sobre%20vivienda%20industrializada%20que%20se%20podr%C3%ADan%20aplicar%20en%20la%20regi%C3%B3n&#038;body=https:\/\/radiorevelacionfm.cl\/?p=24017' aria-hidden='false' data-av_icon='\ue805' data-av_iconfont='entypo-fontello' title='' data-avia-related-tooltip='Compartir por correo'><span class='avia_hidden_link_text'>Compartir por correo<\/span><\/a><\/li><\/ul><\/div><\/div>\n<div  style='height:50px' class='hr hr-invisible   avia-builder-el-8  el_after_av_social_share  el_before_av_comments_list '><span class='hr-inner ' ><span class='hr-inner-style'><\/span><\/span><\/div>\n<div  class='av-buildercomment  av-blog-meta-html-info-disabled av-blog-meta-tag-disabled  '><\/div>\n","protected":false},"excerpt":{"rendered":"","protected":false},"author":1,"featured_media":24018,"comment_status":"open","ping_status":"open","sticky":false,"template":"","format":"standard","meta":{"footnotes":""},"categories":[57],"tags":[],"class_list":["post-24017","post","type-post","status-publish","format-standard","has-post-thumbnail","hentry","category-vivienda"],"jetpack_featured_media_url":"https:\/\/radiorevelacionfm.cl\/wp-content\/uploads\/2022\/11\/Seremi-y-Director-S-Serviu-visita-Empresa-Santiago1-1-1.jpg","_links":{"self":[{"href":"https:\/\/radiorevelacionfm.cl\/index.php?rest_route=\/wp\/v2\/posts\/24017","targetHints":{"allow":["GET"]}}],"collection":[{"href":"https:\/\/radiorevelacionfm.cl\/index.php?rest_route=\/wp\/v2\/posts"}],"about":[{"href":"https:\/\/radiorevelacionfm.cl\/index.php?rest_route=\/wp\/v2\/types\/post"}],"author":[{"embeddable":true,"href":"https:\/\/radiorevelacionfm.cl\/index.php?rest_route=\/wp\/v2\/users\/1"}],"replies":[{"embeddable":true,"href":"https:\/\/radiorevelacionfm.cl\/index.php?rest_route=%2Fwp%2Fv2%2Fcomments&post=24017"}],"version-history":[{"count":2,"href":"https:\/\/radiorevelacionfm.cl\/index.php?rest_route=\/wp\/v2\/posts\/24017\/revisions"}],"predecessor-version":[{"id":24029,"href":"https:\/\/radiorevelacionfm.cl\/index.php?rest_route=\/wp\/v2\/posts\/24017\/revisions\/24029"}],"wp:featuredmedia":[{"embeddable":true,"href":"https:\/\/radiorevelacionfm.cl\/index.php?rest_route=\/wp\/v2\/media\/24018"}],"wp:attachment":[{"href":"https:\/\/radiorevelacionfm.cl\/index.php?rest_route=%2Fwp%2Fv2%2Fmedia&parent=24017"}],"wp:term":[{"taxonomy":"category","embeddable":true,"href":"https:\/\/radiorevelacionfm.cl\/index.php?rest_route=%2Fwp%2Fv2%2Fcategories&post=24017"},{"taxonomy":"post_tag","embeddable":true,"href":"https:\/\/radiorevelacionfm.cl\/index.php?rest_route=%2Fwp%2Fv2%2Ftags&post=24017"}],"curies":[{"name":"wp","href":"https:\/\/api.w.org\/{rel}","templated":true}]}}